{"id":37543,"date":"2023-11-29T22:52:02","date_gmt":"2023-11-30T01:52:02","guid":{"rendered":"https:\/\/radiorevelacionfm.cl\/?p=37543"},"modified":"2023-11-29T22:52:02","modified_gmt":"2023-11-30T01:52:02","slug":"equipo-medico-del-hospital-de-puerto-aysen-fue-galardonado-en-el-ii-congreso-chileno-de-medicina","status":"publish","type":"post","link":"https:\/\/radiorevelacionfm.cl\/?p=37543","title":{"rendered":"Equipo m\u00e9dico del Hospital de Puerto Ays\u00e9n fue galardonado en el II Congreso Chileno de Medicina"},"content":{"rendered":"<div class=\"flex_column av_one_full  flex_column_div av-zero-column-padding first  avia-builder-el-0  el_before_av_one_full  avia-builder-el-first  \" style='border-radius:0px; '><div  class='avia-image-container  av-styling-    avia-builder-el-1  avia-builder-el-no-sibling  avia-align-center '  itemprop=\"image\" itemscope=\"itemscope\" itemtype=\"https:\/\/schema.org\/ImageObject\"  ><div class='avia-image-container-inner'><div class='avia-image-overlay-wrap'><img decoding=\"async\" class='wp-image-37544 avia-img-lazy-loading-not-37544 avia_image' src=\"https:\/\/radiorevelacionfm.cl\/wp-content\/uploads\/2023\/11\/Equipo-Hospital-Aysen-2023-11-29-1-1.jpeg\" alt='' title='Equipo Hospital Aysen 2023-11-29 (1) (1)' height=\"600\" width=\"1063\"  itemprop=\"thumbnailUrl\" srcset=\"https:\/\/radiorevelacionfm.cl\/wp-content\/uploads\/2023\/11\/Equipo-Hospital-Aysen-2023-11-29-1-1.jpeg 1063w, https:\/\/radiorevelacionfm.cl\/wp-content\/uploads\/2023\/11\/Equipo-Hospital-Aysen-2023-11-29-1-1-300x169.jpeg 300w, https:\/\/radiorevelacionfm.cl\/wp-content\/uploads\/2023\/11\/Equipo-Hospital-Aysen-2023-11-29-1-1-1030x581.jpeg 1030w, https:\/\/radiorevelacionfm.cl\/wp-content\/uploads\/2023\/11\/Equipo-Hospital-Aysen-2023-11-29-1-1-768x433.jpeg 768w, https:\/\/radiorevelacionfm.cl\/wp-content\/uploads\/2023\/11\/Equipo-Hospital-Aysen-2023-11-29-1-1-705x398.jpeg 705w, https:\/\/radiorevelacionfm.cl\/wp-content\/uploads\/2023\/11\/Equipo-Hospital-Aysen-2023-11-29-1-1-450x254.jpeg 450w, https:\/\/radiorevelacionfm.cl\/wp-content\/uploads\/2023\/11\/Equipo-Hospital-Aysen-2023-11-29-1-1-600x339.jpeg 600w\" sizes=\"(max-width: 1063px) 100vw, 1063px\" \/><\/div><\/div><\/div><\/div>\n<div class=\"flex_column av_one_full  flex_column_div av-zero-column-padding first  avia-builder-el-2  el_after_av_one_full  el_before_av_one_full  column-top-margin\" style='border-radius:0px; '><section class=\"av_textblock_section \"  itemscope=\"itemscope\" itemtype=\"https:\/\/schema.org\/BlogPosting\" itemprop=\"blogPost\" ><div class='avia_textblock  '   itemprop=\"text\" ><p style=\"font-weight: 400; text-align: center;\"><span style=\"font-size: 18pt;\"><strong>Equipo m\u00e9dico del Hospital de Puerto Ays\u00e9n fue galardonado en el II Congreso Chileno de Medicina\u00a0<\/strong><\/span><\/p>\n<div id=\"gtx-trans\" style=\"position: absolute; left: -50px; top: 4.31534px;\">\n<div class=\"gtx-trans-icon\"><\/div>\n<\/div>\n<\/div><\/section><\/div><div class=\"flex_column av_one_full  flex_column_div av-zero-column-padding first  avia-builder-el-4  el_after_av_one_full  el_before_av_hr  column-top-margin\" style='border-radius:0px; '><section class=\"av_textblock_section \"  itemscope=\"itemscope\" itemtype=\"https:\/\/schema.org\/BlogPosting\" itemprop=\"blogPost\" ><div class='avia_textblock  '   itemprop=\"text\" ><p class=\"v1MsoNormal\" style=\"text-align: justify;\"><span lang=\"ES\">El II Congreso Chileno de Medicina del Estilo de Vida, realizado en Santiago los d\u00edas 10 y 11 de noviembre tuvo como protagonista al equipo del Hospital de Puerto Ays\u00e9n en la b\u00fasqueda de soluciones tras\u00a0el aumento de enfermedades cr\u00f3nicas en todo el mundo.<\/span><\/p>\n<p class=\"v1MsoNormal\" style=\"text-align: justify;\"><span lang=\"ES\">Este fen\u00f3meno ha llevado a la necesidad de migrar hacia modelos de salud basados en valor, centrados en las personas y en la medicina de estilo de vida.<\/span><\/p>\n<p class=\"v1MsoNormal\" style=\"text-align: justify;\"><span lang=\"ES\">\u00abEsta es una visi\u00f3n que est\u00e1 cambiando la forma como abordamos la salud de nuestra comunidad, nuestro programa de \u00abEjercicio en Receta\u00bb, una iniciativa in\u00e9dita en Chile, ha demostrado que el ejercicio f\u00edsico es una medicina poderosa\u00bb explic\u00f3 el kinesi\u00f3logo Jaime Joost, de la Unidad de Rehabilitaci\u00f3n del HPA.<\/span><\/p>\n<p class=\"v1MsoNormal\" style=\"text-align: justify;\"><span lang=\"ES\">El sedentarismo, la hipertensi\u00f3n, las enfermedades cardiovasculares y el c\u00e1ncer son las principales causas de muerte en todo el mundo y pueden ser prevenidas o tratadas mediante la actividad f\u00edsica y el ejercicio.<\/span><\/p>\n<p class=\"v1MsoNormal\" style=\"text-align: justify;\"><span lang=\"ES\">\u00abEn Puerto Ays\u00e9n enfrentamos desaf\u00edos significativos en la Salud f\u00edsica y mental, sin embargo, con la colaboraci\u00f3n entre el CESFAM, el Hospital y la Municipalidad, estamos marcando una diferencia real. Tenemos pacientes que han reducido el consumo de medicamentos cr\u00f3nicos e incluso algunos han remitido su diabetes, todo gracias a un estilo de vida m\u00e1s activo y saludable\u00bb, agreg\u00f3 Joost.<\/span><\/p>\n<p class=\"v1MsoNormal\" style=\"text-align: justify;\"><span lang=\"ES\">Los resultados demostrados desde su implementaci\u00f3n por \u00abEjercicio en Receta\u00bb del Hospital de Puerto Ays\u00e9n, que promueven el uso de la actividad f\u00edsica y el ejercicio para tratar enfermedades cr\u00f3nicas, fue galardonado con el primer lugar de las iniciativas implementadas en Chile y que han demostrado un positivo impacto en la salud de las personas.<\/span><\/p>\n<p class=\"v1MsoNormal\" style=\"text-align: justify;\"><span lang=\"ES\">\u00abM\u00e1s all\u00e1 del premio nos satisface saber que esto viene a reforzar una estrategia que, a trav\u00e9s de la evidencia cient\u00edfica, marca la diferencia para nuestros pacientes. Vemos diariamente como est\u00e1n m\u00e1s felices, m\u00e1s motivados, m\u00e1s empoderados y con m\u00e1s herramientas para manejar sus enfermedades\u00bb, agreg\u00f3 la Dra. Ignacia Vald\u00e9s, subdirectora m\u00e9dica del Hospital de Puerto Ays\u00e9n.<\/span><\/p>\n<p class=\"v1MsoNormal\" style=\"text-align: justify;\"><span lang=\"ES\">Recordemos que este programa, iniciado en 2022, prescribe ejercicio f\u00edsico para hacer frente a enfermedades como la diabetes, hipertensi\u00f3n, colesterol alto, s\u00edndrome metab\u00f3lico, entre otras. Las rutinas recetadas a los pacientes son supervisadas por un profesional que gu\u00eda los ejercicios de las y los usuarios en el Polideportivo de Puerto Ays\u00e9n.<\/span><\/p>\n<p class=\"v1MsoNormal\" style=\"text-align: justify;\"><span lang=\"ES\">\u00abEl reconocimiento nos puede ayudar a cerrar nuestras brechas, tener los recursos para mantener este programa y ojal\u00e1 poder implementarlo en toda la regi\u00f3n. Estamos muy contentos y esperamos seguir contando con el apoyo de las instituciones que han respaldado esta iniciativa\u00bb, concluy\u00f3 la subdirectora m\u00e9dica del HPA.<\/span><\/p>\n<p class=\"v1MsoNormal\" style=\"text-align: justify;\"><span lang=\"ES\">Cada vez son m\u00e1s los pacientes derivados desde los CESFAM y los CECOSFs que reportan los beneficios del programa \u00abEjercicio en Receta\u00bb implementado en Puerto Ays\u00e9n y reconocido a nivel nacional como una excelente iniciativa para impactar en la salud de la comunidad de manera no farmacol\u00f3gica.<\/span><\/p>\n<\/div><\/section><\/div><\/p>\n<div  style='height:50px' class='hr hr-invisible   avia-builder-el-6  el_after_av_one_full  el_before_av_social_share '><span class='hr-inner ' ><span class='hr-inner-style'><\/span><\/span><\/div>\n<div  class='av-social-sharing-box  avia-builder-el-7  el_after_av_hr  el_before_av_hr  '><div class='av-share-box'><h5 class='av-share-link-description av-no-toc '>Compartir esta noticia<\/h5><ul class='av-share-box-list noLightbox'><li class='av-share-link av-social-link-facebook' ><a target=\"_blank\" aria-label=\"Compartir en Facebook\" href='https:\/\/www.facebook.com\/sharer.php?u=https:\/\/radiorevelacionfm.cl\/?p=37543&#038;t=Equipo%20m%C3%A9dico%20del%20Hospital%20de%20Puerto%20Ays%C3%A9n%20fue%20galardonado%20en%20el%20II%20Congreso%20Chileno%20de%20Medicina' aria-hidden='false' data-av_icon='\ue8f3' data-av_iconfont='entypo-fontello' title='' data-avia-related-tooltip='Compartir en Facebook' rel=\"noopener\"><span class='avia_hidden_link_text'>Compartir en Facebook<\/span><\/a><\/li><li class='av-share-link av-social-link-twitter' ><a target=\"_blank\" aria-label=\"Compartir en Twitter\" href='https:\/\/twitter.com\/share?text=Equipo%20m%C3%A9dico%20del%20Hospital%20de%20Puerto%20Ays%C3%A9n%20fue%20galardonado%20en%20el%20II%20Congreso%20Chileno%20de%20Medicina&#038;url=https:\/\/radiorevelacionfm.cl\/?p=37543' aria-hidden='false' data-av_icon='\ue8f1' data-av_iconfont='entypo-fontello' title='' data-avia-related-tooltip='Compartir en Twitter' rel=\"noopener\"><span class='avia_hidden_link_text'>Compartir en Twitter<\/span><\/a><\/li><li class='av-share-link av-social-link-whatsapp' ><a target=\"_blank\" aria-label=\"Compartir en Whatsapp\" href='https:\/\/api.whatsapp.com\/send?text=https:\/\/radiorevelacionfm.cl\/?p=37543' aria-hidden='false' data-av_icon='\uf232' data-av_iconfont='entypo-fontello' title='' data-avia-related-tooltip='Compartir en Whatsapp' rel=\"noopener\"><span class='avia_hidden_link_text'>Compartir en Whatsapp<\/span><\/a><\/li><li class='av-share-link av-social-link-linkedin' ><a target=\"_blank\" aria-label=\"Compartir en LinkedIn\" href='https:\/\/linkedin.com\/shareArticle?mini=true&#038;title=Equipo%20m%C3%A9dico%20del%20Hospital%20de%20Puerto%20Ays%C3%A9n%20fue%20galardonado%20en%20el%20II%20Congreso%20Chileno%20de%20Medicina&#038;url=https:\/\/radiorevelacionfm.cl\/?p=37543' aria-hidden='false' data-av_icon='\ue8fc' data-av_iconfont='entypo-fontello' title='' data-avia-related-tooltip='Compartir en LinkedIn' rel=\"noopener\"><span class='avia_hidden_link_text'>Compartir en LinkedIn<\/span><\/a><\/li><li class='av-share-link av-social-link-mail' ><a  aria-label=\"Compartir por correo\" href='mailto:?subject=Equipo%20m%C3%A9dico%20del%20Hospital%20de%20Puerto%20Ays%C3%A9n%20fue%20galardonado%20en%20el%20II%20Congreso%20Chileno%20de%20Medicina&#038;body=https:\/\/radiorevelacionfm.cl\/?p=37543' aria-hidden='false' data-av_icon='\ue805' data-av_iconfont='entypo-fontello' title='' data-avia-related-tooltip='Compartir por correo'><span class='avia_hidden_link_text'>Compartir por correo<\/span><\/a><\/li><\/ul><\/div><\/div>\n<div  style='height:50px' class='hr hr-invisible   avia-builder-el-8  el_after_av_social_share  el_before_av_comments_list '><span class='hr-inner ' ><span class='hr-inner-style'><\/span><\/span><\/div>\n<div  class='av-buildercomment  av-blog-meta-html-info-disabled av-blog-meta-tag-disabled  '><\/div>\n","protected":false},"excerpt":{"rendered":"","protected":false},"author":1,"featured_media":37544,"comment_status":"open","ping_status":"open","sticky":false,"template":"","format":"standard","meta":{"footnotes":""},"categories":[46],"tags":[],"class_list":["post-37543","post","type-post","status-publish","format-standard","has-post-thumbnail","hentry","category-salud"],"jetpack_featured_media_url":"https:\/\/radiorevelacionfm.cl\/wp-content\/uploads\/2023\/11\/Equipo-Hospital-Aysen-2023-11-29-1-1.jpeg","_links":{"self":[{"href":"https:\/\/radiorevelacionfm.cl\/index.php?rest_route=\/wp\/v2\/posts\/37543","targetHints":{"allow":["GET"]}}],"collection":[{"href":"https:\/\/radiorevelacionfm.cl\/index.php?rest_route=\/wp\/v2\/posts"}],"about":[{"href":"https:\/\/radiorevelacionfm.cl\/index.php?rest_route=\/wp\/v2\/types\/post"}],"author":[{"embeddable":true,"href":"https:\/\/radiorevelacionfm.cl\/index.php?rest_route=\/wp\/v2\/users\/1"}],"replies":[{"embeddable":true,"href":"https:\/\/radiorevelacionfm.cl\/index.php?rest_route=%2Fwp%2Fv2%2Fcomments&post=37543"}],"version-history":[{"count":2,"href":"https:\/\/radiorevelacionfm.cl\/index.php?rest_route=\/wp\/v2\/posts\/37543\/revisions"}],"predecessor-version":[{"id":37566,"href":"https:\/\/radiorevelacionfm.cl\/index.php?rest_route=\/wp\/v2\/posts\/37543\/revisions\/37566"}],"wp:featuredmedia":[{"embeddable":true,"href":"https:\/\/radiorevelacionfm.cl\/index.php?rest_route=\/wp\/v2\/media\/37544"}],"wp:attachment":[{"href":"https:\/\/radiorevelacionfm.cl\/index.php?rest_route=%2Fwp%2Fv2%2Fmedia&parent=37543"}],"wp:term":[{"taxonomy":"category","embeddable":true,"href":"https:\/\/radiorevelacionfm.cl\/index.php?rest_route=%2Fwp%2Fv2%2Fcategories&post=37543"},{"taxonomy":"post_tag","embeddable":true,"href":"https:\/\/radiorevelacionfm.cl\/index.php?rest_route=%2Fwp%2Fv2%2Ftags&post=37543"}],"curies":[{"name":"wp","href":"https:\/\/api.w.org\/{rel}","templated":true}]}}