{"id":37540,"date":"2023-11-30T09:37:02","date_gmt":"2023-11-30T12:37:02","guid":{"rendered":"https:\/\/radiorevelacionfm.cl\/?p=37540"},"modified":"2023-11-30T09:37:02","modified_gmt":"2023-11-30T12:37:02","slug":"construccion-del-nuevo-edificio-de-aduanas-en-chacabuco-presenta-un-48-de-avance","status":"publish","type":"post","link":"https:\/\/radiorevelacionfm.cl\/?p=37540","title":{"rendered":"Construcci\u00f3n del nuevo edificio de Aduanas en Chacabuco presenta un 48% de avance"},"content":{"rendered":"<div class=\"flex_column av_one_full  flex_column_div av-zero-column-padding first  avia-builder-el-0  el_before_av_one_full  avia-builder-el-first  \" style='border-radius:0px; '><div  class='avia-image-container  av-styling-    avia-builder-el-1  avia-builder-el-no-sibling  avia-align-center '  itemprop=\"image\" itemscope=\"itemscope\" itemtype=\"https:\/\/schema.org\/ImageObject\"  ><div class='avia-image-container-inner'><div class='avia-image-overlay-wrap'><img decoding=\"async\" class='wp-image-37541 avia-img-lazy-loading-not-37541 avia_image' src=\"https:\/\/radiorevelacionfm.cl\/wp-content\/uploads\/2023\/11\/Visita-construccion-aduanas-1-1.jpg\" alt='' title='Visita construcci\u00f3n aduanas 1 (1)' height=\"600\" width=\"1067\"  itemprop=\"thumbnailUrl\" srcset=\"https:\/\/radiorevelacionfm.cl\/wp-content\/uploads\/2023\/11\/Visita-construccion-aduanas-1-1.jpg 1067w, https:\/\/radiorevelacionfm.cl\/wp-content\/uploads\/2023\/11\/Visita-construccion-aduanas-1-1-300x169.jpg 300w, https:\/\/radiorevelacionfm.cl\/wp-content\/uploads\/2023\/11\/Visita-construccion-aduanas-1-1-1030x579.jpg 1030w, https:\/\/radiorevelacionfm.cl\/wp-content\/uploads\/2023\/11\/Visita-construccion-aduanas-1-1-768x432.jpg 768w, https:\/\/radiorevelacionfm.cl\/wp-content\/uploads\/2023\/11\/Visita-construccion-aduanas-1-1-705x396.jpg 705w, https:\/\/radiorevelacionfm.cl\/wp-content\/uploads\/2023\/11\/Visita-construccion-aduanas-1-1-450x253.jpg 450w, https:\/\/radiorevelacionfm.cl\/wp-content\/uploads\/2023\/11\/Visita-construccion-aduanas-1-1-600x337.jpg 600w\" sizes=\"(max-width: 1067px) 100vw, 1067px\" \/><\/div><\/div><\/div><\/div><div class=\"flex_column av_one_full  flex_column_div av-zero-column-padding first  avia-builder-el-2  el_after_av_one_full  el_before_av_one_full  column-top-margin\" style='border-radius:0px; '><section class=\"av_textblock_section \"  itemscope=\"itemscope\" itemtype=\"https:\/\/schema.org\/BlogPosting\" itemprop=\"blogPost\" ><div class='avia_textblock  '   itemprop=\"text\" ><p style=\"text-align: center;\"><strong><span style=\"font-size: 18pt;\">Construcci\u00f3n del nuevo edificio de Aduanas en Chacabuco presenta un 48% de avance<\/span><\/strong><\/p>\n<div id=\"gtx-trans\" style=\"position: absolute; left: -50px; top: 4.31534px;\">\n<div class=\"gtx-trans-icon\"><\/div>\n<\/div>\n<\/div><\/section><\/div><div class=\"flex_column av_one_full  flex_column_div av-zero-column-padding first  avia-builder-el-4  el_after_av_one_full  el_before_av_hr  column-top-margin\" style='border-radius:0px; '><section class=\"av_textblock_section \"  itemscope=\"itemscope\" itemtype=\"https:\/\/schema.org\/BlogPosting\" itemprop=\"blogPost\" ><div class='avia_textblock  '   itemprop=\"text\" ><p style=\"text-align: justify;\">En una visita guiada, el Alcalde de Ays\u00e9n, Julio Uribe Alvarado, pudo observar el progreso del que va a ser el nuevo edificio institucional de Aduanas en Puerto Chacabuco junto al Subsecretario de Obras P\u00fablicas. Una construcci\u00f3n de cerca de 1000 metros cuadrados y que lleva un 48 por ciento de avance.<\/p>\n<p style=\"text-align: justify;\">Paola Az\u00f3car, Directora Regional Arquitectura de Ays\u00e9n, se refiri\u00f3 a la raz\u00f3n de invitar al Subsecretario Herrera y al Alcalde Uribe, \u201cquisimos mostrarle los avances que ha tenido esta obra a cargo de arquitectura del MOP, es un trabajo que viene a mejorar las condiciones de habitabilidad de infraestructura de los funcionarios de aduanas y de los usuarios que deben acercarse a hacer este tr\u00e1mite ac\u00e1 en Puerto Chacabuco\u201d.<\/p>\n<p style=\"text-align: justify;\">Actualmente, la oficina de aduanas es una residencia en arriendo que cuenta con 275 metros cuadrados, por lo que, cuando se pueda utilizar el nuevo edificio, se podr\u00e1 contar con m\u00e1s de tres veces el espacio de ahora.<\/p>\n<p style=\"text-align: justify;\">El Alcalde Julio Uribe, al ver edificaci\u00f3n de la estructura de dos pisos, realiz\u00f3 preguntas acerca del tipo de aislamiento, al ser un mal presente en varias construcciones que son pensadas para otros lugares, pero se qued\u00f3 a gusto con la respuesta, ya que el lugar contar\u00e1 con las estructuras necesarias para resistir los asaltos del viento y de la lluvia caracter\u00edstica de la zona.<\/p>\n<p style=\"text-align: justify;\">El edil se mantuvo atento en la visita y tambi\u00e9n aprovech\u00f3 de hablar con el subsecretario Jos\u00e9 Andr\u00e9s Herrera, \u201cel avance est\u00e1 casi en un 50 por ciento y hemos aprovechado explicarle al subsecretario del Ministerio de Obras P\u00fablicas, varios de los problemas de conectividad que tenemos en la comuna, as\u00ed que para nosotros ha sido una reuni\u00f3n bastante exitosa\u201d.<\/p>\n<p style=\"text-align: justify;\">Las nuevas oficinas contar\u00e1n con capacidad para 30 funcionarios, con condiciones \u00f3ptimas para los trabajadores, esto provocar\u00e1 una mejorar en los tiempos de espera de los consumidores. La finalizaci\u00f3n de la obra est\u00e1 planificada para el primer trimestre del 2024.<\/p>\n<\/div><\/section><\/div><div  style='height:50px' class='hr hr-invisible   avia-builder-el-6  el_after_av_one_full  el_before_av_social_share '><span class='hr-inner ' ><span class='hr-inner-style'><\/span><\/span><\/div><\/p>\n<div  class='av-social-sharing-box  avia-builder-el-7  el_after_av_hr  el_before_av_hr  '><div class='av-share-box'><h5 class='av-share-link-description av-no-toc '>Compartir esta noticia<\/h5><ul class='av-share-box-list noLightbox'><li class='av-share-link av-social-link-facebook' ><a target=\"_blank\" aria-label=\"Compartir en Facebook\" href='https:\/\/www.facebook.com\/sharer.php?u=https:\/\/radiorevelacionfm.cl\/?p=37540&#038;t=Construcci%C3%B3n%20del%20nuevo%20edificio%20de%20Aduanas%20en%20Chacabuco%20presenta%20un%2048%25%20de%20avance' aria-hidden='false' data-av_icon='\ue8f3' data-av_iconfont='entypo-fontello' title='' data-avia-related-tooltip='Compartir en Facebook' rel=\"noopener\"><span class='avia_hidden_link_text'>Compartir en Facebook<\/span><\/a><\/li><li class='av-share-link av-social-link-twitter' ><a target=\"_blank\" aria-label=\"Compartir en Twitter\" href='https:\/\/twitter.com\/share?text=Construcci%C3%B3n%20del%20nuevo%20edificio%20de%20Aduanas%20en%20Chacabuco%20presenta%20un%2048%25%20de%20avance&#038;url=https:\/\/radiorevelacionfm.cl\/?p=37540' aria-hidden='false' data-av_icon='\ue8f1' data-av_iconfont='entypo-fontello' title='' data-avia-related-tooltip='Compartir en Twitter' rel=\"noopener\"><span class='avia_hidden_link_text'>Compartir en Twitter<\/span><\/a><\/li><li class='av-share-link av-social-link-whatsapp' ><a target=\"_blank\" aria-label=\"Compartir en Whatsapp\" href='https:\/\/api.whatsapp.com\/send?text=https:\/\/radiorevelacionfm.cl\/?p=37540' aria-hidden='false' data-av_icon='\uf232' data-av_iconfont='entypo-fontello' title='' data-avia-related-tooltip='Compartir en Whatsapp' rel=\"noopener\"><span class='avia_hidden_link_text'>Compartir en Whatsapp<\/span><\/a><\/li><li class='av-share-link av-social-link-linkedin' ><a target=\"_blank\" aria-label=\"Compartir en LinkedIn\" href='https:\/\/linkedin.com\/shareArticle?mini=true&#038;title=Construcci%C3%B3n%20del%20nuevo%20edificio%20de%20Aduanas%20en%20Chacabuco%20presenta%20un%2048%25%20de%20avance&#038;url=https:\/\/radiorevelacionfm.cl\/?p=37540' aria-hidden='false' data-av_icon='\ue8fc' data-av_iconfont='entypo-fontello' title='' data-avia-related-tooltip='Compartir en LinkedIn' rel=\"noopener\"><span class='avia_hidden_link_text'>Compartir en LinkedIn<\/span><\/a><\/li><li class='av-share-link av-social-link-mail' ><a  aria-label=\"Compartir por correo\" href='mailto:?subject=Construcci%C3%B3n%20del%20nuevo%20edificio%20de%20Aduanas%20en%20Chacabuco%20presenta%20un%2048%25%20de%20avance&#038;body=https:\/\/radiorevelacionfm.cl\/?p=37540' aria-hidden='false' data-av_icon='\ue805' data-av_iconfont='entypo-fontello' title='' data-avia-related-tooltip='Compartir por correo'><span class='avia_hidden_link_text'>Compartir por correo<\/span><\/a><\/li><\/ul><\/div><\/div>\n<div  style='height:50px' class='hr hr-invisible   avia-builder-el-8  el_after_av_social_share  el_before_av_comments_list '><span class='hr-inner ' ><span class='hr-inner-style'><\/span><\/span><\/div>\n<div  class='av-buildercomment  av-blog-meta-html-info-disabled av-blog-meta-tag-disabled  '><\/div>\n","protected":false},"excerpt":{"rendered":"","protected":false},"author":1,"featured_media":37541,"comment_status":"open","ping_status":"open","sticky":false,"template":"","format":"standard","meta":{"footnotes":""},"categories":[38],"tags":[],"class_list":["post-37540","post","type-post","status-publish","format-standard","has-post-thumbnail","hentry","category-regional"],"jetpack_featured_media_url":"https:\/\/radiorevelacionfm.cl\/wp-content\/uploads\/2023\/11\/Visita-construccion-aduanas-1-1.jpg","_links":{"self":[{"href":"https:\/\/radiorevelacionfm.cl\/index.php?rest_route=\/wp\/v2\/posts\/37540","targetHints":{"allow":["GET"]}}],"collection":[{"href":"https:\/\/radiorevelacionfm.cl\/index.php?rest_route=\/wp\/v2\/posts"}],"about":[{"href":"https:\/\/radiorevelacionfm.cl\/index.php?rest_route=\/wp\/v2\/types\/post"}],"author":[{"embeddable":true,"href":"https:\/\/radiorevelacionfm.cl\/index.php?rest_route=\/wp\/v2\/users\/1"}],"replies":[{"embeddable":true,"href":"https:\/\/radiorevelacionfm.cl\/index.php?rest_route=%2Fwp%2Fv2%2Fcomments&post=37540"}],"version-history":[{"count":1,"href":"https:\/\/radiorevelacionfm.cl\/index.php?rest_route=\/wp\/v2\/posts\/37540\/revisions"}],"predecessor-version":[{"id":37542,"href":"https:\/\/radiorevelacionfm.cl\/index.php?rest_route=\/wp\/v2\/posts\/37540\/revisions\/37542"}],"wp:featuredmedia":[{"embeddable":true,"href":"https:\/\/radiorevelacionfm.cl\/index.php?rest_route=\/wp\/v2\/media\/37541"}],"wp:attachment":[{"href":"https:\/\/radiorevelacionfm.cl\/index.php?rest_route=%2Fwp%2Fv2%2Fmedia&parent=37540"}],"wp:term":[{"taxonomy":"category","embeddable":true,"href":"https:\/\/radiorevelacionfm.cl\/index.php?rest_route=%2Fwp%2Fv2%2Fcategories&post=37540"},{"taxonomy":"post_tag","embeddable":true,"href":"https:\/\/radiorevelacionfm.cl\/index.php?rest_route=%2Fwp%2Fv2%2Ftags&post=37540"}],"curies":[{"name":"wp","href":"https:\/\/api.w.org\/{rel}","templated":true}]}}