{"id":37537,"date":"2023-11-29T21:28:24","date_gmt":"2023-11-30T00:28:24","guid":{"rendered":"https:\/\/radiorevelacionfm.cl\/?p=37537"},"modified":"2023-11-29T21:28:24","modified_gmt":"2023-11-30T00:28:24","slug":"bienes-nacionales-presenta-planificacion-de-terreno-fiscal-que-fue-desalojado-en-cochrane","status":"publish","type":"post","link":"https:\/\/radiorevelacionfm.cl\/?p=37537","title":{"rendered":"Bienes Nacionales presenta planificaci\u00f3n de terreno fiscal que fue desalojado en Cochrane"},"content":{"rendered":"<div class=\"flex_column av_one_full  flex_column_div av-zero-column-padding first  avia-builder-el-0  el_before_av_one_full  avia-builder-el-first  \" style='border-radius:0px; '><div  class='avia-image-container  av-styling-    avia-builder-el-1  avia-builder-el-no-sibling  avia-align-center '  itemprop=\"image\" itemscope=\"itemscope\" itemtype=\"https:\/\/schema.org\/ImageObject\"  ><div class='avia-image-container-inner'><div class='avia-image-overlay-wrap'><img decoding=\"async\" class='wp-image-37538 avia-img-lazy-loading-not-37538 avia_image' src=\"https:\/\/radiorevelacionfm.cl\/wp-content\/uploads\/2023\/11\/1-2023-11-29t165239_optimized.523-1.jpg\" alt='' title='1---2023-11-29t165239_optimized.523-(1)' height=\"600\" width=\"904\"  itemprop=\"thumbnailUrl\" srcset=\"https:\/\/radiorevelacionfm.cl\/wp-content\/uploads\/2023\/11\/1-2023-11-29t165239_optimized.523-1.jpg 904w, https:\/\/radiorevelacionfm.cl\/wp-content\/uploads\/2023\/11\/1-2023-11-29t165239_optimized.523-1-300x199.jpg 300w, https:\/\/radiorevelacionfm.cl\/wp-content\/uploads\/2023\/11\/1-2023-11-29t165239_optimized.523-1-768x510.jpg 768w, https:\/\/radiorevelacionfm.cl\/wp-content\/uploads\/2023\/11\/1-2023-11-29t165239_optimized.523-1-705x468.jpg 705w, https:\/\/radiorevelacionfm.cl\/wp-content\/uploads\/2023\/11\/1-2023-11-29t165239_optimized.523-1-450x299.jpg 450w, https:\/\/radiorevelacionfm.cl\/wp-content\/uploads\/2023\/11\/1-2023-11-29t165239_optimized.523-1-600x398.jpg 600w\" sizes=\"(max-width: 904px) 100vw, 904px\" \/><\/div><\/div><\/div><\/div><div class=\"flex_column av_one_full  flex_column_div av-zero-column-padding first  avia-builder-el-2  el_after_av_one_full  el_before_av_one_full  column-top-margin\" style='border-radius:0px; '><section class=\"av_textblock_section \"  itemscope=\"itemscope\" itemtype=\"https:\/\/schema.org\/BlogPosting\" itemprop=\"blogPost\" ><div class='avia_textblock  '   itemprop=\"text\" ><p style=\"text-align: center;\"><strong><span style=\"font-size: 18pt;\">Bienes Nacionales presenta planificaci\u00f3n de terreno fiscal que fue desalojado en Cochrane<\/span><\/strong><\/p>\n<div id=\"gtx-trans\" style=\"position: absolute; left: -50px; top: 4.31534px;\">\n<div class=\"gtx-trans-icon\"><\/div>\n<\/div>\n<\/div><\/section><\/div><div class=\"flex_column av_one_full  flex_column_div av-zero-column-padding first  avia-builder-el-4  el_after_av_one_full  el_before_av_hr  column-top-margin\" style='border-radius:0px; '><section class=\"av_textblock_section \"  itemscope=\"itemscope\" itemtype=\"https:\/\/schema.org\/BlogPosting\" itemprop=\"blogPost\" ><div class='avia_textblock  '   itemprop=\"text\" ><p style=\"text-align: justify;\"><em>En octubre de 2022 se produjo la ocupaci\u00f3n ilegal de 10 hect\u00e1reas y en marzo de 2023 se efectu\u00f3 el desalojo coordinado entre Bienes Nacionales, Delegaci\u00f3n de Capit\u00e1n Prat y Carabineros.<\/em><\/p>\n<p style=\"text-align: justify;\">Tras in\u00e9dito proceso de participaci\u00f3n ciudadana que contempl\u00f3 la realizaci\u00f3n de talleres de planificaci\u00f3n territorial en torno a potenciales usos del inmueble fiscal conocido como \u201cEl H\u00fangaro\u201d y que el pasado 6 de marzo fue recuperado tras el desalojo de una ocupaci\u00f3n ilegal; la Seremi de Bienes Nacionales, Irina Morend Valdebenito, junto al equipo profesional del Programa de Regularizaci\u00f3n de la Propiedad Ra\u00edz de la provincia de Capit\u00e1n Prat, financiado con recursos del Gobierno Regional de Ays\u00e9n, present\u00f3 a la comunidad el resultado final del largo trabajo participativo, actividad catalogada por los presentes como un hito en las acciones del Ministerio de Bienes Nacionales en la regi\u00f3n de Ays\u00e9n.<\/p>\n<p style=\"text-align: justify;\">M\u00e1s de 45 vecinas y vecinos y dirigentes de organizaciones se congregaron en el Sal\u00f3n Azul de Cochrane para conocer los aspectos t\u00e9cnicos de la subdivisi\u00f3n que presentar\u00e1 el inmueble fiscal de aproximadamente 10 hect\u00e1reas, terreno hist\u00f3ricamente utilizado para esparcimiento. En ese contexto, el trabajo del equipo profesional del Programa de Regularizaci\u00f3n FNDR focalizado en las comunas de Cochrane, Tortel y O\u00b4Higgins, ha sido fundamental para poder aplicar ejercicios de participaci\u00f3n ciudadana con miras a definir potenciales usos y administraci\u00f3n de la propiedad fiscal esta vez junto a la comunidad, procediendo as\u00ed a realizar distintas convocatorias abiertas y tambi\u00e9n reuniones con la Municipalidad, resultado presentado este martes 28 de noviembre,\u00a0 actividad que la seremi de Bienes Nacionales, destac\u00f3 se\u00f1alando que \u201ceste proceso lo hemos realizado durante este a\u00f1o con las organizaciones del territorio, con los vecinos de Cochrane, justamente para definir la vocaci\u00f3n de este espacio de 10 ha. y ponerlo en futura administraci\u00f3n ya sea para concesiones o arriendos\u201d, indic\u00f3 Irina Morend, agregando en su relato que \u201cla vocaci\u00f3n que definimos en este proceso participativo es: recreativo, cultural, de esparcimiento y organizaciones comunitarias; esa es la finalidad para la cual qued\u00f3 definido este inmueble fiscal y los vecinos quedan invitados a postular a partir de enero\u201d, aclar\u00f3 la autoridad regional, respecto del proceso de llamado a postulaci\u00f3n que liderar\u00e1 la Secretar\u00eda Regional Ministerial, a fin de poder dar oportunidad a diferentes organizaciones y tambi\u00e9n vecinos, respecto de postular con proyectos productivos o sociales sobre la administraci\u00f3n de uno de los doce lotes resultantes en la subdivisi\u00f3n del inmueble.<\/p>\n<p style=\"text-align: justify;\"><strong>In\u00e9dita Participaci\u00f3n Ciudadana<\/strong><\/p>\n<p style=\"text-align: justify;\">La decisi\u00f3n de la autoridad regional, de poder escuchar a la comunidad mediante mecanismos de participaci\u00f3n y trabajo junto a la comunidad, ha sido bien valorada por los asistentes como Victoria, vecina de Cochrane y representante del Comit\u00e9 Ambiental Comunal, quien destac\u00f3 que \u201cel taller me pareci\u00f3 novedoso porque desde aqu\u00ed hacia atr\u00e1s, las entregas de terrenos fiscales no hab\u00edan sido abiertas a la comunidad, entonces, me parece esta propuesta in\u00e9dita y una oportunidad para que como organizaciones podamos hacer asociatividad\u201d, afirm\u00f3, en referencia a lo se\u00f1alado por Irina Morend en la presentaci\u00f3n, donde se inst\u00f3 a las organizaciones a buscar formas de gesti\u00f3n asociativa, debido a que la disponibilidad de inmuebles fiscales no es infinita.<\/p>\n<p style=\"text-align: justify;\">Desde la Municipalidad de Cochrane, el director de Planificaci\u00f3n, Javier Castillo felicit\u00f3 la iniciativa de Bienes Nacionales, \u201cme parece muy destacable que el Ministerio, sin que necesariamente sea parte de las obligaciones que tiene, haya realizado un taller de participaci\u00f3n ciudadana, en el cual se ha definido el destino del terreno importante para el turismo, espacio familiar y espacio de relevancia para nuestra comunidad. Esto marca un precedente en cuanto a c\u00f3mo se deben tomar las decisiones, con participaci\u00f3n ciudadana, con respecto a los inmuebles fiscales y solo me queda felicitarlos por las decisiones que tomaron\u201d.<\/p>\n<p style=\"text-align: justify;\">\u201cAlrededor de diez meses hemos estado trabajando en la zonificaci\u00f3n y el destino, la mejor vocaci\u00f3n de estos terrenos y tambi\u00e9n la importancia de contar con la opini\u00f3n de quienes conocen el territorio y eso es lo que se busc\u00f3 a trav\u00e9s de estos talleres. Estamos muy contentos de la presencia del Gobierno en Terreno y de la Seremi de Bienes Nacionales en la provincia de Capit\u00e1n Prat\u201d, expres\u00f3 por su parte la delegada Marta Montiel.<\/p>\n<p style=\"text-align: justify;\">La planificaci\u00f3n del terreno de 10 hect\u00e1reas qued\u00f3 distribuida en 12 lotes, de los cuales 3 ser\u00e1n administrados por la Municipalidad de Cochrane, donde tendr\u00e1n la posibilidad de implementar proyectos comunitarios como \u00e1reas recreativas y de esparcimiento para la familia y visitantes.<\/p>\n<\/div><\/section><\/div><div  style='height:50px' class='hr hr-invisible   avia-builder-el-6  el_after_av_one_full  el_before_av_social_share '><span class='hr-inner ' ><span class='hr-inner-style'><\/span><\/span><\/div><\/p>\n<div  class='av-social-sharing-box  avia-builder-el-7  el_after_av_hr  el_before_av_hr  '><div class='av-share-box'><h5 class='av-share-link-description av-no-toc '>Compartir esta noticia<\/h5><ul class='av-share-box-list noLightbox'><li class='av-share-link av-social-link-facebook' ><a target=\"_blank\" aria-label=\"Compartir en Facebook\" href='https:\/\/www.facebook.com\/sharer.php?u=https:\/\/radiorevelacionfm.cl\/?p=37537&#038;t=Bienes%20Nacionales%20presenta%20planificaci%C3%B3n%20de%20terreno%20fiscal%20que%20fue%20desalojado%20en%20Cochrane' aria-hidden='false' data-av_icon='\ue8f3' data-av_iconfont='entypo-fontello' title='' data-avia-related-tooltip='Compartir en Facebook' rel=\"noopener\"><span class='avia_hidden_link_text'>Compartir en Facebook<\/span><\/a><\/li><li class='av-share-link av-social-link-twitter' ><a target=\"_blank\" aria-label=\"Compartir en Twitter\" href='https:\/\/twitter.com\/share?text=Bienes%20Nacionales%20presenta%20planificaci%C3%B3n%20de%20terreno%20fiscal%20que%20fue%20desalojado%20en%20Cochrane&#038;url=https:\/\/radiorevelacionfm.cl\/?p=37537' aria-hidden='false' data-av_icon='\ue8f1' data-av_iconfont='entypo-fontello' title='' data-avia-related-tooltip='Compartir en Twitter' rel=\"noopener\"><span class='avia_hidden_link_text'>Compartir en Twitter<\/span><\/a><\/li><li class='av-share-link av-social-link-whatsapp' ><a target=\"_blank\" aria-label=\"Compartir en Whatsapp\" href='https:\/\/api.whatsapp.com\/send?text=https:\/\/radiorevelacionfm.cl\/?p=37537' aria-hidden='false' data-av_icon='\uf232' data-av_iconfont='entypo-fontello' title='' data-avia-related-tooltip='Compartir en Whatsapp' rel=\"noopener\"><span class='avia_hidden_link_text'>Compartir en Whatsapp<\/span><\/a><\/li><li class='av-share-link av-social-link-linkedin' ><a target=\"_blank\" aria-label=\"Compartir en LinkedIn\" href='https:\/\/linkedin.com\/shareArticle?mini=true&#038;title=Bienes%20Nacionales%20presenta%20planificaci%C3%B3n%20de%20terreno%20fiscal%20que%20fue%20desalojado%20en%20Cochrane&#038;url=https:\/\/radiorevelacionfm.cl\/?p=37537' aria-hidden='false' data-av_icon='\ue8fc' data-av_iconfont='entypo-fontello' title='' data-avia-related-tooltip='Compartir en LinkedIn' rel=\"noopener\"><span class='avia_hidden_link_text'>Compartir en LinkedIn<\/span><\/a><\/li><li class='av-share-link av-social-link-mail' ><a  aria-label=\"Compartir por correo\" href='mailto:?subject=Bienes%20Nacionales%20presenta%20planificaci%C3%B3n%20de%20terreno%20fiscal%20que%20fue%20desalojado%20en%20Cochrane&#038;body=https:\/\/radiorevelacionfm.cl\/?p=37537' aria-hidden='false' data-av_icon='\ue805' data-av_iconfont='entypo-fontello' title='' data-avia-related-tooltip='Compartir por correo'><span class='avia_hidden_link_text'>Compartir por correo<\/span><\/a><\/li><\/ul><\/div><\/div>\n<div  style='height:50px' class='hr hr-invisible   avia-builder-el-8  el_after_av_social_share  el_before_av_comments_list '><span class='hr-inner ' ><span class='hr-inner-style'><\/span><\/span><\/div>\n<div  class='av-buildercomment  av-blog-meta-html-info-disabled av-blog-meta-tag-disabled  '><\/div>\n","protected":false},"excerpt":{"rendered":"","protected":false},"author":1,"featured_media":37538,"comment_status":"open","ping_status":"open","sticky":false,"template":"","format":"standard","meta":{"footnotes":""},"categories":[38],"tags":[],"class_list":["post-37537","post","type-post","status-publish","format-standard","has-post-thumbnail","hentry","category-regional"],"jetpack_featured_media_url":"https:\/\/radiorevelacionfm.cl\/wp-content\/uploads\/2023\/11\/1-2023-11-29t165239_optimized.523-1.jpg","_links":{"self":[{"href":"https:\/\/radiorevelacionfm.cl\/index.php?rest_route=\/wp\/v2\/posts\/37537","targetHints":{"allow":["GET"]}}],"collection":[{"href":"https:\/\/radiorevelacionfm.cl\/index.php?rest_route=\/wp\/v2\/posts"}],"about":[{"href":"https:\/\/radiorevelacionfm.cl\/index.php?rest_route=\/wp\/v2\/types\/post"}],"author":[{"embeddable":true,"href":"https:\/\/radiorevelacionfm.cl\/index.php?rest_route=\/wp\/v2\/users\/1"}],"replies":[{"embeddable":true,"href":"https:\/\/radiorevelacionfm.cl\/index.php?rest_route=%2Fwp%2Fv2%2Fcomments&post=37537"}],"version-history":[{"count":1,"href":"https:\/\/radiorevelacionfm.cl\/index.php?rest_route=\/wp\/v2\/posts\/37537\/revisions"}],"predecessor-version":[{"id":37539,"href":"https:\/\/radiorevelacionfm.cl\/index.php?rest_route=\/wp\/v2\/posts\/37537\/revisions\/37539"}],"wp:featuredmedia":[{"embeddable":true,"href":"https:\/\/radiorevelacionfm.cl\/index.php?rest_route=\/wp\/v2\/media\/37538"}],"wp:attachment":[{"href":"https:\/\/radiorevelacionfm.cl\/index.php?rest_route=%2Fwp%2Fv2%2Fmedia&parent=37537"}],"wp:term":[{"taxonomy":"category","embeddable":true,"href":"https:\/\/radiorevelacionfm.cl\/index.php?rest_route=%2Fwp%2Fv2%2Fcategories&post=37537"},{"taxonomy":"post_tag","embeddable":true,"href":"https:\/\/radiorevelacionfm.cl\/index.php?rest_route=%2Fwp%2Fv2%2Ftags&post=37537"}],"curies":[{"name":"wp","href":"https:\/\/api.w.org\/{rel}","templated":true}]}}