{"id":37532,"date":"2023-11-30T14:42:44","date_gmt":"2023-11-30T17:42:44","guid":{"rendered":"https:\/\/radiorevelacionfm.cl\/?p=37532"},"modified":"2023-11-30T14:42:44","modified_gmt":"2023-11-30T17:42:44","slug":"a-un-ano-de-entrada-en-vigencia-aysen-registra-614-deudores-en-el-registro-nacional-de-deudores-de-pensiones-de-alimentos","status":"publish","type":"post","link":"https:\/\/radiorevelacionfm.cl\/?p=37532","title":{"rendered":"A un a\u00f1o de entrada en vigencia: Ays\u00e9n registra 614 deudores en el Registro Nacional de Deudores de Pensiones de Alimentos"},"content":{"rendered":"<div class=\"flex_column av_one_full  flex_column_div av-zero-column-padding first  avia-builder-el-0  el_before_av_one_full  avia-builder-el-first  \" style='border-radius:0px; '><div  class='avia-image-container  av-styling-    avia-builder-el-1  avia-builder-el-no-sibling  avia-align-center '  itemprop=\"image\" itemscope=\"itemscope\" itemtype=\"https:\/\/schema.org\/ImageObject\"  ><div class='avia-image-container-inner'><div class='avia-image-overlay-wrap'><img decoding=\"async\" class='wp-image-37585 avia-img-lazy-loading-not-37585 avia_image' src=\"https:\/\/radiorevelacionfm.cl\/wp-content\/uploads\/2023\/11\/pension-alimenticia-1_optimized-1.jpg\" alt='' title='pension-alimenticia-(1)_optimized (1)' height=\"600\" width=\"900\"  itemprop=\"thumbnailUrl\" srcset=\"https:\/\/radiorevelacionfm.cl\/wp-content\/uploads\/2023\/11\/pension-alimenticia-1_optimized-1.jpg 900w, https:\/\/radiorevelacionfm.cl\/wp-content\/uploads\/2023\/11\/pension-alimenticia-1_optimized-1-300x200.jpg 300w, https:\/\/radiorevelacionfm.cl\/wp-content\/uploads\/2023\/11\/pension-alimenticia-1_optimized-1-768x512.jpg 768w, https:\/\/radiorevelacionfm.cl\/wp-content\/uploads\/2023\/11\/pension-alimenticia-1_optimized-1-705x470.jpg 705w, https:\/\/radiorevelacionfm.cl\/wp-content\/uploads\/2023\/11\/pension-alimenticia-1_optimized-1-450x300.jpg 450w, https:\/\/radiorevelacionfm.cl\/wp-content\/uploads\/2023\/11\/pension-alimenticia-1_optimized-1-600x400.jpg 600w\" sizes=\"(max-width: 900px) 100vw, 900px\" \/><\/div><\/div><\/div><\/div><div class=\"flex_column av_one_full  flex_column_div av-zero-column-padding first  avia-builder-el-2  el_after_av_one_full  el_before_av_one_full  column-top-margin\" style='border-radius:0px; '><section class=\"av_textblock_section \"  itemscope=\"itemscope\" itemtype=\"https:\/\/schema.org\/BlogPosting\" itemprop=\"blogPost\" ><div class='avia_textblock  '   itemprop=\"text\" ><p style=\"text-align: center;\"><strong><span style=\"font-size: 18pt;\">A un a\u00f1o de entrada en vigencia: Ays\u00e9n registra 614 deudores en el Registro Nacional de Deudores de Pensiones de Alimentos<\/span><\/strong><\/p>\n<div id=\"gtx-trans\" style=\"position: absolute; left: -50px; top: 4.31534px;\">\n<div class=\"gtx-trans-icon\"><\/div>\n<\/div>\n<\/div><\/section><\/div><\/p>\n<div class=\"flex_column av_one_full  flex_column_div av-zero-column-padding first  avia-builder-el-4  el_after_av_one_full  el_before_av_hr  column-top-margin\" style='border-radius:0px; '><section class=\"av_textblock_section \"  itemscope=\"itemscope\" itemtype=\"https:\/\/schema.org\/BlogPosting\" itemprop=\"blogPost\" ><div class='avia_textblock  '   itemprop=\"text\" ><p style=\"text-align: justify;\">A un a\u00f1o de la entrada en vigencia de la ley que crea el Registro Nacional de Deudores de Pensiones de Alimentos, en la regi\u00f3n de Ays\u00e9n actualmente son 614 personas las que se encuentran en este registro, lo que se traduce en que 795 ni\u00f1os, ni\u00f1as y adolescentes no est\u00e1n recibiendo sus respectivos pagos, esto seg\u00fan las cifras entregadas recientemente por el Registro Civil.<\/p>\n<p style=\"text-align: justify;\">Ahora, como ha sido la t\u00f3nica desde la puesta en marcha del Registro Nacional de Deudores de Pensiones de Alimentos, la comuna de Ays\u00e9n supera a Coyhaique en cuanto a cifras, siendo 319 deudores de la ciudad porte\u00f1a versus 214 de la capital regional, mientras que muy por debajo se ubican Chile Chico con 64, Cisnes con 23 y Cochrane con 20.<\/p>\n<p style=\"text-align: justify;\">Respecto a estas nuevas cifras, el Seremi de Justicia y Derechos Humanos, Samuel Navarro Castro explic\u00f3 que \u201c a un a\u00f1o de la implementaci\u00f3n del Registro Nacional de Deudores de Pensiones de Alimentos en la regi\u00f3n tenemos 614 registro vigentes, lo que habla de una consolidaci\u00f3n de una cifra que ven\u00edamos informando p\u00fablicamente, en tanto a nivel nacional estamos hablando de m\u00e1s de 172 mil deudores de Arica a Magallanes, lo que pone en manifiesto esta triste realidad en la que no se asume la corresponsabilidad, el aporte que tienen que hacer fundamentalmente los hombres, ya que el 97% de los deudores son hombres en la alimentaci\u00f3n, vestuario, salud, educaci\u00f3n y el desarrollo de los ni\u00f1os, ni\u00f1as y adolescentes, ac\u00e1 hay un llamado de atenci\u00f3n para que como ciudadan\u00eda pongamos \u00e9nfasis en este aspecto a las mam\u00e1s a quienes se les adeudan estos montos a que hagan las denuncias y demandas correspondientes ante las instancias judiciales, cuentan con el apoyo de la Corporaci\u00f3n de Asistencia Judicial para hacer estos tr\u00e1mites ante el Tribunal en los casos que se requiera y con todo el apoyo de los distintos organismos del Estado para ir reduciendo este flagelo, \u00e9sta irresponsabilidad y hoy que tenemos cifras claras, tambi\u00e9n avanzar en una mejor sociedad y que estos casi 800 ni\u00f1os y ni\u00f1as de la regi\u00f3n de Ays\u00e9n puedan contar con dichos recursos\u201d.<\/p>\n<p style=\"text-align: justify;\">Mientras que la Seremi de la Mujer y Equidad de G\u00e9nero, Andrea M\u00e9ndez Valenzuela indic\u00f3 que \u201cel Registro Nacional de Deudores de Pensiones de Alimentos ha dejado en evidencia que el incumplimiento del pago de la pensi\u00f3n de alimentos constituye un problema social grave que impacta negativamente a ni\u00f1as, ni\u00f1os y adolescentes, adem\u00e1s representa el inicio de una respuesta estatal tendiente a perseguir y asegurar el pago efectivo de la pensi\u00f3n de alimentos, como Gobierno junto con implementar esta importante ley, hemos dise\u00f1ado la Ley de Responsabilidad Parental, la cual instala mecanismos eficientes para acceder al patrimonio bancario del deudor\u201d.<\/p>\n<p style=\"text-align: justify;\">Cabe mencionar que ingresan al registro, quienes adeuden tres meses continuos sin pagar pensi\u00f3n o 5 meses discontinuos, en tanto mantenerse en este registro no solo es un dato estad\u00edstico, sino que imposibilita la realizaci\u00f3n de diversos tr\u00e1mites entre ellos la renovaci\u00f3n de licencias de conducir, obtenci\u00f3n de pasaporte, y si est\u00e1 tramitando un cr\u00e9dito en alguna entidad financiera sobre las 50 UF, la deuda de alimentos va a ser descontada de este pr\u00e9stamo, y as\u00ed una serie de otras restricciones.<\/p>\n<p style=\"text-align: justify;\">Finalmente, cabe mencionar que a nivel nacional el registro alcanza a 172 mil 458 personas, afectando con ello a 232 mil 303 ni\u00f1os, ni\u00f1as y adolescentes.<\/p>\n<\/div><\/section><\/div>\n<div  style='height:50px' class='hr hr-invisible   avia-builder-el-6  el_after_av_one_full  el_before_av_social_share '><span class='hr-inner ' ><span class='hr-inner-style'><\/span><\/span><\/div>\n<div  class='av-social-sharing-box  avia-builder-el-7  el_after_av_hr  el_before_av_hr  '><div class='av-share-box'><h5 class='av-share-link-description av-no-toc '>Compartir esta noticia<\/h5><ul class='av-share-box-list noLightbox'><li class='av-share-link av-social-link-facebook' ><a target=\"_blank\" aria-label=\"Compartir en Facebook\" href='https:\/\/www.facebook.com\/sharer.php?u=https:\/\/radiorevelacionfm.cl\/?p=37532&#038;t=A%20un%20a%C3%B1o%20de%20entrada%20en%20vigencia%3A%20Ays%C3%A9n%20registra%20614%20deudores%20en%20el%20Registro%20Nacional%20de%20Deudores%20de%20Pensiones%20de%20Alimentos' aria-hidden='false' data-av_icon='\ue8f3' data-av_iconfont='entypo-fontello' title='' data-avia-related-tooltip='Compartir en Facebook' rel=\"noopener\"><span class='avia_hidden_link_text'>Compartir en Facebook<\/span><\/a><\/li><li class='av-share-link av-social-link-twitter' ><a target=\"_blank\" aria-label=\"Compartir en Twitter\" href='https:\/\/twitter.com\/share?text=A%20un%20a%C3%B1o%20de%20entrada%20en%20vigencia%3A%20Ays%C3%A9n%20registra%20614%20deudores%20en%20el%20Registro%20Nacional%20de%20Deudores%20de%20Pensiones%20de%20Alimentos&#038;url=https:\/\/radiorevelacionfm.cl\/?p=37532' aria-hidden='false' data-av_icon='\ue8f1' data-av_iconfont='entypo-fontello' title='' data-avia-related-tooltip='Compartir en Twitter' rel=\"noopener\"><span class='avia_hidden_link_text'>Compartir en Twitter<\/span><\/a><\/li><li class='av-share-link av-social-link-whatsapp' ><a target=\"_blank\" aria-label=\"Compartir en Whatsapp\" href='https:\/\/api.whatsapp.com\/send?text=https:\/\/radiorevelacionfm.cl\/?p=37532' aria-hidden='false' data-av_icon='\uf232' data-av_iconfont='entypo-fontello' title='' data-avia-related-tooltip='Compartir en Whatsapp' rel=\"noopener\"><span class='avia_hidden_link_text'>Compartir en Whatsapp<\/span><\/a><\/li><li class='av-share-link av-social-link-linkedin' ><a target=\"_blank\" aria-label=\"Compartir en LinkedIn\" href='https:\/\/linkedin.com\/shareArticle?mini=true&#038;title=A%20un%20a%C3%B1o%20de%20entrada%20en%20vigencia%3A%20Ays%C3%A9n%20registra%20614%20deudores%20en%20el%20Registro%20Nacional%20de%20Deudores%20de%20Pensiones%20de%20Alimentos&#038;url=https:\/\/radiorevelacionfm.cl\/?p=37532' aria-hidden='false' data-av_icon='\ue8fc' data-av_iconfont='entypo-fontello' title='' data-avia-related-tooltip='Compartir en LinkedIn' rel=\"noopener\"><span class='avia_hidden_link_text'>Compartir en LinkedIn<\/span><\/a><\/li><li class='av-share-link av-social-link-mail' ><a  aria-label=\"Compartir por correo\" href='mailto:?subject=A%20un%20a%C3%B1o%20de%20entrada%20en%20vigencia%3A%20Ays%C3%A9n%20registra%20614%20deudores%20en%20el%20Registro%20Nacional%20de%20Deudores%20de%20Pensiones%20de%20Alimentos&#038;body=https:\/\/radiorevelacionfm.cl\/?p=37532' aria-hidden='false' data-av_icon='\ue805' data-av_iconfont='entypo-fontello' title='' data-avia-related-tooltip='Compartir por correo'><span class='avia_hidden_link_text'>Compartir por correo<\/span><\/a><\/li><\/ul><\/div><\/div>\n<div  style='height:50px' class='hr hr-invisible   avia-builder-el-8  el_after_av_social_share  el_before_av_comments_list '><span class='hr-inner ' ><span class='hr-inner-style'><\/span><\/span><\/div>\n<div  class='av-buildercomment  av-blog-meta-html-info-disabled av-blog-meta-tag-disabled  '><\/div>\n","protected":false},"excerpt":{"rendered":"","protected":false},"author":1,"featured_media":37585,"comment_status":"open","ping_status":"open","sticky":false,"template":"","format":"standard","meta":{"footnotes":""},"categories":[55],"tags":[],"class_list":["post-37532","post","type-post","status-publish","format-standard","has-post-thumbnail","hentry","category-justicia"],"jetpack_featured_media_url":"https:\/\/radiorevelacionfm.cl\/wp-content\/uploads\/2023\/11\/pension-alimenticia-1_optimized-1.jpg","_links":{"self":[{"href":"https:\/\/radiorevelacionfm.cl\/index.php?rest_route=\/wp\/v2\/posts\/37532","targetHints":{"allow":["GET"]}}],"collection":[{"href":"https:\/\/radiorevelacionfm.cl\/index.php?rest_route=\/wp\/v2\/posts"}],"about":[{"href":"https:\/\/radiorevelacionfm.cl\/index.php?rest_route=\/wp\/v2\/types\/post"}],"author":[{"embeddable":true,"href":"https:\/\/radiorevelacionfm.cl\/index.php?rest_route=\/wp\/v2\/users\/1"}],"replies":[{"embeddable":true,"href":"https:\/\/radiorevelacionfm.cl\/index.php?rest_route=%2Fwp%2Fv2%2Fcomments&post=37532"}],"version-history":[{"count":2,"href":"https:\/\/radiorevelacionfm.cl\/index.php?rest_route=\/wp\/v2\/posts\/37532\/revisions"}],"predecessor-version":[{"id":37586,"href":"https:\/\/radiorevelacionfm.cl\/index.php?rest_route=\/wp\/v2\/posts\/37532\/revisions\/37586"}],"wp:featuredmedia":[{"embeddable":true,"href":"https:\/\/radiorevelacionfm.cl\/index.php?rest_route=\/wp\/v2\/media\/37585"}],"wp:attachment":[{"href":"https:\/\/radiorevelacionfm.cl\/index.php?rest_route=%2Fwp%2Fv2%2Fmedia&parent=37532"}],"wp:term":[{"taxonomy":"category","embeddable":true,"href":"https:\/\/radiorevelacionfm.cl\/index.php?rest_route=%2Fwp%2Fv2%2Fcategories&post=37532"},{"taxonomy":"post_tag","embeddable":true,"href":"https:\/\/radiorevelacionfm.cl\/index.php?rest_route=%2Fwp%2Fv2%2Ftags&post=37532"}],"curies":[{"name":"wp","href":"https:\/\/api.w.org\/{rel}","templated":true}]}}