{"id":3753,"date":"2021-05-03T19:05:32","date_gmt":"2021-05-03T22:05:32","guid":{"rendered":"https:\/\/radiorevelacionfm.cl\/?p=3753"},"modified":"2021-05-03T19:05:32","modified_gmt":"2021-05-03T22:05:32","slug":"ante-demoras-en-la-construccion-de-viviendas-diputado-calisto-pide-a-minvu-que-se-otorgue-subsidios-de-arriendo-a-comite-san-luis-guanella","status":"publish","type":"post","link":"https:\/\/radiorevelacionfm.cl\/?p=3753","title":{"rendered":"Ante demoras en la construcci\u00f3n de viviendas diputado Calisto pide a Minvu que se otorgue subsidios de arriendo a comit\u00e9 San Luis Guanella"},"content":{"rendered":"<div class=\"flex_column av_one_full  flex_column_div av-zero-column-padding first  avia-builder-el-0  el_before_av_one_full  avia-builder-el-first  \" style='border-radius:0px; '><div  class='avia-image-container  av-styling-    avia-builder-el-1  avia-builder-el-no-sibling  avia-align-center '  itemprop=\"image\" itemscope=\"itemscope\" itemtype=\"https:\/\/schema.org\/ImageObject\"  ><div class='avia-image-container-inner'><div class='avia-image-overlay-wrap'><img decoding=\"async\" class='wp-image-3754 avia-img-lazy-loading-not-3754 avia_image' src=\"https:\/\/radiorevelacionfm.cl\/wp-content\/uploads\/2021\/05\/reu-san-luis-guanella_optimized.jpg\" alt='' title='reu-san-luis-guanella_optimized' height=\"512\" width=\"909\"  itemprop=\"thumbnailUrl\" srcset=\"https:\/\/radiorevelacionfm.cl\/wp-content\/uploads\/2021\/05\/reu-san-luis-guanella_optimized.jpg 909w, https:\/\/radiorevelacionfm.cl\/wp-content\/uploads\/2021\/05\/reu-san-luis-guanella_optimized-300x169.jpg 300w, https:\/\/radiorevelacionfm.cl\/wp-content\/uploads\/2021\/05\/reu-san-luis-guanella_optimized-768x433.jpg 768w, https:\/\/radiorevelacionfm.cl\/wp-content\/uploads\/2021\/05\/reu-san-luis-guanella_optimized-705x397.jpg 705w, https:\/\/radiorevelacionfm.cl\/wp-content\/uploads\/2021\/05\/reu-san-luis-guanella_optimized-600x338.jpg 600w\" sizes=\"(max-width: 909px) 100vw, 909px\" \/><\/div><\/div><\/div><\/div><div class=\"flex_column av_one_full  flex_column_div av-zero-column-padding first  avia-builder-el-2  el_after_av_one_full  el_before_av_one_full  column-top-margin\" style='border-radius:0px; '><section class=\"av_textblock_section \"  itemscope=\"itemscope\" itemtype=\"https:\/\/schema.org\/BlogPosting\" itemprop=\"blogPost\" ><div class='avia_textblock  '   itemprop=\"text\" ><p style=\"text-align: center;\"><strong><span style=\"font-size: 18pt;\">Ante demoras en la construcci\u00f3n de viviendas diputado Calisto pide a Minvu que se otorgue subsidios de arriendo a comit\u00e9 San Luis Guanella<\/span><\/strong><\/p>\n<div id=\"gtx-trans\" style=\"position: absolute; left: -50px; top: 4.31534px;\">\n<div class=\"gtx-trans-icon\"><\/div>\n<\/div>\n<\/div><\/section><\/div><div class=\"flex_column av_one_full  flex_column_div av-zero-column-padding first  avia-builder-el-4  el_after_av_one_full  el_before_av_hr  column-top-margin\" style='border-radius:0px; '><section class=\"av_textblock_section \"  itemscope=\"itemscope\" itemtype=\"https:\/\/schema.org\/BlogPosting\" itemprop=\"blogPost\" ><div class='avia_textblock  '   itemprop=\"text\" ><p style=\"font-weight: 400; text-align: justify;\">Ante el nuevo retraso y las complicaciones que han afectado la construcci\u00f3n del proyecto habitacional del Comit\u00e9 San Luis Guanella, quienes llevan m\u00e1s de once a\u00f1os esperando por cumplir el sue\u00f1o de la casa propia, el diputado Miguel \u00c1ngel Calisto le envi\u00f3 un oficio al Ministro de Vivienda, Felipe Ward, donde le solicita que se considere la entrega de forma directa un subsidio de arriendo a los socios de este comit\u00e9.<\/p>\n<p style=\"font-weight: 400; text-align: justify;\">Seg\u00fan el legislador, \u201ctuvimos una reuni\u00f3n con los socios del Comit\u00e9 San Luis Guanella y de verdad hay mucha desesperanza por los constantes atrasos y problemas que han tenido para sacar adelante su proyecto. Ellos estuvieron a\u00f1os trabajando con la EGIS municipal y debido a una serie de errores y demoras, tuvieron que cambiar a la EGIS de Serviu\u201d.<\/p>\n<p style=\"font-weight: 400; text-align: justify;\">\u201cLlevan mucho tiempo esperando, m\u00e1s de once a\u00f1os, a pesar de ser el proyecto habitacional m\u00e1s avanzado en Coyhaique, con terreno comprado y subsidios entregados. En estos momentos la empresa dej\u00f3 las obras abandonadas, por lo que se genera un problema grave respecto de las esperanzas y proyecciones de los socios\u201d, afirm\u00f3.<\/p>\n<p style=\"font-weight: 400; text-align: justify;\">Calisto agreg\u00f3 que vamos a poner toda la energ\u00eda para poder resolver esto lo antes posible.\u00a0 Hoy en la reuni\u00f3n tambi\u00e9n estuvieron presentes el Director de Serviu y el Seremi, donde le exigimos respuestas, plazos y fechas de cu\u00e1ndo se va a retomar esta construcci\u00f3n. Ellos han informado que ser\u00e1 un trato directo, nosotros esperamos que esto se haga a la brevedad para no seguir demorando el proyecto\u201d<\/p>\n<p style=\"font-weight: 400; text-align: justify;\">\u201cAdem\u00e1s, se trata de un comit\u00e9 compuesto principalmente por adultos mayores. Hay gente socios que han fallecido esperando cumplir el sue\u00f1o de la casa propia y hay otro socio que est\u00e1 en la UCI. Por eso le estamos pidiendo al Ministro de Vivienda un Subsidio de arriendo que sea directo, sin requisitos, entendiendo la situaci\u00f3n que est\u00e1n viviendo estas 39 familias\u201d, afirm\u00f3 el diputado.<\/p>\n<p style=\"font-weight: 400; text-align: justify;\">Por su parte, Paola Mar\u00edn, quien es parte de la directiva del Comit\u00e9 San Luis Guanella, asegur\u00f3 que \u201cnosotros llevamos once a\u00f1os esperando. Nunca pensamos pasar por esta situaci\u00f3n tan negativa, que se r\u00edan de nosotros. Tenemos personas con discapacidad y adultos mayores, hay un socio en la UCI, y aun as\u00ed se siguen riendo de nosotros\u201d.<\/p>\n<p style=\"font-weight: 400; text-align: justify;\">\u201cPara nosotros es muy preocupante, no encuentro la palabra para expresar toda la molestia que uno tiene. Siempre nos dicen que va todo bien, y el d\u00eda viernes pasado nos informan que pararon la obra, que la constructora no va a seguir, que hay que volver a licitar, que el terreno no est\u00e1 apto para las 39 familias que somos. Es penoso para nosotros, es frustrar nuestros sue\u00f1os como familias, se r\u00eden en nuestras caras\u201d, indic\u00f3 la dirigente.<\/p>\n<p style=\"font-weight: 400; text-align: justify;\">Finalmente, y con respecto a la solicitud que est\u00e1 haciendo el diputado Calisto para que puedan acceder a subsidios de arriendo, Paola Mar\u00edn se\u00f1al\u00f3 que \u201cle agradezco mucho al diputado, \u00e9l siempre nos ha contestado, siempre nos ha apoyado. Si resulta servir\u00eda para economizar un poco, que nos servir\u00eda de apoyo para los gastos transitorios. Estamos pasando por una \u00e9poca muy complicada y hay muchos socios que se han visto afectados econ\u00f3micamente\u201d.<\/p>\n<\/div><\/section><\/div><div  style='height:50px' class='hr hr-invisible   avia-builder-el-6  el_after_av_one_full  el_before_av_social_share '><span class='hr-inner ' ><span class='hr-inner-style'><\/span><\/span><\/div><\/p>\n<div  class='av-social-sharing-box  avia-builder-el-7  el_after_av_hr  el_before_av_hr  '><div class='av-share-box'><h5 class='av-share-link-description av-no-toc '>Compartir esta noticia<\/h5><ul class='av-share-box-list noLightbox'><li class='av-share-link av-social-link-facebook' ><a target=\"_blank\" aria-label=\"Compartir en Facebook\" href='https:\/\/www.facebook.com\/sharer.php?u=https:\/\/radiorevelacionfm.cl\/?p=3753&#038;t=Ante%20demoras%20en%20la%20construcci%C3%B3n%20de%20viviendas%20diputado%20Calisto%20pide%20a%20Minvu%20que%20se%20otorgue%20subsidios%20de%20arriendo%20a%20comit%C3%A9%20San%20Luis%20Guanella' aria-hidden='false' data-av_icon='\ue8f3' data-av_iconfont='entypo-fontello' title='' data-avia-related-tooltip='Compartir en Facebook' rel=\"noopener\"><span class='avia_hidden_link_text'>Compartir en Facebook<\/span><\/a><\/li><li class='av-share-link av-social-link-twitter' ><a target=\"_blank\" aria-label=\"Compartir en Twitter\" href='https:\/\/twitter.com\/share?text=Ante%20demoras%20en%20la%20construcci%C3%B3n%20de%20viviendas%20diputado%20Calisto%20pide%20a%20Minvu%20que%20se%20otorgue%20subsidios%20de%20arriendo%20a%20comit%C3%A9%20San%20Luis%20Guanella&#038;url=https:\/\/radiorevelacionfm.cl\/?p=3753' aria-hidden='false' data-av_icon='\ue8f1' data-av_iconfont='entypo-fontello' title='' data-avia-related-tooltip='Compartir en Twitter' rel=\"noopener\"><span class='avia_hidden_link_text'>Compartir en Twitter<\/span><\/a><\/li><li class='av-share-link av-social-link-whatsapp' ><a target=\"_blank\" aria-label=\"Compartir en Whatsapp\" href='https:\/\/api.whatsapp.com\/send?text=https:\/\/radiorevelacionfm.cl\/?p=3753' aria-hidden='false' data-av_icon='\uf232' data-av_iconfont='entypo-fontello' title='' data-avia-related-tooltip='Compartir en Whatsapp' rel=\"noopener\"><span class='avia_hidden_link_text'>Compartir en Whatsapp<\/span><\/a><\/li><li class='av-share-link av-social-link-linkedin' ><a target=\"_blank\" aria-label=\"Compartir en LinkedIn\" href='https:\/\/linkedin.com\/shareArticle?mini=true&#038;title=Ante%20demoras%20en%20la%20construcci%C3%B3n%20de%20viviendas%20diputado%20Calisto%20pide%20a%20Minvu%20que%20se%20otorgue%20subsidios%20de%20arriendo%20a%20comit%C3%A9%20San%20Luis%20Guanella&#038;url=https:\/\/radiorevelacionfm.cl\/?p=3753' aria-hidden='false' data-av_icon='\ue8fc' data-av_iconfont='entypo-fontello' title='' data-avia-related-tooltip='Compartir en LinkedIn' rel=\"noopener\"><span class='avia_hidden_link_text'>Compartir en LinkedIn<\/span><\/a><\/li><li class='av-share-link av-social-link-mail' ><a  aria-label=\"Compartir por correo\" href='mailto:?subject=Ante%20demoras%20en%20la%20construcci%C3%B3n%20de%20viviendas%20diputado%20Calisto%20pide%20a%20Minvu%20que%20se%20otorgue%20subsidios%20de%20arriendo%20a%20comit%C3%A9%20San%20Luis%20Guanella&#038;body=https:\/\/radiorevelacionfm.cl\/?p=3753' aria-hidden='false' data-av_icon='\ue805' data-av_iconfont='entypo-fontello' title='' data-avia-related-tooltip='Compartir por correo'><span class='avia_hidden_link_text'>Compartir por correo<\/span><\/a><\/li><\/ul><\/div><\/div>\n<div  style='height:50px' class='hr hr-invisible   avia-builder-el-8  el_after_av_social_share  el_before_av_comments_list '><span class='hr-inner ' ><span class='hr-inner-style'><\/span><\/span><\/div>\n<div  class='av-buildercomment  av-blog-meta-html-info-disabled av-blog-meta-tag-disabled  '><\/div>\n","protected":false},"excerpt":{"rendered":"","protected":false},"author":1,"featured_media":3754,"comment_status":"open","ping_status":"open","sticky":false,"template":"","format":"standard","meta":{"footnotes":""},"categories":[57],"tags":[],"class_list":["post-3753","post","type-post","status-publish","format-standard","has-post-thumbnail","hentry","category-vivienda"],"jetpack_featured_media_url":"https:\/\/radiorevelacionfm.cl\/wp-content\/uploads\/2021\/05\/reu-san-luis-guanella_optimized.jpg","_links":{"self":[{"href":"https:\/\/radiorevelacionfm.cl\/index.php?rest_route=\/wp\/v2\/posts\/3753","targetHints":{"allow":["GET"]}}],"collection":[{"href":"https:\/\/radiorevelacionfm.cl\/index.php?rest_route=\/wp\/v2\/posts"}],"about":[{"href":"https:\/\/radiorevelacionfm.cl\/index.php?rest_route=\/wp\/v2\/types\/post"}],"author":[{"embeddable":true,"href":"https:\/\/radiorevelacionfm.cl\/index.php?rest_route=\/wp\/v2\/users\/1"}],"replies":[{"embeddable":true,"href":"https:\/\/radiorevelacionfm.cl\/index.php?rest_route=%2Fwp%2Fv2%2Fcomments&post=3753"}],"version-history":[{"count":1,"href":"https:\/\/radiorevelacionfm.cl\/index.php?rest_route=\/wp\/v2\/posts\/3753\/revisions"}],"predecessor-version":[{"id":3755,"href":"https:\/\/radiorevelacionfm.cl\/index.php?rest_route=\/wp\/v2\/posts\/3753\/revisions\/3755"}],"wp:featuredmedia":[{"embeddable":true,"href":"https:\/\/radiorevelacionfm.cl\/index.php?rest_route=\/wp\/v2\/media\/3754"}],"wp:attachment":[{"href":"https:\/\/radiorevelacionfm.cl\/index.php?rest_route=%2Fwp%2Fv2%2Fmedia&parent=3753"}],"wp:term":[{"taxonomy":"category","embeddable":true,"href":"https:\/\/radiorevelacionfm.cl\/index.php?rest_route=%2Fwp%2Fv2%2Fcategories&post=3753"},{"taxonomy":"post_tag","embeddable":true,"href":"https:\/\/radiorevelacionfm.cl\/index.php?rest_route=%2Fwp%2Fv2%2Ftags&post=3753"}],"curies":[{"name":"wp","href":"https:\/\/api.w.org\/{rel}","templated":true}]}}