{"id":37529,"date":"2023-11-30T19:22:20","date_gmt":"2023-11-30T22:22:20","guid":{"rendered":"https:\/\/radiorevelacionfm.cl\/?p=37529"},"modified":"2023-11-30T19:22:20","modified_gmt":"2023-11-30T22:22:20","slug":"lanzan-campana-de-sensibilizacion-en-el-marco-del-mes-de-eliminacion-de-la-violencia-de-genero","status":"publish","type":"post","link":"https:\/\/radiorevelacionfm.cl\/?p=37529","title":{"rendered":"Lanzan campa\u00f1a de sensibilizaci\u00f3n en el marco del Mes de Eliminaci\u00f3n de la Violencia de G\u00e9nero"},"content":{"rendered":"<div class=\"flex_column av_one_full  flex_column_div av-zero-column-padding first  avia-builder-el-0  el_before_av_one_full  avia-builder-el-first  \" style='border-radius:0px; '><div  class='avia-image-container  av-styling-    avia-builder-el-1  avia-builder-el-no-sibling  avia-align-center '  itemprop=\"image\" itemscope=\"itemscope\" itemtype=\"https:\/\/schema.org\/ImageObject\"  ><div class='avia-image-container-inner'><div class='avia-image-overlay-wrap'><img decoding=\"async\" class='wp-image-37530 avia-img-lazy-loading-not-37530 avia_image' src=\"https:\/\/radiorevelacionfm.cl\/wp-content\/uploads\/2023\/11\/WhatsApp-Image-2023-11-29-at-10.33.11-1-1.jpeg\" alt='' title='WhatsApp Image 2023-11-29 at 10.33.11 (1) (1)' height=\"600\" width=\"961\"  itemprop=\"thumbnailUrl\" srcset=\"https:\/\/radiorevelacionfm.cl\/wp-content\/uploads\/2023\/11\/WhatsApp-Image-2023-11-29-at-10.33.11-1-1.jpeg 961w, https:\/\/radiorevelacionfm.cl\/wp-content\/uploads\/2023\/11\/WhatsApp-Image-2023-11-29-at-10.33.11-1-1-300x187.jpeg 300w, https:\/\/radiorevelacionfm.cl\/wp-content\/uploads\/2023\/11\/WhatsApp-Image-2023-11-29-at-10.33.11-1-1-768x480.jpeg 768w, https:\/\/radiorevelacionfm.cl\/wp-content\/uploads\/2023\/11\/WhatsApp-Image-2023-11-29-at-10.33.11-1-1-705x440.jpeg 705w, https:\/\/radiorevelacionfm.cl\/wp-content\/uploads\/2023\/11\/WhatsApp-Image-2023-11-29-at-10.33.11-1-1-450x281.jpeg 450w, https:\/\/radiorevelacionfm.cl\/wp-content\/uploads\/2023\/11\/WhatsApp-Image-2023-11-29-at-10.33.11-1-1-600x375.jpeg 600w\" sizes=\"(max-width: 961px) 100vw, 961px\" \/><\/div><\/div><\/div><\/div><div class=\"flex_column av_one_full  flex_column_div av-zero-column-padding first  avia-builder-el-2  el_after_av_one_full  el_before_av_one_full  column-top-margin\" style='border-radius:0px; '><section class=\"av_textblock_section \"  itemscope=\"itemscope\" itemtype=\"https:\/\/schema.org\/BlogPosting\" itemprop=\"blogPost\" ><div class='avia_textblock  '   itemprop=\"text\" ><p style=\"text-align: center;\"><strong><span style=\"font-size: 18pt;\">Lanzan campa\u00f1a de sensibilizaci\u00f3n en el marco del Mes de Eliminaci\u00f3n de la Violencia de G\u00e9nero <\/span><\/strong><\/p>\n<div id=\"gtx-trans\" style=\"position: absolute; left: -50px; top: 4.31534px;\">\n<div class=\"gtx-trans-icon\"><\/div>\n<\/div>\n<\/div><\/section><\/div><div class=\"flex_column av_one_full  flex_column_div av-zero-column-padding first  avia-builder-el-4  el_after_av_one_full  el_before_av_hr  column-top-margin\" style='border-radius:0px; '><section class=\"av_textblock_section \"  itemscope=\"itemscope\" itemtype=\"https:\/\/schema.org\/BlogPosting\" itemprop=\"blogPost\" ><div class='avia_textblock  '   itemprop=\"text\" ><p style=\"text-align: justify;\">El 25 de noviembre se conmemor\u00f3 el D\u00eda Internacional de la Eliminaci\u00f3n de la Violencia contra la Mujer. Estimaciones mundiales de la Organizaci\u00f3n Mundial de la Salud (OMS) indican que alrededor de una de cada tres mujeres en el mundo ha sufrido violencia f\u00edsica y\/o sexual de pareja o violencia sexual por terceros en alg\u00fan momento de su vida.<\/p>\n<p style=\"text-align: justify;\">Este lunes, la seremi de la Mujer y Equidad de G\u00e9nero Andrea M\u00e9ndez, acompa\u00f1ada de autoridades de Gobierno, representantes de la sociedad civil y la Gobernadora de Ays\u00e9n, Andrea Mac\u00edas Palma, present\u00f3 la campa\u00f1a de sensibilizaci\u00f3n 2023 \u201c<strong>Lleguemos a Cero. Todas y todos contamos para disminuir la violencia contra las mujeres<\/strong>\u201d, enfocada en todas las acciones que puede hacer cualquier persona para contribuir a disminuir la violencia de g\u00e9nero en nuestro pa\u00eds: <strong>acompa\u00f1ar<\/strong>, <strong>intervenir<\/strong>, <strong>interpelar<\/strong> o <strong>denunciar<\/strong>, cuando sea necesario.<\/p>\n<p style=\"text-align: justify;\">La Seremi de al Mujer y equidad de G\u00e9nero, Andrea M\u00e9ndez Valenzuela se\u00f1al\u00f3: \u201cComo Ministerio estamos trabajando para prevenir la violencia contra las mujeres, para evitarla y para reparar y buscar justicia en aquellos casos donde ocurre. Pero este es un problema estructural y cultural que requiere un cambio a nivel de instituciones y de la sociedad civil, por eso esta campa\u00f1a es un llamado colectivo a que \u201cLleguemos a cero\u201d, porque todos y todas podemos contribuir a eliminar la violencia contra las mujeres\u201d. La autoridad tambi\u00e9n valor\u00f3 el Plan por el derecho a vidas libres de violencia, que compromete acciones concretas por parte de distintos organismos del Estado para avanzar, de aqu\u00ed a 2030, en la disminuci\u00f3n de la violencia de g\u00e9nero.<\/p>\n<p style=\"text-align: justify;\">De manera in\u00e9dita, y siguiendo la experiencia del a\u00f1o 2022, para esta campa\u00f1a se realizaron 23 conversaciones guiadas en todas las regiones del pa\u00eds, con participaci\u00f3n de <strong>181 organizaciones sociales<\/strong> vinculadas al trabajo de prevenci\u00f3n y atenci\u00f3n de mujeres que han vivido violencia, y con funcionarias y funcionarios del Ministerio de la Mujer y EG, del SernamEG y de PRODEMU.<\/p>\n<p style=\"text-align: justify;\"><strong>Avances para disminuir la violencia hacia las mujeres en Chile<\/strong><\/p>\n<p style=\"text-align: justify;\">A trav\u00e9s de distintas pol\u00edticas y acciones, el Ministerio de la Mujer y la Equidad de G\u00e9nero (MMEG), junto a SernamEG, est\u00e1 trabajando para que la violencia contra las ni\u00f1as y mujeres sea prevenida y sancionada; para que se establezcan medidas de protecci\u00f3n a favor de las v\u00edctimas y se restituyan los derechos vulnerados.<\/p>\n<p style=\"text-align: justify;\">Dentro de los avances legislativos de nuestro pa\u00eds se encuentra la reciente promulgaci\u00f3n de la \u201c<strong>Ley Antonia<\/strong>\u201d y la <strong>Ley de reparaci\u00f3n para v\u00edctimas del femicidio<\/strong>, que permite entregar una pensi\u00f3n a hijos e hijas de mujeres v\u00edctimas de este delito. Ambas fueron aprobadas de forma transversal sin votos en contra.<\/p>\n<p style=\"text-align: justify;\">Conjuntamente, el Ministerio de la Mujer y la EG est\u00e1 dando prioridad la tramitaci\u00f3n del proyecto de <strong>Ley de violencia integral,<\/strong> que lleva 6 a\u00f1os en el Congreso y es parte de la Agenda de Seguridad del Gobierno. Adem\u00e1s, est\u00e1 impulsando modificaciones a la normativa de <strong>sociedad conyugal<\/strong>, para permitir una mayor autonom\u00eda de las mujeres dentro del matrimonio.<\/p>\n<p style=\"text-align: justify;\"><strong>Iniciativas destacadas de la regi\u00f3n<\/strong><\/p>\n<p style=\"text-align: justify;\">En la actividad se destacaron distintas iniciativas que buscan fortalecer la respuesta institucional hacia las v\u00edctimas de violencia. En la categor\u00eda \u201cIniciativas institucionales\u201d se destac\u00f3 a Patricio Santos Poblete, jefe Zona de Carabineros Ays\u00e9n, por ser gestor clave en el Proceso formativo a carabineros y carabineras de la regi\u00f3n de Ays\u00e9n en materia de VIF y a Camilo Trivi\u00f1o Urtubia, director de INJUV de Ays\u00e9n, por propiciar y trabajar por el levantamiento de informaci\u00f3n cuantitativa y cualitativa de violencia en el pololeo en la regi\u00f3n.<\/p>\n<p style=\"text-align: justify;\">En la categor\u00eda \u201cMedios de comunicaci\u00f3n\u201d, se destacaron dos radios de emisi\u00f3n regional que han apostado a levantar programas radiales con especial preocupaci\u00f3n en violencia hacia las mujeres. Radio Aut\u00e9ntica de Cisnes, con su programa \u201cDetener la violencia es tarea de todos\u201d y Radio Nahuel, con su programa \u201cUniendo fuerzas contra la violencia de g\u00e9nero\u201d.<\/p>\n<p style=\"text-align: justify;\">Desde el trabajo que se ha levantado desde lo comunitario, se destacaron iniciativas que han visibilizado las situaciones de violencia que ocurren desde el territorio. En la categor\u00eda \u201cSociedad Civil\u201d se destac\u00f3 a Hayley Dur\u00e1n Bocaz, con su Libro: \u201cPor m\u00ed y por todas mis vecinas\u201d, un modelo de respuesta comunitaria para hacer frente a la violencia de g\u00e9nero comunitaria y a Pastora Montecinos, con su libro \u201c\u00a1No m\u00e1s! Resurgir a la vida\u201d, una historia de sobrevivencia a la violencia.<\/p>\n<p style=\"text-align: justify;\">Finalmente se destac\u00f3 en la categor\u00eda de \u201cInvestigaci\u00f3n\u201d la motivaci\u00f3n que han tenido algunas investigadoras en torno a la materia, lo que permite remirar las acciones que se han llevado hasta el momento. Se destac\u00f3 en esta categor\u00eda a la tesis de pregrado de Karoleen Montiel Mansilla, por su investigaci\u00f3n \u201cLa respuesta judicial ante denuncias de mujeres v\u00edctimas de violencia intrafamiliar en la ciudad de Coyhaique: Una mirada desde las y los actores que participan del circuito judicial\u201d y a Julia Cubillos, por impulsar las investigaciones en torno a la violencia en el pololeo y la investigaci\u00f3n de transversalizaci\u00f3n \u201cPerspectiva de g\u00e9nero en gesti\u00f3n municipal, foco Violencia de G\u00e9nero\u201d.<\/p>\n<p style=\"text-align: justify;\"><strong>Aumento del Presupuesto 2024 MMEG con \u00e9nfasis en la prevenci\u00f3n, atenci\u00f3n y reparaci\u00f3n a v\u00edctimas de violencia de g\u00e9nero<\/strong><\/p>\n<p style=\"text-align: justify;\">El Presupuesto 2024 del Ministerio de la Mujer y la Equidad de G\u00e9nero -ya aprobado por el Congreso- crecer\u00e1 en 1.7%, con \u00e9nfasis en iniciativas para la <strong>prevenci\u00f3n, atenci\u00f3n y reparaci\u00f3n a v\u00edctimas de violencia de g\u00e9nero<\/strong>. Por ejemplo, l<strong>a l\u00ednea de autonom\u00eda f\u00edsica y econ\u00f3mica<\/strong> de las mujeres -dimensiones clave en la prevenci\u00f3n y eliminaci\u00f3n de la violencia- se incrementar\u00e1 en 3.7%.<\/p>\n<p style=\"text-align: justify;\">En particular, <strong>los programas Violencia Contra la Mujer de SERNAMEG crecen en un 5,2%,<\/strong> con un presupuesto que supera los <strong>23 mil millones<\/strong> de pesos para dar una <strong>cobertura de atenci\u00f3n integral a<\/strong> <strong>79.674<\/strong> mujeres; disponibilidad de residencias transitorias en las 16 regiones para <strong>926<\/strong> mujeres v\u00edctimas de violencia grave o extrema; atenci\u00f3n psicoterap\u00e9utica reparatoria, individual y grupal a <strong>1.365<\/strong> mujeres v\u00edctimas de violencia grave o extrema y acompa\u00f1amiento y representaci\u00f3n jur\u00eddica a <strong>1<\/strong>.<strong>424<\/strong> mujeres.<\/p>\n<p style=\"text-align: justify;\">Asimismo, se asignaron recursos para <strong>la apertura de 2 Centros de Atenci\u00f3n y Reparaci\u00f3n de Mujeres V\u00edctimas\/Sobrevivientes de Violencia Sexual<\/strong> (CVS) en las comunas <strong>de Alto Hospicio<\/strong> y Coquimbo.<\/p>\n<p style=\"text-align: justify;\"><strong>Integraci\u00f3n de las agresiones sexuales agudas al sistema de Garant\u00edas Expl\u00edcitas de Salud<\/strong><\/p>\n<p style=\"text-align: justify;\">Desde un enfoque de reparaci\u00f3n, desde hace un a\u00f1o se incorpor\u00f3 dentro del programa de Garant\u00edas Expl\u00edcitas de Salud la atenci\u00f3n integral de las agresiones sexuales agudas, garantizando la atenci\u00f3n m\u00e9dica inmediata en todos los servicios de urgencia de gran tama\u00f1o y los servicios de atenci\u00f3n primaria de urgencia, junto con los ex\u00e1menes y tratamientos, as\u00ed como el acompa\u00f1amiento de salud mental.<\/p>\n<\/div><\/section><\/div><div  style='height:50px' class='hr hr-invisible   avia-builder-el-6  el_after_av_one_full  el_before_av_social_share '><span class='hr-inner ' ><span class='hr-inner-style'><\/span><\/span><\/div><\/p>\n<div  class='av-social-sharing-box  avia-builder-el-7  el_after_av_hr  el_before_av_hr  '><div class='av-share-box'><h5 class='av-share-link-description av-no-toc '>Compartir esta noticia<\/h5><ul class='av-share-box-list noLightbox'><li class='av-share-link av-social-link-facebook' ><a target=\"_blank\" aria-label=\"Compartir en Facebook\" href='https:\/\/www.facebook.com\/sharer.php?u=https:\/\/radiorevelacionfm.cl\/?p=37529&#038;t=Lanzan%20campa%C3%B1a%20de%20sensibilizaci%C3%B3n%20en%20el%20marco%20del%20Mes%20de%20Eliminaci%C3%B3n%20de%20la%20Violencia%20de%20G%C3%A9nero' aria-hidden='false' data-av_icon='\ue8f3' data-av_iconfont='entypo-fontello' title='' data-avia-related-tooltip='Compartir en Facebook' rel=\"noopener\"><span class='avia_hidden_link_text'>Compartir en Facebook<\/span><\/a><\/li><li class='av-share-link av-social-link-twitter' ><a target=\"_blank\" aria-label=\"Compartir en Twitter\" href='https:\/\/twitter.com\/share?text=Lanzan%20campa%C3%B1a%20de%20sensibilizaci%C3%B3n%20en%20el%20marco%20del%20Mes%20de%20Eliminaci%C3%B3n%20de%20la%20Violencia%20de%20G%C3%A9nero&#038;url=https:\/\/radiorevelacionfm.cl\/?p=37529' aria-hidden='false' data-av_icon='\ue8f1' data-av_iconfont='entypo-fontello' title='' data-avia-related-tooltip='Compartir en Twitter' rel=\"noopener\"><span class='avia_hidden_link_text'>Compartir en Twitter<\/span><\/a><\/li><li class='av-share-link av-social-link-whatsapp' ><a target=\"_blank\" aria-label=\"Compartir en Whatsapp\" href='https:\/\/api.whatsapp.com\/send?text=https:\/\/radiorevelacionfm.cl\/?p=37529' aria-hidden='false' data-av_icon='\uf232' data-av_iconfont='entypo-fontello' title='' data-avia-related-tooltip='Compartir en Whatsapp' rel=\"noopener\"><span class='avia_hidden_link_text'>Compartir en Whatsapp<\/span><\/a><\/li><li class='av-share-link av-social-link-linkedin' ><a target=\"_blank\" aria-label=\"Compartir en LinkedIn\" href='https:\/\/linkedin.com\/shareArticle?mini=true&#038;title=Lanzan%20campa%C3%B1a%20de%20sensibilizaci%C3%B3n%20en%20el%20marco%20del%20Mes%20de%20Eliminaci%C3%B3n%20de%20la%20Violencia%20de%20G%C3%A9nero&#038;url=https:\/\/radiorevelacionfm.cl\/?p=37529' aria-hidden='false' data-av_icon='\ue8fc' data-av_iconfont='entypo-fontello' title='' data-avia-related-tooltip='Compartir en LinkedIn' rel=\"noopener\"><span class='avia_hidden_link_text'>Compartir en LinkedIn<\/span><\/a><\/li><li class='av-share-link av-social-link-mail' ><a  aria-label=\"Compartir por correo\" href='mailto:?subject=Lanzan%20campa%C3%B1a%20de%20sensibilizaci%C3%B3n%20en%20el%20marco%20del%20Mes%20de%20Eliminaci%C3%B3n%20de%20la%20Violencia%20de%20G%C3%A9nero&#038;body=https:\/\/radiorevelacionfm.cl\/?p=37529' aria-hidden='false' data-av_icon='\ue805' data-av_iconfont='entypo-fontello' title='' data-avia-related-tooltip='Compartir por correo'><span class='avia_hidden_link_text'>Compartir por correo<\/span><\/a><\/li><\/ul><\/div><\/div>\n<div  style='height:50px' class='hr hr-invisible   avia-builder-el-8  el_after_av_social_share  el_before_av_comments_list '><span class='hr-inner ' ><span class='hr-inner-style'><\/span><\/span><\/div>\n<div  class='av-buildercomment  av-blog-meta-html-info-disabled av-blog-meta-tag-disabled  '><\/div>\n","protected":false},"excerpt":{"rendered":"","protected":false},"author":1,"featured_media":37530,"comment_status":"open","ping_status":"open","sticky":false,"template":"","format":"standard","meta":{"footnotes":""},"categories":[38],"tags":[],"class_list":["post-37529","post","type-post","status-publish","format-standard","has-post-thumbnail","hentry","category-regional"],"jetpack_featured_media_url":"https:\/\/radiorevelacionfm.cl\/wp-content\/uploads\/2023\/11\/WhatsApp-Image-2023-11-29-at-10.33.11-1-1.jpeg","_links":{"self":[{"href":"https:\/\/radiorevelacionfm.cl\/index.php?rest_route=\/wp\/v2\/posts\/37529","targetHints":{"allow":["GET"]}}],"collection":[{"href":"https:\/\/radiorevelacionfm.cl\/index.php?rest_route=\/wp\/v2\/posts"}],"about":[{"href":"https:\/\/radiorevelacionfm.cl\/index.php?rest_route=\/wp\/v2\/types\/post"}],"author":[{"embeddable":true,"href":"https:\/\/radiorevelacionfm.cl\/index.php?rest_route=\/wp\/v2\/users\/1"}],"replies":[{"embeddable":true,"href":"https:\/\/radiorevelacionfm.cl\/index.php?rest_route=%2Fwp%2Fv2%2Fcomments&post=37529"}],"version-history":[{"count":1,"href":"https:\/\/radiorevelacionfm.cl\/index.php?rest_route=\/wp\/v2\/posts\/37529\/revisions"}],"predecessor-version":[{"id":37531,"href":"https:\/\/radiorevelacionfm.cl\/index.php?rest_route=\/wp\/v2\/posts\/37529\/revisions\/37531"}],"wp:featuredmedia":[{"embeddable":true,"href":"https:\/\/radiorevelacionfm.cl\/index.php?rest_route=\/wp\/v2\/media\/37530"}],"wp:attachment":[{"href":"https:\/\/radiorevelacionfm.cl\/index.php?rest_route=%2Fwp%2Fv2%2Fmedia&parent=37529"}],"wp:term":[{"taxonomy":"category","embeddable":true,"href":"https:\/\/radiorevelacionfm.cl\/index.php?rest_route=%2Fwp%2Fv2%2Fcategories&post=37529"},{"taxonomy":"post_tag","embeddable":true,"href":"https:\/\/radiorevelacionfm.cl\/index.php?rest_route=%2Fwp%2Fv2%2Ftags&post=37529"}],"curies":[{"name":"wp","href":"https:\/\/api.w.org\/{rel}","templated":true}]}}