{"id":37520,"date":"2023-11-30T11:31:46","date_gmt":"2023-11-30T14:31:46","guid":{"rendered":"https:\/\/radiorevelacionfm.cl\/?p=37520"},"modified":"2023-11-30T11:31:46","modified_gmt":"2023-11-30T14:31:46","slug":"autoridades-educacionales-presentaron-herramientas-para-fortalecer-y-monitorear-la-convivencia-escolar","status":"publish","type":"post","link":"https:\/\/radiorevelacionfm.cl\/?p=37520","title":{"rendered":"Autoridades educacionales presentaron herramientas para fortalecer y monitorear la convivencia escolar"},"content":{"rendered":"<div class=\"flex_column av_one_full  flex_column_div av-zero-column-padding first  avia-builder-el-0  el_before_av_one_full  avia-builder-el-first  \" style='border-radius:0px; '><div  class='avia-image-container  av-styling-    avia-builder-el-1  avia-builder-el-no-sibling  avia-align-center '  itemprop=\"image\" itemscope=\"itemscope\" itemtype=\"https:\/\/schema.org\/ImageObject\"  ><div class='avia-image-container-inner'><div class='avia-image-overlay-wrap'><img decoding=\"async\" class='wp-image-37521 avia-img-lazy-loading-not-37521 avia_image' src=\"https:\/\/radiorevelacionfm.cl\/wp-content\/uploads\/2023\/11\/decalogo-1_optimized.jpg\" alt='' title='dec\u00e1logo-(1)_optimized' height=\"600\" width=\"900\"  itemprop=\"thumbnailUrl\" srcset=\"https:\/\/radiorevelacionfm.cl\/wp-content\/uploads\/2023\/11\/decalogo-1_optimized.jpg 900w, https:\/\/radiorevelacionfm.cl\/wp-content\/uploads\/2023\/11\/decalogo-1_optimized-300x200.jpg 300w, https:\/\/radiorevelacionfm.cl\/wp-content\/uploads\/2023\/11\/decalogo-1_optimized-768x512.jpg 768w, https:\/\/radiorevelacionfm.cl\/wp-content\/uploads\/2023\/11\/decalogo-1_optimized-705x470.jpg 705w, https:\/\/radiorevelacionfm.cl\/wp-content\/uploads\/2023\/11\/decalogo-1_optimized-450x300.jpg 450w, https:\/\/radiorevelacionfm.cl\/wp-content\/uploads\/2023\/11\/decalogo-1_optimized-600x400.jpg 600w\" sizes=\"(max-width: 900px) 100vw, 900px\" \/><\/div><\/div><\/div><\/div><div class=\"flex_column av_one_full  flex_column_div av-zero-column-padding first  avia-builder-el-2  el_after_av_one_full  el_before_av_one_full  column-top-margin\" style='border-radius:0px; '><section class=\"av_textblock_section \"  itemscope=\"itemscope\" itemtype=\"https:\/\/schema.org\/BlogPosting\" itemprop=\"blogPost\" ><div class='avia_textblock  '   itemprop=\"text\" ><p style=\"text-align: center;\"><span style=\"font-size: 18pt;\"><b>Autoridades educacionales presentaron herramientas para fortalecer y monitorear la convivencia escolar<\/b><\/span><\/p>\n<div id=\"gtx-trans\" style=\"position: absolute; left: -50px; top: 4.31534px;\">\n<div class=\"gtx-trans-icon\"><\/div>\n<\/div>\n<\/div><\/section><\/div><div class=\"flex_column av_one_full  flex_column_div av-zero-column-padding first  avia-builder-el-4  el_after_av_one_full  el_before_av_hr  column-top-margin\" style='border-radius:0px; '><section class=\"av_textblock_section \"  itemscope=\"itemscope\" itemtype=\"https:\/\/schema.org\/BlogPosting\" itemprop=\"blogPost\" ><div class='avia_textblock  '   itemprop=\"text\" ><p class=\"v1MsoNormal\" style=\"text-align: justify;\">La Seremi de Educaci\u00f3n, Isabel Garrido, y la Directora Regional de la Superintendencia de Educaci\u00f3n, Pamela Adriazola, concurrieron al Colegio Portales de Coyhaique para dialogar sobre la resoluci\u00f3n colaborativa de conflictos y entregar al director, Jaime Kram, el \u201cDec\u00e1logo sobre gesti\u00f3n colaborativa de conflictos\u201d,\u00a0elaborado por la Superintendencia, y difundir el \u201cSistema de monitoreo de la convivencia escolar\u201d, que desarroll\u00f3 la Agencia de la Calidad, para fortalecer el eje de convivencia escolar y salud mental de la Pol\u00edtica de Reactivaci\u00f3n Educativa. Ambos instrumentos fueron recomendaciones del Consejo para la Reactivaci\u00f3n Educativa.<\/p>\n<p class=\"v1MsoNormal\" style=\"text-align: justify;\">Durante el encuentro las autoridades y directivos del colegio Diego Portales abordaron los desaf\u00edos que enfrenta el sistema escolar en materia de convivencia y las acciones que como colegio han implementado para resolverlos.\u00a0<span lang=\"ES\">Tambi\u00e9n se enfatiz\u00f3 c\u00f3mo la normativa educacional hoy se orienta a la resoluci\u00f3n de los conflictos, a trav\u00e9s de distintos instrumentos de mediaci\u00f3n y di\u00e1logo que dispone la Superintendencia para resolver diferencias dentro de los establecimientos.<\/span><\/p>\n<p class=\"v1MsoNormal\" style=\"text-align: justify;\">En el Dec\u00e1logo entregado al colegio Diego Portales se proponen 10 claves que tienen por objetivo servir como una herramienta para educar a las y los estudiantes en habilidades sociales, contribuyendo as\u00ed a su desarrollo integral, prepar\u00e1ndolos para enfrentar desaf\u00edos de manera positiva en su futuro, fortaleciendo el tejido social de la comunidad educativa y creando un entorno propicio para el crecimiento acad\u00e9mico y personal de todos sus integrantes.<\/p>\n<p class=\"v1MsoNormal\" style=\"text-align: justify;\">A su vez, el Sistema de Monitoreo que implementa la Agencia de la Calidad busca aportar informaci\u00f3n relevante para conocer el estado de la convivencia escolar, a trav\u00e9s la prueba SIMCE reci\u00e9n pasado, y de un m\u00f3dulo que se agregar\u00e1 en el Diagn\u00f3stico Integral de Aprendizajes que es auto aplicado por las escuelas.<\/p>\n<p class=\"v1MsoNormal\" style=\"text-align: justify;\">La Directora Regional de Supereduc Ays\u00e9n Pamela Adriazola se\u00f1al\u00f3 que \u201cCon esta y otras acciones hacemos un llamado a priorizar el di\u00e1logo y los procedimientos de gesti\u00f3n colaborativa de conflictos. A trav\u00e9s de distintos puntos de vista se logran acuerdos entre las partes y la soluci\u00f3n del problema\u201d.<\/p>\n<p class=\"v1MsoNormal\" style=\"text-align: justify;\">En tanto, la Seremi Isabel Garrido afirm\u00f3 que \u201cComo Gobierno y Ministerio de Educaci\u00f3n no s\u00f3lo estamos preocupados de ver c\u00f3mo se reactivan los aprendizajes, sino que tambi\u00e9n de monitorear la convivencia escolar como condici\u00f3n habilitante para el desarrollo integral de las y los estudiantes. Que haya buenas relaciones en las comunidades es una condici\u00f3n m\u00ednima para avanzar en mejores resultados educativos\u201d.<\/p>\n<\/div><\/section><\/div><div  style='height:50px' class='hr hr-invisible   avia-builder-el-6  el_after_av_one_full  el_before_av_social_share '><span class='hr-inner ' ><span class='hr-inner-style'><\/span><\/span><\/div><\/p>\n<div  class='av-social-sharing-box  avia-builder-el-7  el_after_av_hr  el_before_av_hr  '><div class='av-share-box'><h5 class='av-share-link-description av-no-toc '>Compartir esta noticia<\/h5><ul class='av-share-box-list noLightbox'><li class='av-share-link av-social-link-facebook' ><a target=\"_blank\" aria-label=\"Compartir en Facebook\" href='https:\/\/www.facebook.com\/sharer.php?u=https:\/\/radiorevelacionfm.cl\/?p=37520&#038;t=Autoridades%20educacionales%20presentaron%20herramientas%20para%20fortalecer%20y%20monitorear%20la%20convivencia%20escolar' aria-hidden='false' data-av_icon='\ue8f3' data-av_iconfont='entypo-fontello' title='' data-avia-related-tooltip='Compartir en Facebook' rel=\"noopener\"><span class='avia_hidden_link_text'>Compartir en Facebook<\/span><\/a><\/li><li class='av-share-link av-social-link-twitter' ><a target=\"_blank\" aria-label=\"Compartir en Twitter\" href='https:\/\/twitter.com\/share?text=Autoridades%20educacionales%20presentaron%20herramientas%20para%20fortalecer%20y%20monitorear%20la%20convivencia%20escolar&#038;url=https:\/\/radiorevelacionfm.cl\/?p=37520' aria-hidden='false' data-av_icon='\ue8f1' data-av_iconfont='entypo-fontello' title='' data-avia-related-tooltip='Compartir en Twitter' rel=\"noopener\"><span class='avia_hidden_link_text'>Compartir en Twitter<\/span><\/a><\/li><li class='av-share-link av-social-link-whatsapp' ><a target=\"_blank\" aria-label=\"Compartir en Whatsapp\" href='https:\/\/api.whatsapp.com\/send?text=https:\/\/radiorevelacionfm.cl\/?p=37520' aria-hidden='false' data-av_icon='\uf232' data-av_iconfont='entypo-fontello' title='' data-avia-related-tooltip='Compartir en Whatsapp' rel=\"noopener\"><span class='avia_hidden_link_text'>Compartir en Whatsapp<\/span><\/a><\/li><li class='av-share-link av-social-link-linkedin' ><a target=\"_blank\" aria-label=\"Compartir en LinkedIn\" href='https:\/\/linkedin.com\/shareArticle?mini=true&#038;title=Autoridades%20educacionales%20presentaron%20herramientas%20para%20fortalecer%20y%20monitorear%20la%20convivencia%20escolar&#038;url=https:\/\/radiorevelacionfm.cl\/?p=37520' aria-hidden='false' data-av_icon='\ue8fc' data-av_iconfont='entypo-fontello' title='' data-avia-related-tooltip='Compartir en LinkedIn' rel=\"noopener\"><span class='avia_hidden_link_text'>Compartir en LinkedIn<\/span><\/a><\/li><li class='av-share-link av-social-link-mail' ><a  aria-label=\"Compartir por correo\" href='mailto:?subject=Autoridades%20educacionales%20presentaron%20herramientas%20para%20fortalecer%20y%20monitorear%20la%20convivencia%20escolar&#038;body=https:\/\/radiorevelacionfm.cl\/?p=37520' aria-hidden='false' data-av_icon='\ue805' data-av_iconfont='entypo-fontello' title='' data-avia-related-tooltip='Compartir por correo'><span class='avia_hidden_link_text'>Compartir por correo<\/span><\/a><\/li><\/ul><\/div><\/div>\n<div  style='height:50px' class='hr hr-invisible   avia-builder-el-8  el_after_av_social_share  el_before_av_comments_list '><span class='hr-inner ' ><span class='hr-inner-style'><\/span><\/span><\/div>\n<div  class='av-buildercomment  av-blog-meta-html-info-disabled av-blog-meta-tag-disabled  '><\/div>\n","protected":false},"excerpt":{"rendered":"","protected":false},"author":1,"featured_media":37521,"comment_status":"open","ping_status":"open","sticky":false,"template":"","format":"standard","meta":{"footnotes":""},"categories":[49],"tags":[],"class_list":["post-37520","post","type-post","status-publish","format-standard","has-post-thumbnail","hentry","category-educacion"],"jetpack_featured_media_url":"https:\/\/radiorevelacionfm.cl\/wp-content\/uploads\/2023\/11\/decalogo-1_optimized.jpg","_links":{"self":[{"href":"https:\/\/radiorevelacionfm.cl\/index.php?rest_route=\/wp\/v2\/posts\/37520","targetHints":{"allow":["GET"]}}],"collection":[{"href":"https:\/\/radiorevelacionfm.cl\/index.php?rest_route=\/wp\/v2\/posts"}],"about":[{"href":"https:\/\/radiorevelacionfm.cl\/index.php?rest_route=\/wp\/v2\/types\/post"}],"author":[{"embeddable":true,"href":"https:\/\/radiorevelacionfm.cl\/index.php?rest_route=\/wp\/v2\/users\/1"}],"replies":[{"embeddable":true,"href":"https:\/\/radiorevelacionfm.cl\/index.php?rest_route=%2Fwp%2Fv2%2Fcomments&post=37520"}],"version-history":[{"count":1,"href":"https:\/\/radiorevelacionfm.cl\/index.php?rest_route=\/wp\/v2\/posts\/37520\/revisions"}],"predecessor-version":[{"id":37522,"href":"https:\/\/radiorevelacionfm.cl\/index.php?rest_route=\/wp\/v2\/posts\/37520\/revisions\/37522"}],"wp:featuredmedia":[{"embeddable":true,"href":"https:\/\/radiorevelacionfm.cl\/index.php?rest_route=\/wp\/v2\/media\/37521"}],"wp:attachment":[{"href":"https:\/\/radiorevelacionfm.cl\/index.php?rest_route=%2Fwp%2Fv2%2Fmedia&parent=37520"}],"wp:term":[{"taxonomy":"category","embeddable":true,"href":"https:\/\/radiorevelacionfm.cl\/index.php?rest_route=%2Fwp%2Fv2%2Fcategories&post=37520"},{"taxonomy":"post_tag","embeddable":true,"href":"https:\/\/radiorevelacionfm.cl\/index.php?rest_route=%2Fwp%2Fv2%2Ftags&post=37520"}],"curies":[{"name":"wp","href":"https:\/\/api.w.org\/{rel}","templated":true}]}}