{"id":37515,"date":"2023-11-29T16:45:13","date_gmt":"2023-11-29T19:45:13","guid":{"rendered":"https:\/\/radiorevelacionfm.cl\/?p=37515"},"modified":"2023-11-29T16:45:13","modified_gmt":"2023-11-29T19:45:13","slug":"compin-suma-nuevos-profesionales-para-certificacion-de-discapacidad-en-zona-sur-de-aysen","status":"publish","type":"post","link":"https:\/\/radiorevelacionfm.cl\/?p=37515","title":{"rendered":"COMPIN suma nuevos profesionales para certificaci\u00f3n de discapacidad en zona sur de Ays\u00e9n"},"content":{"rendered":"<div class=\"flex_column av_one_full  flex_column_div av-zero-column-padding first  avia-builder-el-0  el_before_av_one_full  avia-builder-el-first  \" style='border-radius:0px; '><div  class='avia-image-container  av-styling-    avia-builder-el-1  avia-builder-el-no-sibling  avia-align-center '  itemprop=\"image\" itemscope=\"itemscope\" itemtype=\"https:\/\/schema.org\/ImageObject\"  ><div class='avia-image-container-inner'><div class='avia-image-overlay-wrap'><img decoding=\"async\" class='wp-image-37516 avia-img-lazy-loading-not-37516 avia_image' src=\"https:\/\/radiorevelacionfm.cl\/wp-content\/uploads\/2023\/11\/terreno-villa-ohiggins-1_optimized-1.jpg\" alt='' title='terreno-villa-ohiggins-(1)_optimized (1)' height=\"600\" width=\"1067\"  itemprop=\"thumbnailUrl\" srcset=\"https:\/\/radiorevelacionfm.cl\/wp-content\/uploads\/2023\/11\/terreno-villa-ohiggins-1_optimized-1.jpg 1067w, https:\/\/radiorevelacionfm.cl\/wp-content\/uploads\/2023\/11\/terreno-villa-ohiggins-1_optimized-1-300x169.jpg 300w, https:\/\/radiorevelacionfm.cl\/wp-content\/uploads\/2023\/11\/terreno-villa-ohiggins-1_optimized-1-1030x579.jpg 1030w, https:\/\/radiorevelacionfm.cl\/wp-content\/uploads\/2023\/11\/terreno-villa-ohiggins-1_optimized-1-768x432.jpg 768w, https:\/\/radiorevelacionfm.cl\/wp-content\/uploads\/2023\/11\/terreno-villa-ohiggins-1_optimized-1-705x396.jpg 705w, https:\/\/radiorevelacionfm.cl\/wp-content\/uploads\/2023\/11\/terreno-villa-ohiggins-1_optimized-1-450x253.jpg 450w, https:\/\/radiorevelacionfm.cl\/wp-content\/uploads\/2023\/11\/terreno-villa-ohiggins-1_optimized-1-600x337.jpg 600w\" sizes=\"(max-width: 1067px) 100vw, 1067px\" \/><\/div><\/div><\/div><\/div><div class=\"flex_column av_one_full  flex_column_div av-zero-column-padding first  avia-builder-el-2  el_after_av_one_full  el_before_av_one_full  column-top-margin\" style='border-radius:0px; '><section class=\"av_textblock_section \"  itemscope=\"itemscope\" itemtype=\"https:\/\/schema.org\/BlogPosting\" itemprop=\"blogPost\" ><div class='avia_textblock  '   itemprop=\"text\" ><p style=\"text-align: center;\"><strong><span style=\"font-size: 18pt;\">COMPIN suma nuevos profesionales para certificaci\u00f3n de discapacidad en zona sur de Ays\u00e9n<\/span><\/strong><\/p>\n<div id=\"gtx-trans\" style=\"position: absolute; left: -50px; top: 4.31534px;\">\n<div class=\"gtx-trans-icon\"><\/div>\n<\/div>\n<\/div><\/section><\/div><div class=\"flex_column av_one_full  flex_column_div av-zero-column-padding first  avia-builder-el-4  el_after_av_one_full  el_before_av_hr  column-top-margin\" style='border-radius:0px; '><section class=\"av_textblock_section \"  itemscope=\"itemscope\" itemtype=\"https:\/\/schema.org\/BlogPosting\" itemprop=\"blogPost\" ><div class='avia_textblock  '   itemprop=\"text\" ><p style=\"text-align: justify;\"><em>Capacitaci\u00f3n se desarroll\u00f3 en las comunas de Cochrane, Tortel y Villa O\u00b4Higgins, a trav\u00e9s de la entrega de herramientas que permitir\u00e1 evaluar a los usuarios de estas localidades para la obtenci\u00f3n de su credencial de discapacidad.<\/em><\/p>\n<p style=\"text-align: justify;\">Un extenso trabajo en terreno fue el que desarrollaron profesionales de la Comisi\u00f3n de Medicina Preventiva e Invalidez (COMPIN) con el prop\u00f3sito de aumentar el n\u00famero de profesionales con las competencias necesarias para acceder al sistema de calificaci\u00f3n y certificaci\u00f3n de discapacidad en la zona sur de la regi\u00f3n, evitando as\u00ed que personas que requieran acceder a este tr\u00e1mite tengan que desplazarse hasta grandes centros urbanos para acceder a su credencial de discapacidad y acceder a beneficios sociales del estado.<\/p>\n<p style=\"text-align: justify;\">As\u00ed lo manifest\u00f3 el encargado de la Unidad de Discapacidad de COMPIN de la Seremi de Salud Ays\u00e9n, Cristian Campos Saldivia, quien valor\u00f3 adem\u00e1s la participaci\u00f3n de la Autoridad Sanitaria en este proceso.\u00a0 \u201cLa actividad realizada junto con nuestra autoridad sanitaria, Carmen Monsalve, tuvo como objetivo instaurar herramientas de evaluaci\u00f3n de discapacidad a funcionarios de salud del Hospital de Cochrane, adem\u00e1s de los funcionarios que realizan ronda m\u00e9dica en las postas de salud de Caleta Tortel y Villa O\u2019Higgins, principalmente para otorgar m\u00e1s accesibilidad y acotar las brechas para que los habitantes de estas localidades puedan acceder a su credencial de discapacidad y tener acceso a los beneficios sociales del estado. Durante este trabajo en terreno, tambi\u00e9n realizamos visita a domicilios de personas con discapacidad que tienen movilidad reducida esto con el objetivo de entregar una atenci\u00f3n oportuna y entregar orientaci\u00f3n de los beneficios sociales\u201d.<\/p>\n<p style=\"text-align: justify;\">Estas acciones en terreno, en las que adem\u00e1s se registraron reuniones con organizaciones sociales para responder inquietudes de la comunidad, buscan seguir acercando la salud a las zonas m\u00e1s aisladas. Tal como lo manifest\u00f3 la Seremi de Salud Ays\u00e9n, Carmen Monsalve G\u00f3mez. \u201cAcercar las prestaciones de salud a nuestras comunidades, es una de las prioridades del Ministerio de Salud y del Gobierno del Presidente Gabriel Boric, de ah\u00ed la importancia de las acciones en terreno desarrolladas por profesionales de la Comisi\u00f3n de Medicina Preventiva e Invalidez, COMPIN, en la zona sur de la regi\u00f3n, donde se ejecutaron capacitaciones a funcionarios del Servicio de Salud que trabajan en los territorios de Cochrane, Tortel y Villa O\u201dHiggins, quienes se certificaron en el sistema de evaluaci\u00f3n de la discapacidad, lo que permitir\u00e1 que pobladores de estas comunas no tengan trasladarse hasta Coyhaique para obtener su credencial de discapacidad que a su vez le permite acceder a beneficios estatales\u201d.<\/p>\n<p style=\"text-align: justify;\">A trav\u00e9s de la\u00a0 modalidad de transferencia de estas herramientas y desde la puesta en marcha del sistema de calificaci\u00f3n y certificaci\u00f3n de la discapacidad en Red, se registran 219 profesionales capacitados, de los cuales 12 corresponden a este a\u00f1o 2023, y para lo cual se ha contado con un fuerte trabajo intersectorial con sectores de la red de asistencial de salud, educaci\u00f3n, municipalidades y organizaciones vinculadas a la atenci\u00f3n de personas con discapacidad.<\/p>\n<\/div><\/section><\/div><div  style='height:50px' class='hr hr-invisible   avia-builder-el-6  el_after_av_one_full  el_before_av_social_share '><span class='hr-inner ' ><span class='hr-inner-style'><\/span><\/span><\/div><\/p>\n<div  class='av-social-sharing-box  avia-builder-el-7  el_after_av_hr  el_before_av_hr  '><div class='av-share-box'><h5 class='av-share-link-description av-no-toc '>Compartir esta noticia<\/h5><ul class='av-share-box-list noLightbox'><li class='av-share-link av-social-link-facebook' ><a target=\"_blank\" aria-label=\"Compartir en Facebook\" href='https:\/\/www.facebook.com\/sharer.php?u=https:\/\/radiorevelacionfm.cl\/?p=37515&#038;t=COMPIN%20suma%20nuevos%20profesionales%20para%20certificaci%C3%B3n%20de%20discapacidad%20en%20zona%20sur%20de%20Ays%C3%A9n' aria-hidden='false' data-av_icon='\ue8f3' data-av_iconfont='entypo-fontello' title='' data-avia-related-tooltip='Compartir en Facebook' rel=\"noopener\"><span class='avia_hidden_link_text'>Compartir en Facebook<\/span><\/a><\/li><li class='av-share-link av-social-link-twitter' ><a target=\"_blank\" aria-label=\"Compartir en Twitter\" href='https:\/\/twitter.com\/share?text=COMPIN%20suma%20nuevos%20profesionales%20para%20certificaci%C3%B3n%20de%20discapacidad%20en%20zona%20sur%20de%20Ays%C3%A9n&#038;url=https:\/\/radiorevelacionfm.cl\/?p=37515' aria-hidden='false' data-av_icon='\ue8f1' data-av_iconfont='entypo-fontello' title='' data-avia-related-tooltip='Compartir en Twitter' rel=\"noopener\"><span class='avia_hidden_link_text'>Compartir en Twitter<\/span><\/a><\/li><li class='av-share-link av-social-link-whatsapp' ><a target=\"_blank\" aria-label=\"Compartir en Whatsapp\" href='https:\/\/api.whatsapp.com\/send?text=https:\/\/radiorevelacionfm.cl\/?p=37515' aria-hidden='false' data-av_icon='\uf232' data-av_iconfont='entypo-fontello' title='' data-avia-related-tooltip='Compartir en Whatsapp' rel=\"noopener\"><span class='avia_hidden_link_text'>Compartir en Whatsapp<\/span><\/a><\/li><li class='av-share-link av-social-link-linkedin' ><a target=\"_blank\" aria-label=\"Compartir en LinkedIn\" href='https:\/\/linkedin.com\/shareArticle?mini=true&#038;title=COMPIN%20suma%20nuevos%20profesionales%20para%20certificaci%C3%B3n%20de%20discapacidad%20en%20zona%20sur%20de%20Ays%C3%A9n&#038;url=https:\/\/radiorevelacionfm.cl\/?p=37515' aria-hidden='false' data-av_icon='\ue8fc' data-av_iconfont='entypo-fontello' title='' data-avia-related-tooltip='Compartir en LinkedIn' rel=\"noopener\"><span class='avia_hidden_link_text'>Compartir en LinkedIn<\/span><\/a><\/li><li class='av-share-link av-social-link-mail' ><a  aria-label=\"Compartir por correo\" href='mailto:?subject=COMPIN%20suma%20nuevos%20profesionales%20para%20certificaci%C3%B3n%20de%20discapacidad%20en%20zona%20sur%20de%20Ays%C3%A9n&#038;body=https:\/\/radiorevelacionfm.cl\/?p=37515' aria-hidden='false' data-av_icon='\ue805' data-av_iconfont='entypo-fontello' title='' data-avia-related-tooltip='Compartir por correo'><span class='avia_hidden_link_text'>Compartir por correo<\/span><\/a><\/li><\/ul><\/div><\/div>\n<div  style='height:50px' class='hr hr-invisible   avia-builder-el-8  el_after_av_social_share  el_before_av_comments_list '><span class='hr-inner ' ><span class='hr-inner-style'><\/span><\/span><\/div>\n<div  class='av-buildercomment  av-blog-meta-html-info-disabled av-blog-meta-tag-disabled  '><\/div>\n","protected":false},"excerpt":{"rendered":"","protected":false},"author":1,"featured_media":37516,"comment_status":"open","ping_status":"open","sticky":false,"template":"","format":"standard","meta":{"footnotes":""},"categories":[46],"tags":[],"class_list":["post-37515","post","type-post","status-publish","format-standard","has-post-thumbnail","hentry","category-salud"],"jetpack_featured_media_url":"https:\/\/radiorevelacionfm.cl\/wp-content\/uploads\/2023\/11\/terreno-villa-ohiggins-1_optimized-1.jpg","_links":{"self":[{"href":"https:\/\/radiorevelacionfm.cl\/index.php?rest_route=\/wp\/v2\/posts\/37515","targetHints":{"allow":["GET"]}}],"collection":[{"href":"https:\/\/radiorevelacionfm.cl\/index.php?rest_route=\/wp\/v2\/posts"}],"about":[{"href":"https:\/\/radiorevelacionfm.cl\/index.php?rest_route=\/wp\/v2\/types\/post"}],"author":[{"embeddable":true,"href":"https:\/\/radiorevelacionfm.cl\/index.php?rest_route=\/wp\/v2\/users\/1"}],"replies":[{"embeddable":true,"href":"https:\/\/radiorevelacionfm.cl\/index.php?rest_route=%2Fwp%2Fv2%2Fcomments&post=37515"}],"version-history":[{"count":1,"href":"https:\/\/radiorevelacionfm.cl\/index.php?rest_route=\/wp\/v2\/posts\/37515\/revisions"}],"predecessor-version":[{"id":37517,"href":"https:\/\/radiorevelacionfm.cl\/index.php?rest_route=\/wp\/v2\/posts\/37515\/revisions\/37517"}],"wp:featuredmedia":[{"embeddable":true,"href":"https:\/\/radiorevelacionfm.cl\/index.php?rest_route=\/wp\/v2\/media\/37516"}],"wp:attachment":[{"href":"https:\/\/radiorevelacionfm.cl\/index.php?rest_route=%2Fwp%2Fv2%2Fmedia&parent=37515"}],"wp:term":[{"taxonomy":"category","embeddable":true,"href":"https:\/\/radiorevelacionfm.cl\/index.php?rest_route=%2Fwp%2Fv2%2Fcategories&post=37515"},{"taxonomy":"post_tag","embeddable":true,"href":"https:\/\/radiorevelacionfm.cl\/index.php?rest_route=%2Fwp%2Fv2%2Ftags&post=37515"}],"curies":[{"name":"wp","href":"https:\/\/api.w.org\/{rel}","templated":true}]}}