{"id":37512,"date":"2023-11-29T11:23:07","date_gmt":"2023-11-29T14:23:07","guid":{"rendered":"https:\/\/radiorevelacionfm.cl\/?p=37512"},"modified":"2023-11-29T11:23:07","modified_gmt":"2023-11-29T14:23:07","slug":"en-puerto-cisnes-celebran-con-entusiasmo-la-conclusion-exitosa-del-proyecto-de-construccion-del-paseo-parque-rio-san-luis","status":"publish","type":"post","link":"https:\/\/radiorevelacionfm.cl\/?p=37512","title":{"rendered":"En Puerto Cisnes celebran con entusiasmo la conclusi\u00f3n exitosa del Proyecto de Construcci\u00f3n del Paseo Parque R\u00edo San Luis"},"content":{"rendered":"<div class=\"flex_column av_one_full  flex_column_div av-zero-column-padding first  avia-builder-el-0  el_before_av_one_full  avia-builder-el-first  \" style='border-radius:0px; '><div  class='avia-image-container  av-styling-    avia-builder-el-1  avia-builder-el-no-sibling  avia-align-center '  itemprop=\"image\" itemscope=\"itemscope\" itemtype=\"https:\/\/schema.org\/ImageObject\"  ><div class='avia-image-container-inner'><div class='avia-image-overlay-wrap'><img decoding=\"async\" class='wp-image-37513 avia-img-lazy-loading-not-37513 avia_image' src=\"https:\/\/radiorevelacionfm.cl\/wp-content\/uploads\/2023\/11\/WhatsApp-Image-2023-11-28-at-19.50.56-1-1.jpeg\" alt='' title='WhatsApp Image 2023-11-28 at 19.50.56 (1) (1)' height=\"600\" width=\"800\"  itemprop=\"thumbnailUrl\" srcset=\"https:\/\/radiorevelacionfm.cl\/wp-content\/uploads\/2023\/11\/WhatsApp-Image-2023-11-28-at-19.50.56-1-1.jpeg 800w, https:\/\/radiorevelacionfm.cl\/wp-content\/uploads\/2023\/11\/WhatsApp-Image-2023-11-28-at-19.50.56-1-1-300x225.jpeg 300w, https:\/\/radiorevelacionfm.cl\/wp-content\/uploads\/2023\/11\/WhatsApp-Image-2023-11-28-at-19.50.56-1-1-768x576.jpeg 768w, https:\/\/radiorevelacionfm.cl\/wp-content\/uploads\/2023\/11\/WhatsApp-Image-2023-11-28-at-19.50.56-1-1-705x529.jpeg 705w, https:\/\/radiorevelacionfm.cl\/wp-content\/uploads\/2023\/11\/WhatsApp-Image-2023-11-28-at-19.50.56-1-1-450x338.jpeg 450w, https:\/\/radiorevelacionfm.cl\/wp-content\/uploads\/2023\/11\/WhatsApp-Image-2023-11-28-at-19.50.56-1-1-600x450.jpeg 600w\" sizes=\"(max-width: 800px) 100vw, 800px\" \/><\/div><\/div><\/div><\/div><div class=\"flex_column av_one_full  flex_column_div av-zero-column-padding first  avia-builder-el-2  el_after_av_one_full  el_before_av_one_full  column-top-margin\" style='border-radius:0px; '><section class=\"av_textblock_section \"  itemscope=\"itemscope\" itemtype=\"https:\/\/schema.org\/BlogPosting\" itemprop=\"blogPost\" ><div class='avia_textblock  '   itemprop=\"text\" ><p style=\"text-align: center;\"><span style=\"font-size: 18pt;\"><strong>En Puerto Cisnes celebran con entusiasmo la conclusi\u00f3n exitosa del Proyecto de Construcci\u00f3n del Paseo Parque R\u00edo San Luis<\/strong><\/span><\/p>\n<div id=\"gtx-trans\" style=\"position: absolute; left: -50px; top: 4.31534px;\">\n<div class=\"gtx-trans-icon\"><\/div>\n<\/div>\n<\/div><\/section><\/div><div class=\"flex_column av_one_full  flex_column_div av-zero-column-padding first  avia-builder-el-4  el_after_av_one_full  el_before_av_hr  column-top-margin\" style='border-radius:0px; '><section class=\"av_textblock_section \"  itemscope=\"itemscope\" itemtype=\"https:\/\/schema.org\/BlogPosting\" itemprop=\"blogPost\" ><div class='avia_textblock  '   itemprop=\"text\" ><p style=\"text-align: justify;\">En un significativo logro para la comunidad de Puerto Cisnes, la colaboraci\u00f3n fruct\u00edfera entre la Escuela de Arquitectura y Dise\u00f1o de la Pontificia Universidad Cat\u00f3lica de Valpara\u00edso (PUCV) y la Ilustre Municipalidad de Cisnes ha culminado con \u00e9xito el proyecto, llevado a cabo del 19 al 28 de noviembre de 2023.<\/p>\n<p style=\"text-align: justify;\">Durante este per\u00edodo, 66 estudiantes y 6 profesores de la Escuela de Arquitectura y Dise\u00f1o participaron en la \u00abTraves\u00eda de Obra\u00bb, una experiencia \u00fanica que result\u00f3 en la creaci\u00f3n de un Paseo dentro del Parque R\u00edo San Luis. Este Paseo cuenta con miradores panor\u00e1micos dise\u00f1ados para ofrecer vistas hacia la belleza natural que rodea Puerto Cisnes, as\u00ed como un Pabell\u00f3n que no solo sirve como punto de encuentro, sino tambi\u00e9n como una expresi\u00f3n creativa que refleja la identidad local. Adem\u00e1s, se han integrado pasarelas conectivas que se entrelazan de manera fluida en el conjunto del Paseo.<\/p>\n<p style=\"text-align: justify;\">Los estudiantes valoraron esta experiencia \u00fanica, al poder conocer nuevos rincones de nuestro pa\u00eds y llevar a cabo un trabajo conjunto que dio como resultado algo que ser\u00e1 \u00fatil para toda la comunidad.<\/p>\n<p style=\"text-align: justify;\">El Alcalde, Francisco Roncagliolo, destac\u00f3 la importancia del convenio firmado con la Universidad Cat\u00f3lica de Valpara\u00edso, el cual ha facilitado la realizaci\u00f3n de esta iniciativa, junto con otros 8 proyectos en la comuna en los \u00faltimos a\u00f1os. \u00abCon este convenio, buscamos generar dise\u00f1os y estructuras habilitantes que aprovechen el espacio del Parque. Esperamos seguir trabajando en futuras colaboraciones que generen beneficios para la comunidad\u00bb.<\/p>\n<\/div><\/section><\/div><div  style='height:50px' class='hr hr-invisible   avia-builder-el-6  el_after_av_one_full  el_before_av_social_share '><span class='hr-inner ' ><span class='hr-inner-style'><\/span><\/span><\/div><\/p>\n<div  class='av-social-sharing-box  avia-builder-el-7  el_after_av_hr  el_before_av_hr  '><div class='av-share-box'><h5 class='av-share-link-description av-no-toc '>Compartir esta noticia<\/h5><ul class='av-share-box-list noLightbox'><li class='av-share-link av-social-link-facebook' ><a target=\"_blank\" aria-label=\"Compartir en Facebook\" href='https:\/\/www.facebook.com\/sharer.php?u=https:\/\/radiorevelacionfm.cl\/?p=37512&#038;t=En%20Puerto%20Cisnes%20celebran%20con%20entusiasmo%20la%20conclusi%C3%B3n%20exitosa%20del%20Proyecto%20de%20Construcci%C3%B3n%20del%20Paseo%20Parque%20R%C3%ADo%20San%20Luis' aria-hidden='false' data-av_icon='\ue8f3' data-av_iconfont='entypo-fontello' title='' data-avia-related-tooltip='Compartir en Facebook' rel=\"noopener\"><span class='avia_hidden_link_text'>Compartir en Facebook<\/span><\/a><\/li><li class='av-share-link av-social-link-twitter' ><a target=\"_blank\" aria-label=\"Compartir en Twitter\" href='https:\/\/twitter.com\/share?text=En%20Puerto%20Cisnes%20celebran%20con%20entusiasmo%20la%20conclusi%C3%B3n%20exitosa%20del%20Proyecto%20de%20Construcci%C3%B3n%20del%20Paseo%20Parque%20R%C3%ADo%20San%20Luis&#038;url=https:\/\/radiorevelacionfm.cl\/?p=37512' aria-hidden='false' data-av_icon='\ue8f1' data-av_iconfont='entypo-fontello' title='' data-avia-related-tooltip='Compartir en Twitter' rel=\"noopener\"><span class='avia_hidden_link_text'>Compartir en Twitter<\/span><\/a><\/li><li class='av-share-link av-social-link-whatsapp' ><a target=\"_blank\" aria-label=\"Compartir en Whatsapp\" href='https:\/\/api.whatsapp.com\/send?text=https:\/\/radiorevelacionfm.cl\/?p=37512' aria-hidden='false' data-av_icon='\uf232' data-av_iconfont='entypo-fontello' title='' data-avia-related-tooltip='Compartir en Whatsapp' rel=\"noopener\"><span class='avia_hidden_link_text'>Compartir en Whatsapp<\/span><\/a><\/li><li class='av-share-link av-social-link-linkedin' ><a target=\"_blank\" aria-label=\"Compartir en LinkedIn\" href='https:\/\/linkedin.com\/shareArticle?mini=true&#038;title=En%20Puerto%20Cisnes%20celebran%20con%20entusiasmo%20la%20conclusi%C3%B3n%20exitosa%20del%20Proyecto%20de%20Construcci%C3%B3n%20del%20Paseo%20Parque%20R%C3%ADo%20San%20Luis&#038;url=https:\/\/radiorevelacionfm.cl\/?p=37512' aria-hidden='false' data-av_icon='\ue8fc' data-av_iconfont='entypo-fontello' title='' data-avia-related-tooltip='Compartir en LinkedIn' rel=\"noopener\"><span class='avia_hidden_link_text'>Compartir en LinkedIn<\/span><\/a><\/li><li class='av-share-link av-social-link-mail' ><a  aria-label=\"Compartir por correo\" href='mailto:?subject=En%20Puerto%20Cisnes%20celebran%20con%20entusiasmo%20la%20conclusi%C3%B3n%20exitosa%20del%20Proyecto%20de%20Construcci%C3%B3n%20del%20Paseo%20Parque%20R%C3%ADo%20San%20Luis&#038;body=https:\/\/radiorevelacionfm.cl\/?p=37512' aria-hidden='false' data-av_icon='\ue805' data-av_iconfont='entypo-fontello' title='' data-avia-related-tooltip='Compartir por correo'><span class='avia_hidden_link_text'>Compartir por correo<\/span><\/a><\/li><\/ul><\/div><\/div>\n<div  style='height:50px' class='hr hr-invisible   avia-builder-el-8  el_after_av_social_share  el_before_av_comments_list '><span class='hr-inner ' ><span class='hr-inner-style'><\/span><\/span><\/div>\n<div  class='av-buildercomment  av-blog-meta-html-info-disabled av-blog-meta-tag-disabled  '><\/div>\n","protected":false},"excerpt":{"rendered":"","protected":false},"author":1,"featured_media":37513,"comment_status":"open","ping_status":"open","sticky":false,"template":"","format":"standard","meta":{"footnotes":""},"categories":[38],"tags":[],"class_list":["post-37512","post","type-post","status-publish","format-standard","has-post-thumbnail","hentry","category-regional"],"jetpack_featured_media_url":"https:\/\/radiorevelacionfm.cl\/wp-content\/uploads\/2023\/11\/WhatsApp-Image-2023-11-28-at-19.50.56-1-1.jpeg","_links":{"self":[{"href":"https:\/\/radiorevelacionfm.cl\/index.php?rest_route=\/wp\/v2\/posts\/37512","targetHints":{"allow":["GET"]}}],"collection":[{"href":"https:\/\/radiorevelacionfm.cl\/index.php?rest_route=\/wp\/v2\/posts"}],"about":[{"href":"https:\/\/radiorevelacionfm.cl\/index.php?rest_route=\/wp\/v2\/types\/post"}],"author":[{"embeddable":true,"href":"https:\/\/radiorevelacionfm.cl\/index.php?rest_route=\/wp\/v2\/users\/1"}],"replies":[{"embeddable":true,"href":"https:\/\/radiorevelacionfm.cl\/index.php?rest_route=%2Fwp%2Fv2%2Fcomments&post=37512"}],"version-history":[{"count":1,"href":"https:\/\/radiorevelacionfm.cl\/index.php?rest_route=\/wp\/v2\/posts\/37512\/revisions"}],"predecessor-version":[{"id":37514,"href":"https:\/\/radiorevelacionfm.cl\/index.php?rest_route=\/wp\/v2\/posts\/37512\/revisions\/37514"}],"wp:featuredmedia":[{"embeddable":true,"href":"https:\/\/radiorevelacionfm.cl\/index.php?rest_route=\/wp\/v2\/media\/37513"}],"wp:attachment":[{"href":"https:\/\/radiorevelacionfm.cl\/index.php?rest_route=%2Fwp%2Fv2%2Fmedia&parent=37512"}],"wp:term":[{"taxonomy":"category","embeddable":true,"href":"https:\/\/radiorevelacionfm.cl\/index.php?rest_route=%2Fwp%2Fv2%2Fcategories&post=37512"},{"taxonomy":"post_tag","embeddable":true,"href":"https:\/\/radiorevelacionfm.cl\/index.php?rest_route=%2Fwp%2Fv2%2Ftags&post=37512"}],"curies":[{"name":"wp","href":"https:\/\/api.w.org\/{rel}","templated":true}]}}