{"id":37508,"date":"2023-12-08T18:32:24","date_gmt":"2023-12-08T21:32:24","guid":{"rendered":"https:\/\/radiorevelacionfm.cl\/?p=37508"},"modified":"2023-12-08T18:32:24","modified_gmt":"2023-12-08T21:32:24","slug":"parque-nacional-patagonia-rescatando-a-los-nandues-de-aysen","status":"publish","type":"post","link":"https:\/\/radiorevelacionfm.cl\/?p=37508","title":{"rendered":"Parque Nacional Patagonia: Rescatando a los \u00f1and\u00faes de Ays\u00e9n"},"content":{"rendered":"<div class=\"flex_column av_one_full  flex_column_div av-zero-column-padding first  avia-builder-el-0  el_before_av_one_full  avia-builder-el-first  \" style='border-radius:0px; '><div  class='avia-image-container  av-styling-    avia-builder-el-1  avia-builder-el-no-sibling  avia-align-center '  itemprop=\"image\" itemscope=\"itemscope\" itemtype=\"https:\/\/schema.org\/ImageObject\"  ><div class='avia-image-container-inner'><div class='avia-image-overlay-wrap'><img decoding=\"async\" class='wp-image-37509 avia-img-lazy-loading-not-37509 avia_image' src=\"https:\/\/radiorevelacionfm.cl\/wp-content\/uploads\/2023\/11\/nandues-1-1.jpg\" alt='' title='\u00f1andues (1) (1)' height=\"600\" width=\"808\"  itemprop=\"thumbnailUrl\" srcset=\"https:\/\/radiorevelacionfm.cl\/wp-content\/uploads\/2023\/11\/nandues-1-1.jpg 808w, https:\/\/radiorevelacionfm.cl\/wp-content\/uploads\/2023\/11\/nandues-1-1-300x223.jpg 300w, https:\/\/radiorevelacionfm.cl\/wp-content\/uploads\/2023\/11\/nandues-1-1-768x570.jpg 768w, https:\/\/radiorevelacionfm.cl\/wp-content\/uploads\/2023\/11\/nandues-1-1-705x524.jpg 705w, https:\/\/radiorevelacionfm.cl\/wp-content\/uploads\/2023\/11\/nandues-1-1-450x334.jpg 450w, https:\/\/radiorevelacionfm.cl\/wp-content\/uploads\/2023\/11\/nandues-1-1-600x446.jpg 600w\" sizes=\"(max-width: 808px) 100vw, 808px\" \/><\/div><\/div><\/div><\/div>\n<div class=\"flex_column av_one_full  flex_column_div av-zero-column-padding first  avia-builder-el-2  el_after_av_one_full  el_before_av_one_full  column-top-margin\" style='border-radius:0px; '><section class=\"av_textblock_section \"  itemscope=\"itemscope\" itemtype=\"https:\/\/schema.org\/BlogPosting\" itemprop=\"blogPost\" ><div class='avia_textblock  '   itemprop=\"text\" ><p style=\"text-align: center;\"><strong><span style=\"font-size: 18pt;\">Parque Nacional Patagonia: Rescatando a los \u00f1and\u00faes de Ays\u00e9n<\/span><\/strong><\/p>\n<div id=\"gtx-trans\" style=\"position: absolute; left: -50px; top: 4.31534px;\">\n<div class=\"gtx-trans-icon\"><\/div>\n<\/div>\n<\/div><\/section><\/div>\n<div class=\"flex_column av_one_full  flex_column_div av-zero-column-padding first  avia-builder-el-4  el_after_av_one_full  el_before_av_hr  column-top-margin\" style='border-radius:0px; '><section class=\"av_textblock_section \"  itemscope=\"itemscope\" itemtype=\"https:\/\/schema.org\/BlogPosting\" itemprop=\"blogPost\" ><div class='avia_textblock  '   itemprop=\"text\" ><p style=\"text-align: justify;\"><em>A trav\u00e9s de un convenio de cooperaci\u00f3n, Fundaci\u00f3n Rewilding Chile y Reserva Quim\u00e1n enriquecen la diversidad gen\u00e9tica de los \u00f1and\u00faes de la Regi\u00f3n de Ays\u00e9n.<\/em><\/p>\n<p style=\"text-align: justify;\">Lo que hoy es el Parque Nacional Patagonia\u00a0antes era una hacienda ganadera que desplaz\u00f3 por d\u00e9cadas a la fauna nativa del lugar. Fue as\u00ed como los\u00a0\u00f1and\u00faes en la regi\u00f3n de Ays\u00e9n estaban al borde de la extinci\u00f3n local, habiendo s\u00f3lo\u00a020 ejemplares en el 2008.<\/p>\n<div class=\"entry-texto prosa lh-loose mt-0-first mb-0-last color-gray-dark rmt rmb first-p-drop-cap\" style=\"text-align: justify;\">\n<p>Para revertir esta tendencia, y luego de la compra de la Hacienda Chacabuco, en 2014\u00a0Fundaci\u00f3n Rewilding Chile\u00a0en conjunto con\u00a0<a href=\"https:\/\/www.tompkinsconservation.org\/\" target=\"_blank\" rel=\"noopener\">Tompkins Conservation<\/a>, iniciaron un\u00a0programa de Conservaci\u00f3n y Recuperaci\u00f3n del \u00d1and\u00fa, estableciendo una primera guarder\u00eda, Puesto \u00d1and\u00fa, para otorgar protecci\u00f3n a esta especie y realizar acciones de monitoreo orientadas a identificar las amenazas, predadores naturales y mejorar el conocimiento de la poblaci\u00f3n del \u00e1rea.<\/p>\n<p>De dicho br\u00edo inicial, surgieron\u00a0dos machos reproductores,\u00a0Alas y Douglas, quienes durante a\u00f1os fueron los encargados de potenciar la poblaci\u00f3n de \u00f1and\u00faes en el medio silvestre a trav\u00e9s de sus cr\u00edas. Hoy, estos ejemplares fueron trasladados al\u00a0Centro de Reproducci\u00f3n de Fauna Nativa\u00a0<a href=\"https:\/\/www.instagram.com\/reservaquiman\/\" target=\"_blank\" rel=\"noopener\">Reserva Quim\u00e1n<\/a>, partner estrat\u00e9gico de Rewilding Chile, para\u00a0mejorar la diversidad gen\u00e9tica\u00a0de las nuevas nidadas provenientes de la reserva y que\u00a0luego ser\u00e1n liberados en el Parque Nacional Patagonia.<\/p>\n<\/div>\n<div class=\"col-sm-12 col-md-7\" style=\"text-align: justify;\">\n<div class=\"entry-content mt-0-first mb-0-last rpt rpb\">\n<div class=\"bloques mt-0-first mb-0-last\">\n<div class=\"entry-texto prosa lh-loose mt-0-first mb-0-last color-gray-dark rmt rmb \">\n<p>Para\u00a0Alejandra Saavedra,\u00a0guardafauna y coordinadora del Centro de Reproducci\u00f3n\u00a0de Rewilding Chile,\u00a0<em>\u201cel hecho de contar con Alas y Douglas y trasladarlos a la Reserva Quim\u00e1n, nos da la oportunidad de que nazcan nuevos charitos con una gen\u00e9tica fortalecida, lo que permitir\u00e1 que el ecosistema de estas aves en la Patagonia se enriquezca y as\u00ed su poblaci\u00f3n pueda ir creciendo de manera m\u00e1s acelerada\u201d<\/em>.<\/p>\n<p>De esta manera, la nueva generaci\u00f3n de charitos nacidos de Alas y Douglas , presentan mejores condiciones gen\u00e9ticas, mayor tama\u00f1o, un mejor plumaje y estado general que les permitir\u00e1n reinsertarse m\u00e1s f\u00e1cilmente al estado natural del Parque y correr libremente por la estepa patag\u00f3nica.<\/p>\n<p>Cabe recalcar, que gracias al trabajo de rewilding que se ha llevado a cabo en el\u00a0\u00faltimo censo (marzo 2021) arroj\u00f3 68 \u00f1and\u00faes adultos y 24 charitos libres en el Parque Nacional Patagonia. La meta es aumentar la poblaci\u00f3n a 100 \u00f1and\u00faes adultos en vida libre lo que representa una oportunidad real de reproducci\u00f3n y por lo tanto de recuperaci\u00f3n num\u00e9rica poblacional, lo que permite su recuperaci\u00f3n funcional en el ecosistema como herb\u00edvoro dispersores de semillas y como especie clave de la estepa patag\u00f3nica junto al guanaco.<\/p>\n<\/div>\n<\/div>\n<\/div>\n<\/div>\n<div class=\"col-sm-12 col-md-4 col-md-offset-1\" style=\"text-align: justify;\"><\/div>\n<\/div><\/section><\/div><div  style='height:50px' class='hr hr-invisible   avia-builder-el-6  el_after_av_one_full  el_before_av_social_share '><span class='hr-inner ' ><span class='hr-inner-style'><\/span><\/span><\/div><\/p>\n<div  class='av-social-sharing-box  avia-builder-el-7  el_after_av_hr  el_before_av_hr  '><div class='av-share-box'><h5 class='av-share-link-description av-no-toc '>Compartir esta noticia<\/h5><ul class='av-share-box-list noLightbox'><li class='av-share-link av-social-link-facebook' ><a target=\"_blank\" aria-label=\"Compartir en Facebook\" href='https:\/\/www.facebook.com\/sharer.php?u=https:\/\/radiorevelacionfm.cl\/?p=37508&#038;t=Parque%20Nacional%20Patagonia%3A%20Rescatando%20a%20los%20%C3%B1and%C3%BAes%20de%20Ays%C3%A9n' aria-hidden='false' data-av_icon='\ue8f3' data-av_iconfont='entypo-fontello' title='' data-avia-related-tooltip='Compartir en Facebook' rel=\"noopener\"><span class='avia_hidden_link_text'>Compartir en Facebook<\/span><\/a><\/li><li class='av-share-link av-social-link-twitter' ><a target=\"_blank\" aria-label=\"Compartir en Twitter\" href='https:\/\/twitter.com\/share?text=Parque%20Nacional%20Patagonia%3A%20Rescatando%20a%20los%20%C3%B1and%C3%BAes%20de%20Ays%C3%A9n&#038;url=https:\/\/radiorevelacionfm.cl\/?p=37508' aria-hidden='false' data-av_icon='\ue8f1' data-av_iconfont='entypo-fontello' title='' data-avia-related-tooltip='Compartir en Twitter' rel=\"noopener\"><span class='avia_hidden_link_text'>Compartir en Twitter<\/span><\/a><\/li><li class='av-share-link av-social-link-whatsapp' ><a target=\"_blank\" aria-label=\"Compartir en Whatsapp\" href='https:\/\/api.whatsapp.com\/send?text=https:\/\/radiorevelacionfm.cl\/?p=37508' aria-hidden='false' data-av_icon='\uf232' data-av_iconfont='entypo-fontello' title='' data-avia-related-tooltip='Compartir en Whatsapp' rel=\"noopener\"><span class='avia_hidden_link_text'>Compartir en Whatsapp<\/span><\/a><\/li><li class='av-share-link av-social-link-linkedin' ><a target=\"_blank\" aria-label=\"Compartir en LinkedIn\" href='https:\/\/linkedin.com\/shareArticle?mini=true&#038;title=Parque%20Nacional%20Patagonia%3A%20Rescatando%20a%20los%20%C3%B1and%C3%BAes%20de%20Ays%C3%A9n&#038;url=https:\/\/radiorevelacionfm.cl\/?p=37508' aria-hidden='false' data-av_icon='\ue8fc' data-av_iconfont='entypo-fontello' title='' data-avia-related-tooltip='Compartir en LinkedIn' rel=\"noopener\"><span class='avia_hidden_link_text'>Compartir en LinkedIn<\/span><\/a><\/li><li class='av-share-link av-social-link-mail' ><a  aria-label=\"Compartir por correo\" href='mailto:?subject=Parque%20Nacional%20Patagonia%3A%20Rescatando%20a%20los%20%C3%B1and%C3%BAes%20de%20Ays%C3%A9n&#038;body=https:\/\/radiorevelacionfm.cl\/?p=37508' aria-hidden='false' data-av_icon='\ue805' data-av_iconfont='entypo-fontello' title='' data-avia-related-tooltip='Compartir por correo'><span class='avia_hidden_link_text'>Compartir por correo<\/span><\/a><\/li><\/ul><\/div><\/div>\n<div  style='height:50px' class='hr hr-invisible   avia-builder-el-8  el_after_av_social_share  el_before_av_comments_list '><span class='hr-inner ' ><span class='hr-inner-style'><\/span><\/span><\/div>\n<div  class='av-buildercomment  av-blog-meta-html-info-disabled av-blog-meta-tag-disabled  '><\/div>\n","protected":false},"excerpt":{"rendered":"","protected":false},"author":1,"featured_media":37509,"comment_status":"open","ping_status":"open","sticky":false,"template":"","format":"standard","meta":{"footnotes":""},"categories":[38],"tags":[],"class_list":["post-37508","post","type-post","status-publish","format-standard","has-post-thumbnail","hentry","category-regional"],"jetpack_featured_media_url":"https:\/\/radiorevelacionfm.cl\/wp-content\/uploads\/2023\/11\/nandues-1-1.jpg","_links":{"self":[{"href":"https:\/\/radiorevelacionfm.cl\/index.php?rest_route=\/wp\/v2\/posts\/37508","targetHints":{"allow":["GET"]}}],"collection":[{"href":"https:\/\/radiorevelacionfm.cl\/index.php?rest_route=\/wp\/v2\/posts"}],"about":[{"href":"https:\/\/radiorevelacionfm.cl\/index.php?rest_route=\/wp\/v2\/types\/post"}],"author":[{"embeddable":true,"href":"https:\/\/radiorevelacionfm.cl\/index.php?rest_route=\/wp\/v2\/users\/1"}],"replies":[{"embeddable":true,"href":"https:\/\/radiorevelacionfm.cl\/index.php?rest_route=%2Fwp%2Fv2%2Fcomments&post=37508"}],"version-history":[{"count":3,"href":"https:\/\/radiorevelacionfm.cl\/index.php?rest_route=\/wp\/v2\/posts\/37508\/revisions"}],"predecessor-version":[{"id":37828,"href":"https:\/\/radiorevelacionfm.cl\/index.php?rest_route=\/wp\/v2\/posts\/37508\/revisions\/37828"}],"wp:featuredmedia":[{"embeddable":true,"href":"https:\/\/radiorevelacionfm.cl\/index.php?rest_route=\/wp\/v2\/media\/37509"}],"wp:attachment":[{"href":"https:\/\/radiorevelacionfm.cl\/index.php?rest_route=%2Fwp%2Fv2%2Fmedia&parent=37508"}],"wp:term":[{"taxonomy":"category","embeddable":true,"href":"https:\/\/radiorevelacionfm.cl\/index.php?rest_route=%2Fwp%2Fv2%2Fcategories&post=37508"},{"taxonomy":"post_tag","embeddable":true,"href":"https:\/\/radiorevelacionfm.cl\/index.php?rest_route=%2Fwp%2Fv2%2Ftags&post=37508"}],"curies":[{"name":"wp","href":"https:\/\/api.w.org\/{rel}","templated":true}]}}