{"id":37502,"date":"2023-11-29T10:46:31","date_gmt":"2023-11-29T13:46:31","guid":{"rendered":"https:\/\/radiorevelacionfm.cl\/?p=37502"},"modified":"2023-11-29T10:46:31","modified_gmt":"2023-11-29T13:46:31","slug":"inauguran-punto-de-atencion-virtual-en-puerto-rio-tranquilo","status":"publish","type":"post","link":"https:\/\/radiorevelacionfm.cl\/?p=37502","title":{"rendered":"Inauguran punto de atenci\u00f3n virtual en Puerto R\u00edo Tranquilo"},"content":{"rendered":"<div class=\"flex_column av_one_full  flex_column_div av-zero-column-padding first  avia-builder-el-0  el_before_av_one_full  avia-builder-el-first  \" style='border-radius:0px; '><div  class='avia-image-container  av-styling-    avia-builder-el-1  avia-builder-el-no-sibling  avia-align-center '  itemprop=\"image\" itemscope=\"itemscope\" itemtype=\"https:\/\/schema.org\/ImageObject\"  ><div class='avia-image-container-inner'><div class='avia-image-overlay-wrap'><img decoding=\"async\" class='wp-image-37503 avia-img-lazy-loading-not-37503 avia_image' src=\"https:\/\/radiorevelacionfm.cl\/wp-content\/uploads\/2023\/11\/Punto-Virtual-2023-11-14-1-1.jpeg\" alt='' title='Punto Virtual 2023-11-14 (1) (1)' height=\"600\" width=\"803\"  itemprop=\"thumbnailUrl\" srcset=\"https:\/\/radiorevelacionfm.cl\/wp-content\/uploads\/2023\/11\/Punto-Virtual-2023-11-14-1-1.jpeg 803w, https:\/\/radiorevelacionfm.cl\/wp-content\/uploads\/2023\/11\/Punto-Virtual-2023-11-14-1-1-300x224.jpeg 300w, https:\/\/radiorevelacionfm.cl\/wp-content\/uploads\/2023\/11\/Punto-Virtual-2023-11-14-1-1-768x574.jpeg 768w, https:\/\/radiorevelacionfm.cl\/wp-content\/uploads\/2023\/11\/Punto-Virtual-2023-11-14-1-1-705x527.jpeg 705w, https:\/\/radiorevelacionfm.cl\/wp-content\/uploads\/2023\/11\/Punto-Virtual-2023-11-14-1-1-450x336.jpeg 450w, https:\/\/radiorevelacionfm.cl\/wp-content\/uploads\/2023\/11\/Punto-Virtual-2023-11-14-1-1-600x448.jpeg 600w\" sizes=\"(max-width: 803px) 100vw, 803px\" \/><\/div><\/div><\/div><\/div><div class=\"flex_column av_one_full  flex_column_div av-zero-column-padding first  avia-builder-el-2  el_after_av_one_full  el_before_av_one_full  column-top-margin\" style='border-radius:0px; '><section class=\"av_textblock_section \"  itemscope=\"itemscope\" itemtype=\"https:\/\/schema.org\/BlogPosting\" itemprop=\"blogPost\" ><div class='avia_textblock  '   itemprop=\"text\" ><p style=\"text-align: center;\"><strong><span style=\"font-size: 18pt;\">Inauguran punto de atenci\u00f3n virtual en Puerto R\u00edo Tranquilo <\/span><\/strong><\/p>\n<div id=\"gtx-trans\" style=\"position: absolute; left: -50px; top: 4.31534px;\">\n<div class=\"gtx-trans-icon\"><\/div>\n<\/div>\n<\/div><\/section><\/div><div class=\"flex_column av_one_full  flex_column_div av-zero-column-padding first  avia-builder-el-4  el_after_av_one_full  el_before_av_hr  column-top-margin\" style='border-radius:0px; '><section class=\"av_textblock_section \"  itemscope=\"itemscope\" itemtype=\"https:\/\/schema.org\/BlogPosting\" itemprop=\"blogPost\" ><div class='avia_textblock  '   itemprop=\"text\" ><p style=\"text-align: justify;\">En una alianza estrat\u00e9gica, que va en directo beneficio de la comunidad, el Instituto de Previsi\u00f3n Social \u2013 IPS y la Ilustre Municipalidad de Ib\u00e1\u00f1ez, inauguraron oficialmente el Punto de Atenci\u00f3n Virtual Municipal IPS- Puerto R\u00edo Tranquilo.<\/p>\n<p style=\"text-align: justify;\">La iniciativa busca facilitar el acceso a tr\u00e1mites y documentos para las y los habitantes de localidades lejanas o aisladas, que no cuentan con sucursales IPS. Esto, por medio de un servicio proactivo y personalizado a trav\u00e9s de la Sucursal Virtual IPSChileAtiende, con el apoyo y asistencia de un monitor o monitora municipal, debidamente capacitada en el funcionamiento del sistema de Video Atenci\u00f3n IPS.<\/p>\n<p style=\"text-align: justify;\">En la inauguraci\u00f3n de este nuevo e ic\u00f3nico servicio participaron el Delegado Presidencial Provincial de General Carrera, Crist\u00f3bal Barcel\u00f3 Veas; el seremi del Trabajo y Previsi\u00f3n Social, Rodrigo D\u00edaz Cordaro; el delegado municipal de Puerto R\u00edo Tranquilo, Pedro Soto Ser\u00f3n; y \u00a0\u00a0la jefa del Departamento Canales Presenciales de Atenci\u00f3n, Lenia Pizarro Sierra.<\/p>\n<p style=\"text-align: justify;\">Las autoridades destacaron la iniciativa, enfatizando la importancia de \u00e9sta en acercar el Estado a quienes habitan en localidades distantes de los principales centros urbanos, como es el caso de R\u00edo Tranquilo, que se encuentra a dos horas de Cochrane y a cuatro de Coyhaique, comunas hasta las que deben trasladarse si quieren acceder a los tr\u00e1mites de los servicios p\u00fablicos.<\/p>\n<p style=\"text-align: justify;\">En este contexto, Lenia Pizarro agradeci\u00f3 la confianza del Municipio de Ib\u00e1\u00f1ez, as\u00ed como la disposici\u00f3n y apoyo prestado para la implementaci\u00f3n de este Punto de Atenci\u00f3n. \u201cPara el IPS es una tarea y un deber \u00e9tico llegar a localidades donde al Estado le es muy dif\u00edcil llegar. Hoy d\u00eda, con ayuda de la tecnolog\u00eda, con ayuda del municipio y este trabajo conjunto entre el gobierno central y los gobiernos locales, hemos podido instalar ac\u00e1, el tercer Punto de Atenci\u00f3n Virtual Municipal <em>(del pa\u00eds)<\/em>, en Puerto R\u00edo Tranquilo. Lo que va a permitir que las personas que viven ac\u00e1: hombres, mujeres y j\u00f3venes, puedan acercarse ac\u00e1 a la Delegaci\u00f3n Municipal y poder conectarse a trav\u00e9s de un computador, gracias a la ayuda de una persona -que va a hacer las veces de una mediadora- para poder conectarse a nuestra Sucursal Virtual y poder atenderse de manera simult\u00e1nea. Tal cual lo estuvieran haciendo de manera presencial, para poder resolver tr\u00e1mites o iniciar solicitudes de tr\u00e1mites como por ejemplo la Pensi\u00f3n Garantizada Universal, hacer reconocimiento de cargas familiares, poder extinguir cargas familiares\u2026 En fin, 18 tr\u00e1mites que est\u00e1n dispuestos para la poblaci\u00f3n ac\u00e1 en Puerto R\u00edo Tranquilo\u201d, enfatiz\u00f3 la representante del Instituto de Previsi\u00f3n Social.<\/p>\n<p style=\"text-align: justify;\">El Punto Virtual de Atenci\u00f3n Virtual Municipal qued\u00f3 instalado en la Delegaci\u00f3n Municipal de Puerto R\u00edo Tranquilo y est\u00e1 a cargo de Andrea Millapinda y Pedro Soto. Este \u00faltimo, valor\u00f3 la gesti\u00f3n y el aporte que significar\u00e1 para los habitantes de la localidad.<\/p>\n<p style=\"text-align: justify;\">\u201cSin duda, este convenio que se ha generado entre la Municipalidad de R\u00edo Ib\u00e1\u00f1ez y el IPS ha sido un \u00e9xito rotundo, en el sentido de que porque hemos podido acercar a la comunidad para poder hacer todos los tr\u00e1mites sociales. Ya hemos llevado alrededor de cuatro a\u00f1os tambi\u00e9n iniciando los trabajos muchas veces desde la delegaci\u00f3n <em>(municipal), <\/em>trabajos administrativos con el IPS, pero ahora facilita en mayor medida poder contar con este Punto de Atenci\u00f3n Virtual\u201d, expres\u00f3 el delegado municipal.<\/p>\n<p style=\"text-align: justify;\">En la misma l\u00ednea, el seremi del Trabajo y Previsi\u00f3n Social, calific\u00f3 la iniciativa como \u201cinnovadora\u201d, y destac\u00f3 el trabajo mancomunado entre el IPS y los municipios de la regi\u00f3n. \u201cLo que hemos visto hoy d\u00eda, en esta instituci\u00f3n innovadora, que es el IPS ChileAtiende, el Instituto de Previsi\u00f3n Social, nos muestra en el fondo c\u00f3mo en el Estado debemos acercarnos a los ciudadanos hoy d\u00eda, facilit\u00e1ndole la vida a nuestros adultos mayores, a todos los beneficiarios y beneficiarias del IPS y su red ChileAtiende\u201d, expres\u00f3 Rodrigo D\u00edaz.<\/p>\n<p style=\"text-align: justify;\">As\u00ed lo corrobor\u00f3 tambi\u00e9n la usuaria Olinda Vel\u00e1squez, quien no ocult\u00f3 su alegr\u00eda por este nuevo servicio. \u201cEstamos viviendo muy aislados. Por lo menos aqu\u00ed, por lo menos a nosotros, nos cuesta salir a Coyhaique a hacer un tr\u00e1mite o pedir un apoyo. Esto, aqu\u00ed, est\u00e1 a la mano, porque est\u00e1 dentro de nuestra localidad. Y todo lo que sea en ayuda o apoyo para nuestra localidad o nuestra comuna, bienvenido sea. Y se agradece\u201d, enfatiz\u00f3.<\/p>\n<p style=\"text-align: justify;\">Por su parte, el delegado presidencial provincial de General Carrera valor\u00f3 de este nuevo canal de atenci\u00f3n, no s\u00f3lo respecto del acceso a los tr\u00e1mites del Estado sino tambi\u00e9n como aporte a la descentralizaci\u00f3n tanto a nivel nacional como regional.<\/p>\n<p style=\"text-align: justify;\">\u201cAdem\u00e1s de la descentralizaci\u00f3n que debe existir desde la capital nacional con las regiones, tambi\u00e9n debe existir una en el interior de la regi\u00f3n. Que no solamente hablemos de Coyhaique sino que tambi\u00e9n hablemos de las distintas comunas; en particular, ac\u00e1, de la comuna de R\u00edo Ib\u00e1\u00f1ez, que es una comuna muy extensa y que, por supuesto, tiene todav\u00eda mucho por hacer, pero que, finalmente, esto que trabaja el IPS en conjunto con el Ministerio del Trabajo y Previsi\u00f3n Social, viene a dar una respuesta inmediata, una tarea cumplida, con respecto a la forma de acercarse al Estado, la forma de generar esta descentralizaci\u00f3n, que es parte del mandato\u00a0 que nos entrega a nosotros el Presidente Gabriel Boric\u201d, remarc\u00f3 el delegado Crist\u00f3bal Barcel\u00f3.<\/p>\n<p style=\"text-align: justify;\">En nuestra regi\u00f3n ya son tres los Puntos de Atenci\u00f3n Virtual Municipal que se han implementado. Al reci\u00e9n inaugurado en Puerto R\u00edo Tranquilo, se suman los correspondientes a Las Guaitecas y Villa O\u2019Higgins. Todos ellos se encuentran en funcionamiento desde fines de octubre, y a espera de sus inauguraciones formales.<\/p>\n<p style=\"text-align: justify;\"><em>Los tr\u00e1mites y documentos disponibles a trav\u00e9s del Punto de Atenci\u00f3n Virtual Municipal:<\/em><\/p>\n<ul style=\"text-align: justify;\">\n<li><em>Bono Bodas de Oro.<\/em><\/li>\n<li><em>Bono por Hijo.<\/em><\/li>\n<li><em>Bonificaci\u00f3n de la cotizaci\u00f3n obligatoria de salud (7%).<\/em><\/li>\n<li><em>Liquidaci\u00f3n de pensi\u00f3n o beneficio.<\/em><\/li>\n<li><em>Certificado de Ley de renta de pensionados.<\/em><\/li>\n<li><em>Afiliaci\u00f3n a Fonasa.<\/em><\/li>\n<li><em>Modificaci\u00f3n de forma de pago para beneficiarios del IPS.<\/em><\/li>\n<li><em>Pensi\u00f3n Garantizada Universal (PGU).<\/em><\/li>\n<li><em>Autorizaci\u00f3n para cobrar beneficios de previsi\u00f3n social a trav\u00e9s de un apoderado.<\/em><\/li>\n<li><em>Inscripci\u00f3n de cuenta bancaria para saldo a favor del empleador.<\/em><\/li>\n<li><em>Extinci\u00f3n de cargas para Asignaci\u00f3n Familiar.<\/em><\/li>\n<li><em>Reconocimiento de cargas para Asignaci\u00f3n Familiar (trabajadores independientes).<\/em><\/li>\n<li><em>Reconocimiento de cargas para Asignaci\u00f3n Familiar (trabajadores dependientes).<\/em><\/li>\n<li><em>Incorporaci\u00f3n de una carga de salud a Fonasa.<\/em><\/li>\n<li><em>Certificaci\u00f3n de supervivencia IPS para chilenos en el exterior.<\/em><\/li>\n<li><em>Subsidio de Discapacidad para menores de 18 a\u00f1os.<\/em><\/li>\n<li><em>Cartola Hogar.<\/em><\/li>\n<li><em>Certificado de persona cuidadora.<\/em><\/li>\n<\/ul>\n<p style=\"text-align: justify;\"><em>\u00a0<\/em><\/p>\n<p style=\"text-align: justify;\"><em>\u00a0<\/em><\/p>\n<\/div><\/section><\/div><div  style='height:50px' class='hr hr-invisible   avia-builder-el-6  el_after_av_one_full  el_before_av_social_share '><span class='hr-inner ' ><span class='hr-inner-style'><\/span><\/span><\/div><\/p>\n<div  class='av-social-sharing-box  avia-builder-el-7  el_after_av_hr  el_before_av_hr  '><div class='av-share-box'><h5 class='av-share-link-description av-no-toc '>Compartir esta noticia<\/h5><ul class='av-share-box-list noLightbox'><li class='av-share-link av-social-link-facebook' ><a target=\"_blank\" aria-label=\"Compartir en Facebook\" href='https:\/\/www.facebook.com\/sharer.php?u=https:\/\/radiorevelacionfm.cl\/?p=37502&#038;t=Inauguran%20punto%20de%20atenci%C3%B3n%20virtual%20en%20Puerto%20R%C3%ADo%20Tranquilo' aria-hidden='false' data-av_icon='\ue8f3' data-av_iconfont='entypo-fontello' title='' data-avia-related-tooltip='Compartir en Facebook' rel=\"noopener\"><span class='avia_hidden_link_text'>Compartir en Facebook<\/span><\/a><\/li><li class='av-share-link av-social-link-twitter' ><a target=\"_blank\" aria-label=\"Compartir en Twitter\" href='https:\/\/twitter.com\/share?text=Inauguran%20punto%20de%20atenci%C3%B3n%20virtual%20en%20Puerto%20R%C3%ADo%20Tranquilo&#038;url=https:\/\/radiorevelacionfm.cl\/?p=37502' aria-hidden='false' data-av_icon='\ue8f1' data-av_iconfont='entypo-fontello' title='' data-avia-related-tooltip='Compartir en Twitter' rel=\"noopener\"><span class='avia_hidden_link_text'>Compartir en Twitter<\/span><\/a><\/li><li class='av-share-link av-social-link-whatsapp' ><a target=\"_blank\" aria-label=\"Compartir en Whatsapp\" href='https:\/\/api.whatsapp.com\/send?text=https:\/\/radiorevelacionfm.cl\/?p=37502' aria-hidden='false' data-av_icon='\uf232' data-av_iconfont='entypo-fontello' title='' data-avia-related-tooltip='Compartir en Whatsapp' rel=\"noopener\"><span class='avia_hidden_link_text'>Compartir en Whatsapp<\/span><\/a><\/li><li class='av-share-link av-social-link-linkedin' ><a target=\"_blank\" aria-label=\"Compartir en LinkedIn\" href='https:\/\/linkedin.com\/shareArticle?mini=true&#038;title=Inauguran%20punto%20de%20atenci%C3%B3n%20virtual%20en%20Puerto%20R%C3%ADo%20Tranquilo&#038;url=https:\/\/radiorevelacionfm.cl\/?p=37502' aria-hidden='false' data-av_icon='\ue8fc' data-av_iconfont='entypo-fontello' title='' data-avia-related-tooltip='Compartir en LinkedIn' rel=\"noopener\"><span class='avia_hidden_link_text'>Compartir en LinkedIn<\/span><\/a><\/li><li class='av-share-link av-social-link-mail' ><a  aria-label=\"Compartir por correo\" href='mailto:?subject=Inauguran%20punto%20de%20atenci%C3%B3n%20virtual%20en%20Puerto%20R%C3%ADo%20Tranquilo&#038;body=https:\/\/radiorevelacionfm.cl\/?p=37502' aria-hidden='false' data-av_icon='\ue805' data-av_iconfont='entypo-fontello' title='' data-avia-related-tooltip='Compartir por correo'><span class='avia_hidden_link_text'>Compartir por correo<\/span><\/a><\/li><\/ul><\/div><\/div>\n<div  style='height:50px' class='hr hr-invisible   avia-builder-el-8  el_after_av_social_share  el_before_av_comments_list '><span class='hr-inner ' ><span class='hr-inner-style'><\/span><\/span><\/div>\n<div  class='av-buildercomment  av-blog-meta-html-info-disabled av-blog-meta-tag-disabled  '><\/div>\n","protected":false},"excerpt":{"rendered":"","protected":false},"author":1,"featured_media":37503,"comment_status":"open","ping_status":"open","sticky":false,"template":"","format":"standard","meta":{"footnotes":""},"categories":[38],"tags":[],"class_list":["post-37502","post","type-post","status-publish","format-standard","has-post-thumbnail","hentry","category-regional"],"jetpack_featured_media_url":"https:\/\/radiorevelacionfm.cl\/wp-content\/uploads\/2023\/11\/Punto-Virtual-2023-11-14-1-1.jpeg","_links":{"self":[{"href":"https:\/\/radiorevelacionfm.cl\/index.php?rest_route=\/wp\/v2\/posts\/37502","targetHints":{"allow":["GET"]}}],"collection":[{"href":"https:\/\/radiorevelacionfm.cl\/index.php?rest_route=\/wp\/v2\/posts"}],"about":[{"href":"https:\/\/radiorevelacionfm.cl\/index.php?rest_route=\/wp\/v2\/types\/post"}],"author":[{"embeddable":true,"href":"https:\/\/radiorevelacionfm.cl\/index.php?rest_route=\/wp\/v2\/users\/1"}],"replies":[{"embeddable":true,"href":"https:\/\/radiorevelacionfm.cl\/index.php?rest_route=%2Fwp%2Fv2%2Fcomments&post=37502"}],"version-history":[{"count":1,"href":"https:\/\/radiorevelacionfm.cl\/index.php?rest_route=\/wp\/v2\/posts\/37502\/revisions"}],"predecessor-version":[{"id":37504,"href":"https:\/\/radiorevelacionfm.cl\/index.php?rest_route=\/wp\/v2\/posts\/37502\/revisions\/37504"}],"wp:featuredmedia":[{"embeddable":true,"href":"https:\/\/radiorevelacionfm.cl\/index.php?rest_route=\/wp\/v2\/media\/37503"}],"wp:attachment":[{"href":"https:\/\/radiorevelacionfm.cl\/index.php?rest_route=%2Fwp%2Fv2%2Fmedia&parent=37502"}],"wp:term":[{"taxonomy":"category","embeddable":true,"href":"https:\/\/radiorevelacionfm.cl\/index.php?rest_route=%2Fwp%2Fv2%2Fcategories&post=37502"},{"taxonomy":"post_tag","embeddable":true,"href":"https:\/\/radiorevelacionfm.cl\/index.php?rest_route=%2Fwp%2Fv2%2Ftags&post=37502"}],"curies":[{"name":"wp","href":"https:\/\/api.w.org\/{rel}","templated":true}]}}