{"id":3750,"date":"2021-05-03T18:38:02","date_gmt":"2021-05-03T21:38:02","guid":{"rendered":"https:\/\/radiorevelacionfm.cl\/?p=3750"},"modified":"2021-05-03T19:09:16","modified_gmt":"2021-05-03T22:09:16","slug":"durante-fin-de-semana-pdi-detuvo-a-seis-personas-por-incumplimiento-de-medidas-sanitarias","status":"publish","type":"post","link":"https:\/\/radiorevelacionfm.cl\/?p=3750","title":{"rendered":"Durante el fin de semana PDI detuvo a seis personas por incumplimiento de medidas sanitarias"},"content":{"rendered":"<div class=\"flex_column av_one_full  flex_column_div av-zero-column-padding first  avia-builder-el-0  el_before_av_one_full  avia-builder-el-first  \" style='border-radius:0px; '><div  class='avia-image-container  av-styling-    avia-builder-el-1  avia-builder-el-no-sibling  avia-align-center '  itemprop=\"image\" itemscope=\"itemscope\" itemtype=\"https:\/\/schema.org\/ImageObject\"  ><div class='avia-image-container-inner'><div class='avia-image-overlay-wrap'><img decoding=\"async\" class='wp-image-3751 avia-img-lazy-loading-not-3751 avia_image' src=\"https:\/\/radiorevelacionfm.cl\/wp-content\/uploads\/2021\/05\/servicio-control-primer-fin-se-semana-de-mayo-005_optimized.jpeg\" alt='' title='servicio-control-primer-fin-se-semana-de-mayo-005_optimized' height=\"745\" width=\"1280\"  itemprop=\"thumbnailUrl\" srcset=\"https:\/\/radiorevelacionfm.cl\/wp-content\/uploads\/2021\/05\/servicio-control-primer-fin-se-semana-de-mayo-005_optimized.jpeg 1280w, https:\/\/radiorevelacionfm.cl\/wp-content\/uploads\/2021\/05\/servicio-control-primer-fin-se-semana-de-mayo-005_optimized-300x175.jpeg 300w, https:\/\/radiorevelacionfm.cl\/wp-content\/uploads\/2021\/05\/servicio-control-primer-fin-se-semana-de-mayo-005_optimized-1030x599.jpeg 1030w, https:\/\/radiorevelacionfm.cl\/wp-content\/uploads\/2021\/05\/servicio-control-primer-fin-se-semana-de-mayo-005_optimized-768x447.jpeg 768w, https:\/\/radiorevelacionfm.cl\/wp-content\/uploads\/2021\/05\/servicio-control-primer-fin-se-semana-de-mayo-005_optimized-705x410.jpeg 705w, https:\/\/radiorevelacionfm.cl\/wp-content\/uploads\/2021\/05\/servicio-control-primer-fin-se-semana-de-mayo-005_optimized-600x349.jpeg 600w\" sizes=\"(max-width: 1280px) 100vw, 1280px\" \/><\/div><\/div><\/div><\/div>\n<div class=\"flex_column av_one_full  flex_column_div av-zero-column-padding first  avia-builder-el-2  el_after_av_one_full  el_before_av_one_full  column-top-margin\" style='border-radius:0px; '><section class=\"av_textblock_section \"  itemscope=\"itemscope\" itemtype=\"https:\/\/schema.org\/BlogPosting\" itemprop=\"blogPost\" ><div class='avia_textblock  '   itemprop=\"text\" ><p style=\"text-align: center;\"><strong><span style=\"font-size: 18pt;\">Durante el fin de semana PDI detuvo a seis personas por incumplimiento de medidas sanitarias <\/span><\/strong><\/p>\n<div id=\"gtx-trans\" style=\"position: absolute; left: -50px; top: 4.31534px;\">\n<div class=\"gtx-trans-icon\"><\/div>\n<\/div>\n<\/div><\/section><\/div><div class=\"flex_column av_one_full  flex_column_div av-zero-column-padding first  avia-builder-el-4  el_after_av_one_full  el_before_av_hr  column-top-margin\" style='border-radius:0px; '><section class=\"av_textblock_section \"  itemscope=\"itemscope\" itemtype=\"https:\/\/schema.org\/BlogPosting\" itemprop=\"blogPost\" ><div class='avia_textblock  '   itemprop=\"text\" ><p style=\"text-align: justify;\">Este fin de semana, la Polic\u00eda de Investigaciones de Chile desarroll\u00f3 un servicio especial de fiscalizaci\u00f3n en las distintas localidades a nivel regional que se encuentran en transici\u00f3n y cuarentena, con el fin de verificar en terreno el cumplimiento de las medidas sanitarias en coordinaci\u00f3n a las autoridades locales, fuerzas armadas, de orden y seguridad.<\/p>\n<p style=\"text-align: justify;\">En ese sentido, los equipos de la Regi\u00f3n Policial de Ays\u00e9n se desplegaron por las localidades de Melinka y La Junta, y reforzaron los controles en las ciudades de Coyhaique y Puerto Ays\u00e9n que retrocedieron a transici\u00f3n, controlando toque de queda, utilizaci\u00f3n de permisos de desplazamiento, cumplimiento de cuarentenas, uso de mascarillas y distanciamiento social.<\/p>\n<p style=\"text-align: justify;\">Dentro de los resultados, \u201cse denunci\u00f3 a dos personas por infringir normas higi\u00e9nicas y de salubridad ya que, en conocimiento de cuarentena establecida por la autoridad sanitaria, incumplieron la medida, saliendo de su domicilio donde no pudieron ser controlados, tanto en la localidad de La Junta como en la ciudad de Puerto Ays\u00e9n, generando un riesgo para la salud p\u00fablica al ser casos positivos de Covid-19\u201d, detall\u00f3 el comisario Claudio Reyes, jefe de la Brigada Investigadora de Delitos del Medioambiente y Patrimonio Cultural (BIDEMA) Ays\u00e9n.<\/p>\n<p style=\"text-align: justify;\">En ese sentido, el jefe de la unidad especializada realiz\u00f3 un llamado a quienes est\u00e1n en cuarentena por ser casos Covid-19 positivos o contacto estrecho, se\u00f1alando que \u201ceste tipo de medidas deben ser respetadas para evitar seguir incrementando los contagios a nivel regional, quienes no cumplen su cuarentena por ser caso covid positivo o contacto estrecho ponen en riesgo la salud p\u00fablica de su entorno\u201d, puntualiz\u00f3 el comisario Reyes.<\/p>\n<p style=\"text-align: justify;\">Del mismo modo, en diferentes procedimientos policiales en Puerto Ays\u00e9n y Melinka, se detuvo a seis personas, cuatro de ellas por vulnerar el toque de queda en Puerto Ays\u00e9n y dos por incumplir las medidas sanitarias al transitar sin el debido salvoconducto para su desplazamiento en Puerto Ays\u00e9n y Melinka. Tras informar al Ministerio P\u00fablico, la Fiscal\u00eda instruy\u00f3 apercibirlos al art\u00edculo 26 del C\u00f3digo Procesal Penal y dejarlos en libertad.<\/p>\n<p style=\"text-align: justify;\">Sobre lo ocurrido en Puerto Ays\u00e9n, el comisario Claudio Reyes detall\u00f3 que tras el retroceso a transici\u00f3n se intensificaron las fiscalizaciones de las medidas impuestas por la autoridad sanitaria y control de toque de queda. En ese contexto, \u201cluego de un patrullaje en el sector Ribera Sur de la ciudad, nos encontramos con un grupo de personas compartiendo en horario de toque de queda, deteniendo en flagrancia a dos hombres y dos mujeres, una de ellas manten\u00eda cuarentena por ser notificada como contacto estrecho\u201d.<\/p>\n<p style=\"text-align: justify;\">Finalmente, los controles efectuados en Coyhaique arrojaron un buen comportamiento por parte de la ciudadan\u00eda, todas las personas controladas manten\u00edan sus respectivos permisos de desplazamiento que los habilitaba para transitar en fase dos.<\/p>\n<p style=\"text-align: justify;\">El jefe de la unidad especializada record\u00f3 que durante transici\u00f3n existe una serie de restricciones y medidas que buscan evitar la propagaci\u00f3n del coronavirus, incentivando a las personas a \u201ccumplir con las medidas sanitarias y denunciar aquellas acciones que pongan en riesgo la salud p\u00fablica\u201d.<\/p>\n<\/div><\/section><\/div><\/p>\n<div  style='height:50px' class='hr hr-invisible   avia-builder-el-6  el_after_av_one_full  el_before_av_social_share '><span class='hr-inner ' ><span class='hr-inner-style'><\/span><\/span><\/div>\n<div  class='av-social-sharing-box  avia-builder-el-7  el_after_av_hr  el_before_av_hr  '><div class='av-share-box'><h5 class='av-share-link-description av-no-toc '>Compartir esta noticia<\/h5><ul class='av-share-box-list noLightbox'><li class='av-share-link av-social-link-facebook' ><a target=\"_blank\" aria-label=\"Compartir en Facebook\" href='https:\/\/www.facebook.com\/sharer.php?u=https:\/\/radiorevelacionfm.cl\/?p=3750&#038;t=Durante%20el%20fin%20de%20semana%20PDI%20detuvo%20a%20seis%20personas%20por%20incumplimiento%20de%20medidas%20sanitarias' aria-hidden='false' data-av_icon='\ue8f3' data-av_iconfont='entypo-fontello' title='' data-avia-related-tooltip='Compartir en Facebook' rel=\"noopener\"><span class='avia_hidden_link_text'>Compartir en Facebook<\/span><\/a><\/li><li class='av-share-link av-social-link-twitter' ><a target=\"_blank\" aria-label=\"Compartir en Twitter\" href='https:\/\/twitter.com\/share?text=Durante%20el%20fin%20de%20semana%20PDI%20detuvo%20a%20seis%20personas%20por%20incumplimiento%20de%20medidas%20sanitarias&#038;url=https:\/\/radiorevelacionfm.cl\/?p=3750' aria-hidden='false' data-av_icon='\ue8f1' data-av_iconfont='entypo-fontello' title='' data-avia-related-tooltip='Compartir en Twitter' rel=\"noopener\"><span class='avia_hidden_link_text'>Compartir en Twitter<\/span><\/a><\/li><li class='av-share-link av-social-link-whatsapp' ><a target=\"_blank\" aria-label=\"Compartir en Whatsapp\" href='https:\/\/api.whatsapp.com\/send?text=https:\/\/radiorevelacionfm.cl\/?p=3750' aria-hidden='false' data-av_icon='\uf232' data-av_iconfont='entypo-fontello' title='' data-avia-related-tooltip='Compartir en Whatsapp' rel=\"noopener\"><span class='avia_hidden_link_text'>Compartir en Whatsapp<\/span><\/a><\/li><li class='av-share-link av-social-link-linkedin' ><a target=\"_blank\" aria-label=\"Compartir en LinkedIn\" href='https:\/\/linkedin.com\/shareArticle?mini=true&#038;title=Durante%20el%20fin%20de%20semana%20PDI%20detuvo%20a%20seis%20personas%20por%20incumplimiento%20de%20medidas%20sanitarias&#038;url=https:\/\/radiorevelacionfm.cl\/?p=3750' aria-hidden='false' data-av_icon='\ue8fc' data-av_iconfont='entypo-fontello' title='' data-avia-related-tooltip='Compartir en LinkedIn' rel=\"noopener\"><span class='avia_hidden_link_text'>Compartir en LinkedIn<\/span><\/a><\/li><li class='av-share-link av-social-link-mail' ><a  aria-label=\"Compartir por correo\" href='mailto:?subject=Durante%20el%20fin%20de%20semana%20PDI%20detuvo%20a%20seis%20personas%20por%20incumplimiento%20de%20medidas%20sanitarias&#038;body=https:\/\/radiorevelacionfm.cl\/?p=3750' aria-hidden='false' data-av_icon='\ue805' data-av_iconfont='entypo-fontello' title='' data-avia-related-tooltip='Compartir por correo'><span class='avia_hidden_link_text'>Compartir por correo<\/span><\/a><\/li><\/ul><\/div><\/div>\n<div  style='height:50px' class='hr hr-invisible   avia-builder-el-8  el_after_av_social_share  el_before_av_comments_list '><span class='hr-inner ' ><span class='hr-inner-style'><\/span><\/span><\/div>\n<div  class='av-buildercomment  av-blog-meta-html-info-disabled av-blog-meta-tag-disabled  '><\/div>\n","protected":false},"excerpt":{"rendered":"","protected":false},"author":1,"featured_media":3751,"comment_status":"open","ping_status":"open","sticky":false,"template":"","format":"standard","meta":{"footnotes":""},"categories":[36],"tags":[],"class_list":["post-3750","post","type-post","status-publish","format-standard","has-post-thumbnail","hentry","category-policial"],"jetpack_featured_media_url":"https:\/\/radiorevelacionfm.cl\/wp-content\/uploads\/2021\/05\/servicio-control-primer-fin-se-semana-de-mayo-005_optimized.jpeg","_links":{"self":[{"href":"https:\/\/radiorevelacionfm.cl\/index.php?rest_route=\/wp\/v2\/posts\/3750","targetHints":{"allow":["GET"]}}],"collection":[{"href":"https:\/\/radiorevelacionfm.cl\/index.php?rest_route=\/wp\/v2\/posts"}],"about":[{"href":"https:\/\/radiorevelacionfm.cl\/index.php?rest_route=\/wp\/v2\/types\/post"}],"author":[{"embeddable":true,"href":"https:\/\/radiorevelacionfm.cl\/index.php?rest_route=\/wp\/v2\/users\/1"}],"replies":[{"embeddable":true,"href":"https:\/\/radiorevelacionfm.cl\/index.php?rest_route=%2Fwp%2Fv2%2Fcomments&post=3750"}],"version-history":[{"count":2,"href":"https:\/\/radiorevelacionfm.cl\/index.php?rest_route=\/wp\/v2\/posts\/3750\/revisions"}],"predecessor-version":[{"id":3756,"href":"https:\/\/radiorevelacionfm.cl\/index.php?rest_route=\/wp\/v2\/posts\/3750\/revisions\/3756"}],"wp:featuredmedia":[{"embeddable":true,"href":"https:\/\/radiorevelacionfm.cl\/index.php?rest_route=\/wp\/v2\/media\/3751"}],"wp:attachment":[{"href":"https:\/\/radiorevelacionfm.cl\/index.php?rest_route=%2Fwp%2Fv2%2Fmedia&parent=3750"}],"wp:term":[{"taxonomy":"category","embeddable":true,"href":"https:\/\/radiorevelacionfm.cl\/index.php?rest_route=%2Fwp%2Fv2%2Fcategories&post=3750"},{"taxonomy":"post_tag","embeddable":true,"href":"https:\/\/radiorevelacionfm.cl\/index.php?rest_route=%2Fwp%2Fv2%2Ftags&post=3750"}],"curies":[{"name":"wp","href":"https:\/\/api.w.org\/{rel}","templated":true}]}}