{"id":37499,"date":"2023-11-29T09:55:22","date_gmt":"2023-11-29T12:55:22","guid":{"rendered":"https:\/\/radiorevelacionfm.cl\/?p=37499"},"modified":"2023-11-29T09:55:22","modified_gmt":"2023-11-29T12:55:22","slug":"escolares-de-aysen-compartiran-experiencias-en-ciencia-e-innovacion-en-el-centro-cultural-coyhaique","status":"publish","type":"post","link":"https:\/\/radiorevelacionfm.cl\/?p=37499","title":{"rendered":"Escolares de Ays\u00e9n compartir\u00e1n experiencias en ciencia e innovaci\u00f3n en el Centro Cultural Coyhaique"},"content":{"rendered":"<div class=\"flex_column av_one_full  flex_column_div av-zero-column-padding first  avia-builder-el-0  el_before_av_one_full  avia-builder-el-first  \" style='border-radius:0px; '><div  class='avia-image-container  av-styling-    avia-builder-el-1  avia-builder-el-no-sibling  avia-align-center '  itemprop=\"image\" itemscope=\"itemscope\" itemtype=\"https:\/\/schema.org\/ImageObject\"  ><div class='avia-image-container-inner'><div class='avia-image-overlay-wrap'><img decoding=\"async\" class='wp-image-37500 avia-img-lazy-loading-not-37500 avia_image' src=\"https:\/\/radiorevelacionfm.cl\/wp-content\/uploads\/2023\/11\/iie1-1-1_optimized-1.jpeg\" alt='' title='iie1-(1)-(1)_optimized (1)' height=\"600\" width=\"800\"  itemprop=\"thumbnailUrl\" srcset=\"https:\/\/radiorevelacionfm.cl\/wp-content\/uploads\/2023\/11\/iie1-1-1_optimized-1.jpeg 800w, https:\/\/radiorevelacionfm.cl\/wp-content\/uploads\/2023\/11\/iie1-1-1_optimized-1-300x225.jpeg 300w, https:\/\/radiorevelacionfm.cl\/wp-content\/uploads\/2023\/11\/iie1-1-1_optimized-1-768x576.jpeg 768w, https:\/\/radiorevelacionfm.cl\/wp-content\/uploads\/2023\/11\/iie1-1-1_optimized-1-705x529.jpeg 705w, https:\/\/radiorevelacionfm.cl\/wp-content\/uploads\/2023\/11\/iie1-1-1_optimized-1-450x338.jpeg 450w, https:\/\/radiorevelacionfm.cl\/wp-content\/uploads\/2023\/11\/iie1-1-1_optimized-1-600x450.jpeg 600w\" sizes=\"(max-width: 800px) 100vw, 800px\" \/><\/div><\/div><\/div><\/div><div class=\"flex_column av_one_full  flex_column_div av-zero-column-padding first  avia-builder-el-2  el_after_av_one_full  el_before_av_one_full  column-top-margin\" style='border-radius:0px; '><section class=\"av_textblock_section \"  itemscope=\"itemscope\" itemtype=\"https:\/\/schema.org\/BlogPosting\" itemprop=\"blogPost\" ><div class='avia_textblock  '   itemprop=\"text\" ><p id=\"v1docs-internal-guid-5c86e94e-17c0-cb08-97c1-d446743a8829\" dir=\"ltr\" style=\"text-align: center;\"><span style=\"font-size: 18pt;\"><b>Escolares de Ays\u00e9n compartir\u00e1n experiencias en ciencia e innovaci\u00f3n en el Centro Cultural Coyhaique<\/b><\/span><\/p>\n<div id=\"gtx-trans\" style=\"position: absolute; left: -50px; top: 4.31534px;\">\n<div class=\"gtx-trans-icon\"><\/div>\n<\/div>\n<\/div><\/section><\/div><div class=\"flex_column av_one_full  flex_column_div av-zero-column-padding first  avia-builder-el-4  el_after_av_one_full  el_before_av_hr  column-top-margin\" style='border-radius:0px; '><section class=\"av_textblock_section \"  itemscope=\"itemscope\" itemtype=\"https:\/\/schema.org\/BlogPosting\" itemprop=\"blogPost\" ><div class='avia_textblock  '   itemprop=\"text\" ><div dir=\"ltr\">\n<div dir=\"ltr\">\n<p style=\"text-align: justify;\"><em>Estudiantes de ense\u00f1anza b\u00e1sica y media de seis comunas de la regi\u00f3n conforman los 36 equipos escolares que durante los pr\u00f3ximos 30 de noviembre y 1 de diciembre se reunir\u00e1n para compartir experiencias y resultados de su participaci\u00f3n en el Programa de Investigaci\u00f3n e Innovaci\u00f3n Escolar, IIE, impulsado por el PAR Explora Ays\u00e9n.<\/em><\/p>\n<p style=\"text-align: justify;\">Innovaciones en torno al uso de la lana, aislantes t\u00e9rmicos de tetrapack, sensores de seguridad, filtros para contaminaci\u00f3n del aire, adem\u00e1s de investigaciones sobre l\u00edquenes, anfibios, propiedades de especies nativas, tenencia responsable e historia local, son algunas de las experiencias que ser\u00e1n compartidas a trav\u00e9s de estands informativos durante el Encuentro de Socializaci\u00f3n del Programa de Investigaci\u00f3n e Innovaci\u00f3n Escolar, IIE.<\/p>\n<p style=\"text-align: justify;\">El evento reunir\u00e1 en el Centro Cultural Coyhaique a ni\u00f1as, ni\u00f1os y j\u00f3venes de la Regi\u00f3n que participaron, entre agosto y noviembre de 2023, en los talleres formativos para el desarrollo de habilidades y pensamiento cient\u00edfico organizados por el PAR Explora Ays\u00e9n del Ministerio de Ciencia, Tecnolog\u00eda, Conocimiento e Innovaci\u00f3n y la Universidad Austral de Chile, Campus Patagonia.<\/p>\n<p style=\"text-align: justify;\">\u00abEl objetivo de este encuentro es que las y los estudiantes puedan compartir sus proyectos con sus pares y con la comunidad, pero tambi\u00e9n que puedan reflexionar en torno a la apropiaci\u00f3n del conocimiento para abordar problemas que identifican en su entorno local\u00bb se\u00f1al\u00f3 Viviana Pizarro, directora del PAR Explora Ays\u00e9n.<\/p>\n<p style=\"text-align: justify;\">Treinta y seis equipos escolares de Cochrane, Puerto Gala, Lago Verde, Puerto Sanchez, Ma\u00f1ihuales, Puerto Ays\u00e9n, Puerto Chacabuco, El Blanco, Lago Atravesado y Coyhaique presentar\u00e1n proyectos en ciencias naturales, ciencias sociales e innovaci\u00f3n, los cuales fueron realizados con apoyo de profesoras y profesores, y la retroalimentaci\u00f3n de relatoras(es) y especialistas en investigaci\u00f3n e innovaci\u00f3n.<\/p>\n<p style=\"text-align: justify;\">\u00abAdem\u00e1s de todas sus habilidades propiamente cient\u00edficas, pudieron tambi\u00e9n desarrollar otras competencias, por ejemplo, en pensamiento creativo, en el desarrollo de su creatividad, de su curiosidad, pudieron hacer actividades en torno a lo art\u00edstico y adem\u00e1s uno de los valores que se quiso integrar este a\u00f1o fue hacer una reflexi\u00f3n sobre la importancia de la inclusi\u00f3n en el momento de comunicar su proyectos\u00bb se\u00f1al\u00f3 Patricio Mu\u00f1oz, Encargado del Programa IIE.<\/p>\n<p style=\"text-align: justify;\">El Encuentro de Socializaci\u00f3n IIE se realizar\u00e1 en dependencias del Centro Cultural Coyhaique durante dos jornadas, y contar\u00e1 con dos espacios para visitas de delegaciones escolares y p\u00fablico general, espec\u00edficamente el d\u00eda jueves 30 de noviembre, entre 9:00h y 11:30h, y el d\u00eda viernes 1 de diciembre, entre las 9:00h y las 10:00h.<\/p>\n<p style=\"text-align: justify;\">Durante el evento, los equipos tendr\u00e1n diferentes espacios de conversaci\u00f3n y encuentro con cient\u00edficas y cient\u00edficos, entre ellas la doctora en F\u00edsica Carla Hermann, destacada cient\u00edfica y acad\u00e9mica de la Universidad de Chile -quien realizar\u00e1 la charla inaugural-, y con Mar\u00eda Tamayo y Felipe Olate, investigadoras(es) del Centro IMPACT y de la Facultad de Ciencias, F\u00edsicas y Matem\u00e1ticas de la Universidad de Chile, quienes realizar\u00e1n un taller pr\u00e1ctico para fomentar el uso de biomateriales.<\/p>\n<p style=\"text-align: justify;\">\n<\/div>\n<\/div>\n<\/div><\/section><\/div><div  style='height:50px' class='hr hr-invisible   avia-builder-el-6  el_after_av_one_full  el_before_av_social_share '><span class='hr-inner ' ><span class='hr-inner-style'><\/span><\/span><\/div><\/p>\n<div  class='av-social-sharing-box  avia-builder-el-7  el_after_av_hr  el_before_av_hr  '><div class='av-share-box'><h5 class='av-share-link-description av-no-toc '>Compartir esta noticia<\/h5><ul class='av-share-box-list noLightbox'><li class='av-share-link av-social-link-facebook' ><a target=\"_blank\" aria-label=\"Compartir en Facebook\" href='https:\/\/www.facebook.com\/sharer.php?u=https:\/\/radiorevelacionfm.cl\/?p=37499&#038;t=Escolares%20de%20Ays%C3%A9n%20compartir%C3%A1n%20experiencias%20en%20ciencia%20e%20innovaci%C3%B3n%20en%20el%20Centro%20Cultural%20Coyhaique' aria-hidden='false' data-av_icon='\ue8f3' data-av_iconfont='entypo-fontello' title='' data-avia-related-tooltip='Compartir en Facebook' rel=\"noopener\"><span class='avia_hidden_link_text'>Compartir en Facebook<\/span><\/a><\/li><li class='av-share-link av-social-link-twitter' ><a target=\"_blank\" aria-label=\"Compartir en Twitter\" href='https:\/\/twitter.com\/share?text=Escolares%20de%20Ays%C3%A9n%20compartir%C3%A1n%20experiencias%20en%20ciencia%20e%20innovaci%C3%B3n%20en%20el%20Centro%20Cultural%20Coyhaique&#038;url=https:\/\/radiorevelacionfm.cl\/?p=37499' aria-hidden='false' data-av_icon='\ue8f1' data-av_iconfont='entypo-fontello' title='' data-avia-related-tooltip='Compartir en Twitter' rel=\"noopener\"><span class='avia_hidden_link_text'>Compartir en Twitter<\/span><\/a><\/li><li class='av-share-link av-social-link-whatsapp' ><a target=\"_blank\" aria-label=\"Compartir en Whatsapp\" href='https:\/\/api.whatsapp.com\/send?text=https:\/\/radiorevelacionfm.cl\/?p=37499' aria-hidden='false' data-av_icon='\uf232' data-av_iconfont='entypo-fontello' title='' data-avia-related-tooltip='Compartir en Whatsapp' rel=\"noopener\"><span class='avia_hidden_link_text'>Compartir en Whatsapp<\/span><\/a><\/li><li class='av-share-link av-social-link-linkedin' ><a target=\"_blank\" aria-label=\"Compartir en LinkedIn\" href='https:\/\/linkedin.com\/shareArticle?mini=true&#038;title=Escolares%20de%20Ays%C3%A9n%20compartir%C3%A1n%20experiencias%20en%20ciencia%20e%20innovaci%C3%B3n%20en%20el%20Centro%20Cultural%20Coyhaique&#038;url=https:\/\/radiorevelacionfm.cl\/?p=37499' aria-hidden='false' data-av_icon='\ue8fc' data-av_iconfont='entypo-fontello' title='' data-avia-related-tooltip='Compartir en LinkedIn' rel=\"noopener\"><span class='avia_hidden_link_text'>Compartir en LinkedIn<\/span><\/a><\/li><li class='av-share-link av-social-link-mail' ><a  aria-label=\"Compartir por correo\" href='mailto:?subject=Escolares%20de%20Ays%C3%A9n%20compartir%C3%A1n%20experiencias%20en%20ciencia%20e%20innovaci%C3%B3n%20en%20el%20Centro%20Cultural%20Coyhaique&#038;body=https:\/\/radiorevelacionfm.cl\/?p=37499' aria-hidden='false' data-av_icon='\ue805' data-av_iconfont='entypo-fontello' title='' data-avia-related-tooltip='Compartir por correo'><span class='avia_hidden_link_text'>Compartir por correo<\/span><\/a><\/li><\/ul><\/div><\/div>\n<div  style='height:50px' class='hr hr-invisible   avia-builder-el-8  el_after_av_social_share  el_before_av_comments_list '><span class='hr-inner ' ><span class='hr-inner-style'><\/span><\/span><\/div>\n<div  class='av-buildercomment  av-blog-meta-html-info-disabled av-blog-meta-tag-disabled  '><\/div>\n","protected":false},"excerpt":{"rendered":"","protected":false},"author":1,"featured_media":37500,"comment_status":"open","ping_status":"open","sticky":false,"template":"","format":"standard","meta":{"footnotes":""},"categories":[49],"tags":[],"class_list":["post-37499","post","type-post","status-publish","format-standard","has-post-thumbnail","hentry","category-educacion"],"jetpack_featured_media_url":"https:\/\/radiorevelacionfm.cl\/wp-content\/uploads\/2023\/11\/iie1-1-1_optimized-1.jpeg","_links":{"self":[{"href":"https:\/\/radiorevelacionfm.cl\/index.php?rest_route=\/wp\/v2\/posts\/37499","targetHints":{"allow":["GET"]}}],"collection":[{"href":"https:\/\/radiorevelacionfm.cl\/index.php?rest_route=\/wp\/v2\/posts"}],"about":[{"href":"https:\/\/radiorevelacionfm.cl\/index.php?rest_route=\/wp\/v2\/types\/post"}],"author":[{"embeddable":true,"href":"https:\/\/radiorevelacionfm.cl\/index.php?rest_route=\/wp\/v2\/users\/1"}],"replies":[{"embeddable":true,"href":"https:\/\/radiorevelacionfm.cl\/index.php?rest_route=%2Fwp%2Fv2%2Fcomments&post=37499"}],"version-history":[{"count":1,"href":"https:\/\/radiorevelacionfm.cl\/index.php?rest_route=\/wp\/v2\/posts\/37499\/revisions"}],"predecessor-version":[{"id":37501,"href":"https:\/\/radiorevelacionfm.cl\/index.php?rest_route=\/wp\/v2\/posts\/37499\/revisions\/37501"}],"wp:featuredmedia":[{"embeddable":true,"href":"https:\/\/radiorevelacionfm.cl\/index.php?rest_route=\/wp\/v2\/media\/37500"}],"wp:attachment":[{"href":"https:\/\/radiorevelacionfm.cl\/index.php?rest_route=%2Fwp%2Fv2%2Fmedia&parent=37499"}],"wp:term":[{"taxonomy":"category","embeddable":true,"href":"https:\/\/radiorevelacionfm.cl\/index.php?rest_route=%2Fwp%2Fv2%2Fcategories&post=37499"},{"taxonomy":"post_tag","embeddable":true,"href":"https:\/\/radiorevelacionfm.cl\/index.php?rest_route=%2Fwp%2Fv2%2Ftags&post=37499"}],"curies":[{"name":"wp","href":"https:\/\/api.w.org\/{rel}","templated":true}]}}