{"id":37496,"date":"2023-11-28T18:22:09","date_gmt":"2023-11-28T21:22:09","guid":{"rendered":"https:\/\/radiorevelacionfm.cl\/?p=37496"},"modified":"2023-11-28T18:22:09","modified_gmt":"2023-11-28T21:22:09","slug":"con-banda-de-carabineros-y-folclore-reciben-a-turistas-del-crucero-aidasol-en-puerto-chacabuco","status":"publish","type":"post","link":"https:\/\/radiorevelacionfm.cl\/?p=37496","title":{"rendered":"Con Banda de Carabineros y folclore reciben a turistas del crucero \u201cAIDAsol\u201d en Puerto Chacabuco"},"content":{"rendered":"<div class=\"flex_column av_one_full  flex_column_div av-zero-column-padding first  avia-builder-el-0  el_before_av_one_full  avia-builder-el-first  \" style='border-radius:0px; '><div  class='avia-image-container  av-styling-    avia-builder-el-1  avia-builder-el-no-sibling  avia-align-center '  itemprop=\"image\" itemscope=\"itemscope\" itemtype=\"https:\/\/schema.org\/ImageObject\"  ><div class='avia-image-container-inner'><div class='avia-image-overlay-wrap'><img decoding=\"async\" class='wp-image-37497 avia-img-lazy-loading-not-37497 avia_image' src=\"https:\/\/radiorevelacionfm.cl\/wp-content\/uploads\/2023\/11\/crucero-oxxean-8-1_optimized-1.jpg\" alt='' title='crucero-oxxean-8-(1)_optimized (1)' height=\"600\" width=\"1065\"  itemprop=\"thumbnailUrl\" srcset=\"https:\/\/radiorevelacionfm.cl\/wp-content\/uploads\/2023\/11\/crucero-oxxean-8-1_optimized-1.jpg 1065w, https:\/\/radiorevelacionfm.cl\/wp-content\/uploads\/2023\/11\/crucero-oxxean-8-1_optimized-1-300x169.jpg 300w, https:\/\/radiorevelacionfm.cl\/wp-content\/uploads\/2023\/11\/crucero-oxxean-8-1_optimized-1-1030x580.jpg 1030w, https:\/\/radiorevelacionfm.cl\/wp-content\/uploads\/2023\/11\/crucero-oxxean-8-1_optimized-1-768x433.jpg 768w, https:\/\/radiorevelacionfm.cl\/wp-content\/uploads\/2023\/11\/crucero-oxxean-8-1_optimized-1-705x397.jpg 705w, https:\/\/radiorevelacionfm.cl\/wp-content\/uploads\/2023\/11\/crucero-oxxean-8-1_optimized-1-450x254.jpg 450w, https:\/\/radiorevelacionfm.cl\/wp-content\/uploads\/2023\/11\/crucero-oxxean-8-1_optimized-1-600x338.jpg 600w\" sizes=\"(max-width: 1065px) 100vw, 1065px\" \/><\/div><\/div><\/div><\/div><div class=\"flex_column av_one_full  flex_column_div av-zero-column-padding first  avia-builder-el-2  el_after_av_one_full  el_before_av_one_full  column-top-margin\" style='border-radius:0px; '><section class=\"av_textblock_section \"  itemscope=\"itemscope\" itemtype=\"https:\/\/schema.org\/BlogPosting\" itemprop=\"blogPost\" ><div class='avia_textblock  '   itemprop=\"text\" ><p style=\"text-align: center;\"><strong><span style=\"font-size: 18pt;\">Con Banda de Carabineros y folclore reciben a turistas del crucero \u201cAIDAsol\u201d en Puerto Chacabuco<\/span><\/strong><\/p>\n<div id=\"gtx-trans\" style=\"position: absolute; left: -50px; top: 4.31534px;\">\n<div class=\"gtx-trans-icon\"><\/div>\n<\/div>\n<\/div><\/section><\/div><div class=\"flex_column av_one_full  flex_column_div av-zero-column-padding first  avia-builder-el-4  el_after_av_one_full  el_before_av_hr  column-top-margin\" style='border-radius:0px; '><section class=\"av_textblock_section \"  itemscope=\"itemscope\" itemtype=\"https:\/\/schema.org\/BlogPosting\" itemprop=\"blogPost\" ><div class='avia_textblock  '   itemprop=\"text\" ><p style=\"text-align: justify;\"><em>A esto se sum\u00f3 la instalaci\u00f3n de artesanos y artesanas en sectores como los Domos en Puerto Chacabuco, Plaza de Armas y Galer\u00eda de Artesanos de Puerto Ays\u00e9n.<\/em><\/p>\n<p style=\"text-align: justify;\">La ma\u00f1ana de este martes, arrib\u00f3 al Puerto de Oxxean en Chacabuco, el crucero de bandera italiana \u201cAIDAsol\u201d, embarcaci\u00f3n que tra\u00eda a bordo 1800 pasajeros y 600 tripulantes. Gran porcentaje de los turistas decidieron bajar, ya que, hab\u00edan tomado tours ya establecidos, otros caminaron por Puerto Chacabuco, abordaron buses y m\u00f3viles dedicados a trabajar en turismo que los trasladaron hasta Puerto Ays\u00e9n.<\/p>\n<p style=\"text-align: justify;\">Antes de realizar sus actividades, los pasajeros, en su mayor\u00eda alemanes, pasaron por un exhaustivo control por organismos como Aduanas, Armada, que les permitieron continuar su recorrido por este rinc\u00f3n de la Patagonia, siendo recibidos con la m\u00fasica de la Banda Benem\u00e9rita de Carabineros de Ays\u00e9n y al son de la cueca por integrantes del Conjunto folcl\u00f3rico \u201cFantas\u00eda Sure\u00f1a\u201d.<\/p>\n<p style=\"text-align: justify;\">\u201cCreo que han sido momentos muy lindos en que el turista se encanta de nuestra Banda Benem\u00e9rita, quienes los han deleitado con sus diferentes temas, tambi\u00e9n, nuestros folcloristas que los han recibido con unos pies de cueca.\u00a0 Creo que tenemos todas las instancias de belleza, de folclore, de cultura, para recibir a los turistas de la mejor forma. Adem\u00e1s, felicitar a la empresa Oxxean, por este terminal de pasajeros que esta de primer nivel\u201d, mencionaba el Alcalde de la comuna de Ays\u00e9n, Julio Uribe.<\/p>\n<p style=\"text-align: justify;\">De igual forma, el Gerente General del grupo de empresas Puerto Oxxean S.A. Enzo Olivares, destac\u00f3 la llegada de un nuevo Crucero a la bah\u00eda de Chacabuco, embarcaci\u00f3n que inicialmente ten\u00eda otro destino.<\/p>\n<p style=\"text-align: justify;\">\u201cCon presencia del Alcalde, pudimos recibir a esta nave que hace su primera recalada en Chile, ten\u00eda como destino Punta Arenas, pero por temas de clima pasaron directo de Argentina hacia ac\u00e1. Toda la recepci\u00f3n con las autoridades y con nosotros fue perfecta, no tuvimos ning\u00fan inconveniente en la recepci\u00f3n junto a ellos. Hoy nos encontramos haciendo el desembarco de los tender junto con la comunidad, apoyando a los turistas hasta el sector de los domos, participando con ellos y tratando de aportar en todo lo que se pueda para el turismo de la regi\u00f3n\u201d.<\/p>\n<p style=\"text-align: justify;\">Desde la Municipalidad de Ays\u00e9n se coordin\u00f3 tambi\u00e9n con las agrupaciones de artesanos, tener presencia y atenci\u00f3n con diversos art\u00edculos en el sector de Los Domos de Puerto Chacabuco, adem\u00e1s de la Plaza de Armas y la Galer\u00eda de Artesanos de Puerto Ays\u00e9n.<\/p>\n<\/div><\/section><\/div><div  style='height:50px' class='hr hr-invisible   avia-builder-el-6  el_after_av_one_full  el_before_av_social_share '><span class='hr-inner ' ><span class='hr-inner-style'><\/span><\/span><\/div><\/p>\n<div  class='av-social-sharing-box  avia-builder-el-7  el_after_av_hr  el_before_av_hr  '><div class='av-share-box'><h5 class='av-share-link-description av-no-toc '>Compartir esta noticia<\/h5><ul class='av-share-box-list noLightbox'><li class='av-share-link av-social-link-facebook' ><a target=\"_blank\" aria-label=\"Compartir en Facebook\" href='https:\/\/www.facebook.com\/sharer.php?u=https:\/\/radiorevelacionfm.cl\/?p=37496&#038;t=Con%20Banda%20de%20Carabineros%20y%20folclore%20reciben%20a%20turistas%20del%20crucero%20%E2%80%9CAIDAsol%E2%80%9D%20en%20Puerto%20Chacabuco' aria-hidden='false' data-av_icon='\ue8f3' data-av_iconfont='entypo-fontello' title='' data-avia-related-tooltip='Compartir en Facebook' rel=\"noopener\"><span class='avia_hidden_link_text'>Compartir en Facebook<\/span><\/a><\/li><li class='av-share-link av-social-link-twitter' ><a target=\"_blank\" aria-label=\"Compartir en Twitter\" href='https:\/\/twitter.com\/share?text=Con%20Banda%20de%20Carabineros%20y%20folclore%20reciben%20a%20turistas%20del%20crucero%20%E2%80%9CAIDAsol%E2%80%9D%20en%20Puerto%20Chacabuco&#038;url=https:\/\/radiorevelacionfm.cl\/?p=37496' aria-hidden='false' data-av_icon='\ue8f1' data-av_iconfont='entypo-fontello' title='' data-avia-related-tooltip='Compartir en Twitter' rel=\"noopener\"><span class='avia_hidden_link_text'>Compartir en Twitter<\/span><\/a><\/li><li class='av-share-link av-social-link-whatsapp' ><a target=\"_blank\" aria-label=\"Compartir en Whatsapp\" href='https:\/\/api.whatsapp.com\/send?text=https:\/\/radiorevelacionfm.cl\/?p=37496' aria-hidden='false' data-av_icon='\uf232' data-av_iconfont='entypo-fontello' title='' data-avia-related-tooltip='Compartir en Whatsapp' rel=\"noopener\"><span class='avia_hidden_link_text'>Compartir en Whatsapp<\/span><\/a><\/li><li class='av-share-link av-social-link-linkedin' ><a target=\"_blank\" aria-label=\"Compartir en LinkedIn\" href='https:\/\/linkedin.com\/shareArticle?mini=true&#038;title=Con%20Banda%20de%20Carabineros%20y%20folclore%20reciben%20a%20turistas%20del%20crucero%20%E2%80%9CAIDAsol%E2%80%9D%20en%20Puerto%20Chacabuco&#038;url=https:\/\/radiorevelacionfm.cl\/?p=37496' aria-hidden='false' data-av_icon='\ue8fc' data-av_iconfont='entypo-fontello' title='' data-avia-related-tooltip='Compartir en LinkedIn' rel=\"noopener\"><span class='avia_hidden_link_text'>Compartir en LinkedIn<\/span><\/a><\/li><li class='av-share-link av-social-link-mail' ><a  aria-label=\"Compartir por correo\" href='mailto:?subject=Con%20Banda%20de%20Carabineros%20y%20folclore%20reciben%20a%20turistas%20del%20crucero%20%E2%80%9CAIDAsol%E2%80%9D%20en%20Puerto%20Chacabuco&#038;body=https:\/\/radiorevelacionfm.cl\/?p=37496' aria-hidden='false' data-av_icon='\ue805' data-av_iconfont='entypo-fontello' title='' data-avia-related-tooltip='Compartir por correo'><span class='avia_hidden_link_text'>Compartir por correo<\/span><\/a><\/li><\/ul><\/div><\/div>\n<div  style='height:50px' class='hr hr-invisible   avia-builder-el-8  el_after_av_social_share  el_before_av_comments_list '><span class='hr-inner ' ><span class='hr-inner-style'><\/span><\/span><\/div>\n<div  class='av-buildercomment  av-blog-meta-html-info-disabled av-blog-meta-tag-disabled  '><\/div>\n","protected":false},"excerpt":{"rendered":"","protected":false},"author":1,"featured_media":37497,"comment_status":"open","ping_status":"open","sticky":false,"template":"","format":"standard","meta":{"footnotes":""},"categories":[54],"tags":[],"class_list":["post-37496","post","type-post","status-publish","format-standard","has-post-thumbnail","hentry","category-turismo"],"jetpack_featured_media_url":"https:\/\/radiorevelacionfm.cl\/wp-content\/uploads\/2023\/11\/crucero-oxxean-8-1_optimized-1.jpg","_links":{"self":[{"href":"https:\/\/radiorevelacionfm.cl\/index.php?rest_route=\/wp\/v2\/posts\/37496","targetHints":{"allow":["GET"]}}],"collection":[{"href":"https:\/\/radiorevelacionfm.cl\/index.php?rest_route=\/wp\/v2\/posts"}],"about":[{"href":"https:\/\/radiorevelacionfm.cl\/index.php?rest_route=\/wp\/v2\/types\/post"}],"author":[{"embeddable":true,"href":"https:\/\/radiorevelacionfm.cl\/index.php?rest_route=\/wp\/v2\/users\/1"}],"replies":[{"embeddable":true,"href":"https:\/\/radiorevelacionfm.cl\/index.php?rest_route=%2Fwp%2Fv2%2Fcomments&post=37496"}],"version-history":[{"count":1,"href":"https:\/\/radiorevelacionfm.cl\/index.php?rest_route=\/wp\/v2\/posts\/37496\/revisions"}],"predecessor-version":[{"id":37498,"href":"https:\/\/radiorevelacionfm.cl\/index.php?rest_route=\/wp\/v2\/posts\/37496\/revisions\/37498"}],"wp:featuredmedia":[{"embeddable":true,"href":"https:\/\/radiorevelacionfm.cl\/index.php?rest_route=\/wp\/v2\/media\/37497"}],"wp:attachment":[{"href":"https:\/\/radiorevelacionfm.cl\/index.php?rest_route=%2Fwp%2Fv2%2Fmedia&parent=37496"}],"wp:term":[{"taxonomy":"category","embeddable":true,"href":"https:\/\/radiorevelacionfm.cl\/index.php?rest_route=%2Fwp%2Fv2%2Fcategories&post=37496"},{"taxonomy":"post_tag","embeddable":true,"href":"https:\/\/radiorevelacionfm.cl\/index.php?rest_route=%2Fwp%2Fv2%2Ftags&post=37496"}],"curies":[{"name":"wp","href":"https:\/\/api.w.org\/{rel}","templated":true}]}}