{"id":37493,"date":"2023-11-29T09:36:23","date_gmt":"2023-11-29T12:36:23","guid":{"rendered":"https:\/\/radiorevelacionfm.cl\/?p=37493"},"modified":"2023-11-29T09:36:23","modified_gmt":"2023-11-29T12:36:23","slug":"reconocen-a-pediatra-del-hrc-por-sus-mas-de-30-anos-de-trayectoria-atendiendo-a-ninos-y-ninas-de-la-region","status":"publish","type":"post","link":"https:\/\/radiorevelacionfm.cl\/?p=37493","title":{"rendered":"Reconocen a pediatra del HRC por sus m\u00e1s de 30 a\u00f1os de trayectoria atendiendo a ni\u00f1os y ni\u00f1as de la regi\u00f3n"},"content":{"rendered":"<div class=\"flex_column av_one_full  flex_column_div av-zero-column-padding first  avia-builder-el-0  el_before_av_one_full  avia-builder-el-first  \" style='border-radius:0px; '><div  class='avia-image-container  av-styling-    avia-builder-el-1  avia-builder-el-no-sibling  avia-align-center '  itemprop=\"image\" itemscope=\"itemscope\" itemtype=\"https:\/\/schema.org\/ImageObject\"  ><div class='avia-image-container-inner'><div class='avia-image-overlay-wrap'><img decoding=\"async\" class='wp-image-37494 avia-img-lazy-loading-not-37494 avia_image' src=\"https:\/\/radiorevelacionfm.cl\/wp-content\/uploads\/2023\/11\/dia-prematuro-2023-1-1_optimized.jpeg\" alt='' title='dia-prematuro-2023-(1)-(1)_optimized' height=\"600\" width=\"1152\"  itemprop=\"thumbnailUrl\" srcset=\"https:\/\/radiorevelacionfm.cl\/wp-content\/uploads\/2023\/11\/dia-prematuro-2023-1-1_optimized.jpeg 1152w, https:\/\/radiorevelacionfm.cl\/wp-content\/uploads\/2023\/11\/dia-prematuro-2023-1-1_optimized-300x156.jpeg 300w, https:\/\/radiorevelacionfm.cl\/wp-content\/uploads\/2023\/11\/dia-prematuro-2023-1-1_optimized-1030x536.jpeg 1030w, https:\/\/radiorevelacionfm.cl\/wp-content\/uploads\/2023\/11\/dia-prematuro-2023-1-1_optimized-768x400.jpeg 768w, https:\/\/radiorevelacionfm.cl\/wp-content\/uploads\/2023\/11\/dia-prematuro-2023-1-1_optimized-705x367.jpeg 705w, https:\/\/radiorevelacionfm.cl\/wp-content\/uploads\/2023\/11\/dia-prematuro-2023-1-1_optimized-450x234.jpeg 450w, https:\/\/radiorevelacionfm.cl\/wp-content\/uploads\/2023\/11\/dia-prematuro-2023-1-1_optimized-600x313.jpeg 600w\" sizes=\"(max-width: 1152px) 100vw, 1152px\" \/><\/div><\/div><\/div><\/div><div class=\"flex_column av_one_full  flex_column_div av-zero-column-padding first  avia-builder-el-2  el_after_av_one_full  el_before_av_one_full  column-top-margin\" style='border-radius:0px; '><section class=\"av_textblock_section \"  itemscope=\"itemscope\" itemtype=\"https:\/\/schema.org\/BlogPosting\" itemprop=\"blogPost\" ><div class='avia_textblock  '   itemprop=\"text\" ><p style=\"text-align: center;\"><strong><span style=\"font-size: 18pt;\">Reconocen a pediatra del HRC por sus m\u00e1s de 30 a\u00f1os de trayectoria atendiendo a ni\u00f1os y ni\u00f1as de la regi\u00f3n<\/span><\/strong><\/p>\n<div id=\"gtx-trans\" style=\"position: absolute; left: -50px; top: 4.31534px;\">\n<div class=\"gtx-trans-icon\"><\/div>\n<\/div>\n<\/div><\/section><\/div><div class=\"flex_column av_one_full  flex_column_div av-zero-column-padding first  avia-builder-el-4  el_after_av_one_full  el_before_av_hr  column-top-margin\" style='border-radius:0px; '><section class=\"av_textblock_section \"  itemscope=\"itemscope\" itemtype=\"https:\/\/schema.org\/BlogPosting\" itemprop=\"blogPost\" ><div class='avia_textblock  '   itemprop=\"text\" ><p style=\"text-align: justify;\"><em>Se trata de la Doctora Carmen Lucero Loaiza, mujer ancla en el tratamiento de los ni\u00f1os y ni\u00f1as prematuros de Ays\u00e9n, quien durante sus a\u00f1os de servicio ha atendido a cerca de 30 mil familias de la regi\u00f3n.<\/em><\/p>\n<p style=\"text-align: justify;\">\u201cMi hijo naci\u00f3 de 32 semanas. La experiencia de estar en la \u201cNeo\u201d fue muy triste en un principio, fue dif\u00edcil, pero con todo el apoyo de las personas de la \u201cNeo\u201d fue m\u00e1s grato sobrellevar el hecho de tener a tu hijito en incubadora\u201d, recuerda Jocelyne Ayancan, cuyo hijo, hoy de 7 a\u00f1os, fue parte de los cerca de 100 ni\u00f1os que anualmente nacen en estado de prematurez en el Hospital Regional Coyhaique.<\/p>\n<p style=\"text-align: justify;\">Cada a\u00f1o en el mes de noviembre, se celebra el \u201cD\u00eda internacional del ni\u00f1o prematuro\u201d, efem\u00e9ride que conmemora a todos los ni\u00f1os y ni\u00f1as que nacen antes de las 37 semanas de edad gestacional, y que deben enfrentar un largo y complejo proceso de hospitalizaci\u00f3n en la Unidad de Paciente Cr\u00edtico Neonatal (UCIN).<\/p>\n<p style=\"text-align: justify;\">En el caso de la regi\u00f3n de Ays\u00e9n, alrededor del 10% de los reci\u00e9n nacidos son prematuros, y de \u00e9stos, cerca de un 3% corresponde a prematuros extremos, es decir, beb\u00e9s nacidos antes de las 32 semanas de gestaci\u00f3n y\/o con un peso inferior a los 1.500 gramos. Bajo este contexto y como ya es tradici\u00f3n, la UCIN del Hospital Regional Coyhaique conmemor\u00f3 el \u201cD\u00eda Mundial del Prematuro\u201d.<\/p>\n<p style=\"text-align: justify;\">\u201cEl a\u00f1o 2022 en esta fecha, ten\u00edamos aproximadamente 10 prematuros extremos en la UCIN, es decir, beb\u00e9s menores a las 30 semanas de gestaci\u00f3n o con un peso inferior a mil gramos. Este a\u00f1o, a la fecha ya hemos atendido a casi 20 ni\u00f1os en esta condici\u00f3n, lo que ha implicado m\u00e1s exigencia, mayores estad\u00edas y mayor uso de todo nuestro equipamiento\u201d, indic\u00f3 la doctora Paula Sottovia, m\u00e9dico jefa de la UCIN del Hospital Regional Coyhaique.<\/p>\n<p style=\"text-align: justify;\">En este contexto, la especialista destac\u00f3 que durante este a\u00f1o la UCIN recibi\u00f3 un importante equipamiento, cuya inversi\u00f3n supera los $490 millones. Cunas neonatales (10), 2 reanimadores, 1 videolangoscopio digital, 1 ecocardi\u00f3grafo pedi\u00e1trico de \u00faltima tecnolog\u00eda, 1 monitor electroencefal\u00f3grafo neonatal, 1 manta de foto terapia y 1 equipo de detecci\u00f3n auditiva combinada de emisiones otac\u00fasticas son parte de este proyecto de fortalecimiento de la UCIN, que permitir\u00e1 entregar mayor seguridad y calidad en la atenci\u00f3n de los pacientes m\u00e1s peque\u00f1os de la regi\u00f3n de Ays\u00e9n.<\/p>\n<p style=\"text-align: justify;\">HOMENAJE A DOCTORA CARMEN LUCERO<\/p>\n<p style=\"text-align: justify;\">Con m\u00e1s de 30 a\u00f1os en la regi\u00f3n de Ays\u00e9n, y tras 4 d\u00e9cadas de trayectoria profesional, fue reconocida en esta instancia la doctora Carmen Lucero Loaiza, m\u00e9dico pediatra quien desde su arribo al Hospital Regional Coyhaique, a fines de los a\u00f1os \u201980, ha dedicado gran parte de su vida al tratamiento y seguimiento de los pacientes prematuros, atendiendo a cerca de 30 mil ni\u00f1os y ni\u00f1as de la regi\u00f3n nacidos con esta condici\u00f3n.<\/p>\n<p style=\"text-align: justify;\">\u201cQuisimos aprovechar esta oportunidad para resaltar y enaltecer la carrera de esta tremenda profesional, que est\u00e1 cumpliendo 40 a\u00f1os de vocaci\u00f3n y entrega, que ha sido parte important\u00edsima de la pediatr\u00eda y la atenci\u00f3n neonatol\u00f3gica en esta regi\u00f3n\u201d, indic\u00f3 la m\u00e9dico jefe de la UCIN.<\/p>\n<p style=\"text-align: justify;\">Conocida por su cercan\u00eda, compromiso con sus pacientes y como una fiel promotora en la importancia del apego y la lactancia materna para el desarrollo de las infancias, el trabajo de la Dra. Lucero tambi\u00e9n fue reconocido por sus peque\u00f1os pacientes, quienes hasta los 7 a\u00f1os de edad son parte del Policl\u00ednico de seguimiento de Ni\u00f1os Prematuros, lo que implica que las familias mantengan durante a\u00f1os una estrecha relaci\u00f3n con su equipo m\u00e9dico.<\/p>\n<p style=\"text-align: justify;\">\u201cFue una linda experiencia, porque la doctora Lucero es muy amable, muy de piel, as\u00ed que la felicito y le doy las gracias por la hermosa labor que hace y que cumple ac\u00e1 con los ni\u00f1os prematuros. Tambi\u00e9n quiero aprovechar de decirle a las mamitas que reci\u00e9n comienzan en este camino que s\u00ed se puede, mi hijito ya tiene 7 a\u00f1os y estoy muy orgullosa\u201d, cuenta Jocelyne Ayancan.<\/p>\n<p style=\"text-align: justify;\">Ante este sentido homenaje, la Dra. Carmen Lucero, acompa\u00f1ada de su marido, hijas y nietos, puso \u00e9nfasis en la importancia de realizar tanto la labor cl\u00ednica como familiar desde el amor, entendiendo que ni\u00f1os y ni\u00f1as criados con amor y respeto, son a futuro personas \u00edntegras y saludables.<\/p>\n<p style=\"text-align: justify;\">\u201cTodo lo bueno que podemos observar a nuestro alrededor, est\u00e1 hecho por amor. Yo he tratado de entregar mi conocimiento con mucho amor a todos los ni\u00f1os y ni\u00f1as de la regi\u00f3n de Ays\u00e9n. El amor no es algo que tenga un precio o que se pueda pagar, ni siquiera un sueldo (oneroso o no) puede pagar el amor que se entrega en un trabajo exigente como este, para que un ni\u00f1o crezca sano y feliz. Mi experiencia ha sido maravillosa, el ver a un ni\u00f1o que ten\u00eda muy poca esperanza de vivir y que pueda realizar su vida bien, siendo un aporte a nuestra sociedad, es maravilloso. Con orgullo agradezco este reconocimiento\u201d, sostuvo la Dra. Carmen Lucero.<\/p>\n<\/div><\/section><\/div><div  style='height:50px' class='hr hr-invisible   avia-builder-el-6  el_after_av_one_full  el_before_av_social_share '><span class='hr-inner ' ><span class='hr-inner-style'><\/span><\/span><\/div><\/p>\n<div  class='av-social-sharing-box  avia-builder-el-7  el_after_av_hr  el_before_av_hr  '><div class='av-share-box'><h5 class='av-share-link-description av-no-toc '>Compartir esta noticia<\/h5><ul class='av-share-box-list noLightbox'><li class='av-share-link av-social-link-facebook' ><a target=\"_blank\" aria-label=\"Compartir en Facebook\" href='https:\/\/www.facebook.com\/sharer.php?u=https:\/\/radiorevelacionfm.cl\/?p=37493&#038;t=Reconocen%20a%20pediatra%20del%20HRC%20por%20sus%20m%C3%A1s%20de%2030%20a%C3%B1os%20de%20trayectoria%20atendiendo%20a%20ni%C3%B1os%20y%20ni%C3%B1as%20de%20la%20regi%C3%B3n' aria-hidden='false' data-av_icon='\ue8f3' data-av_iconfont='entypo-fontello' title='' data-avia-related-tooltip='Compartir en Facebook' rel=\"noopener\"><span class='avia_hidden_link_text'>Compartir en Facebook<\/span><\/a><\/li><li class='av-share-link av-social-link-twitter' ><a target=\"_blank\" aria-label=\"Compartir en Twitter\" href='https:\/\/twitter.com\/share?text=Reconocen%20a%20pediatra%20del%20HRC%20por%20sus%20m%C3%A1s%20de%2030%20a%C3%B1os%20de%20trayectoria%20atendiendo%20a%20ni%C3%B1os%20y%20ni%C3%B1as%20de%20la%20regi%C3%B3n&#038;url=https:\/\/radiorevelacionfm.cl\/?p=37493' aria-hidden='false' data-av_icon='\ue8f1' data-av_iconfont='entypo-fontello' title='' data-avia-related-tooltip='Compartir en Twitter' rel=\"noopener\"><span class='avia_hidden_link_text'>Compartir en Twitter<\/span><\/a><\/li><li class='av-share-link av-social-link-whatsapp' ><a target=\"_blank\" aria-label=\"Compartir en Whatsapp\" href='https:\/\/api.whatsapp.com\/send?text=https:\/\/radiorevelacionfm.cl\/?p=37493' aria-hidden='false' data-av_icon='\uf232' data-av_iconfont='entypo-fontello' title='' data-avia-related-tooltip='Compartir en Whatsapp' rel=\"noopener\"><span class='avia_hidden_link_text'>Compartir en Whatsapp<\/span><\/a><\/li><li class='av-share-link av-social-link-linkedin' ><a target=\"_blank\" aria-label=\"Compartir en LinkedIn\" href='https:\/\/linkedin.com\/shareArticle?mini=true&#038;title=Reconocen%20a%20pediatra%20del%20HRC%20por%20sus%20m%C3%A1s%20de%2030%20a%C3%B1os%20de%20trayectoria%20atendiendo%20a%20ni%C3%B1os%20y%20ni%C3%B1as%20de%20la%20regi%C3%B3n&#038;url=https:\/\/radiorevelacionfm.cl\/?p=37493' aria-hidden='false' data-av_icon='\ue8fc' data-av_iconfont='entypo-fontello' title='' data-avia-related-tooltip='Compartir en LinkedIn' rel=\"noopener\"><span class='avia_hidden_link_text'>Compartir en LinkedIn<\/span><\/a><\/li><li class='av-share-link av-social-link-mail' ><a  aria-label=\"Compartir por correo\" href='mailto:?subject=Reconocen%20a%20pediatra%20del%20HRC%20por%20sus%20m%C3%A1s%20de%2030%20a%C3%B1os%20de%20trayectoria%20atendiendo%20a%20ni%C3%B1os%20y%20ni%C3%B1as%20de%20la%20regi%C3%B3n&#038;body=https:\/\/radiorevelacionfm.cl\/?p=37493' aria-hidden='false' data-av_icon='\ue805' data-av_iconfont='entypo-fontello' title='' data-avia-related-tooltip='Compartir por correo'><span class='avia_hidden_link_text'>Compartir por correo<\/span><\/a><\/li><\/ul><\/div><\/div>\n<div  style='height:50px' class='hr hr-invisible   avia-builder-el-8  el_after_av_social_share  el_before_av_comments_list '><span class='hr-inner ' ><span class='hr-inner-style'><\/span><\/span><\/div>\n<div  class='av-buildercomment  av-blog-meta-html-info-disabled av-blog-meta-tag-disabled  '><\/div>\n","protected":false},"excerpt":{"rendered":"","protected":false},"author":1,"featured_media":37494,"comment_status":"open","ping_status":"open","sticky":false,"template":"","format":"standard","meta":{"footnotes":""},"categories":[46],"tags":[],"class_list":["post-37493","post","type-post","status-publish","format-standard","has-post-thumbnail","hentry","category-salud"],"jetpack_featured_media_url":"https:\/\/radiorevelacionfm.cl\/wp-content\/uploads\/2023\/11\/dia-prematuro-2023-1-1_optimized.jpeg","_links":{"self":[{"href":"https:\/\/radiorevelacionfm.cl\/index.php?rest_route=\/wp\/v2\/posts\/37493","targetHints":{"allow":["GET"]}}],"collection":[{"href":"https:\/\/radiorevelacionfm.cl\/index.php?rest_route=\/wp\/v2\/posts"}],"about":[{"href":"https:\/\/radiorevelacionfm.cl\/index.php?rest_route=\/wp\/v2\/types\/post"}],"author":[{"embeddable":true,"href":"https:\/\/radiorevelacionfm.cl\/index.php?rest_route=\/wp\/v2\/users\/1"}],"replies":[{"embeddable":true,"href":"https:\/\/radiorevelacionfm.cl\/index.php?rest_route=%2Fwp%2Fv2%2Fcomments&post=37493"}],"version-history":[{"count":1,"href":"https:\/\/radiorevelacionfm.cl\/index.php?rest_route=\/wp\/v2\/posts\/37493\/revisions"}],"predecessor-version":[{"id":37495,"href":"https:\/\/radiorevelacionfm.cl\/index.php?rest_route=\/wp\/v2\/posts\/37493\/revisions\/37495"}],"wp:featuredmedia":[{"embeddable":true,"href":"https:\/\/radiorevelacionfm.cl\/index.php?rest_route=\/wp\/v2\/media\/37494"}],"wp:attachment":[{"href":"https:\/\/radiorevelacionfm.cl\/index.php?rest_route=%2Fwp%2Fv2%2Fmedia&parent=37493"}],"wp:term":[{"taxonomy":"category","embeddable":true,"href":"https:\/\/radiorevelacionfm.cl\/index.php?rest_route=%2Fwp%2Fv2%2Fcategories&post=37493"},{"taxonomy":"post_tag","embeddable":true,"href":"https:\/\/radiorevelacionfm.cl\/index.php?rest_route=%2Fwp%2Fv2%2Ftags&post=37493"}],"curies":[{"name":"wp","href":"https:\/\/api.w.org\/{rel}","templated":true}]}}