{"id":37490,"date":"2023-11-28T18:03:49","date_gmt":"2023-11-28T21:03:49","guid":{"rendered":"https:\/\/radiorevelacionfm.cl\/?p=37490"},"modified":"2023-11-28T18:03:49","modified_gmt":"2023-11-28T21:03:49","slug":"aysen-sernapesca-detecta-a-21-embarcaciones-operando-ilegalmente-en-la-region","status":"publish","type":"post","link":"https:\/\/radiorevelacionfm.cl\/?p=37490","title":{"rendered":"Ays\u00e9n: Sernapesca detecta a 21 embarcaciones operando ilegalmente en la regi\u00f3n"},"content":{"rendered":"<div class=\"flex_column av_one_full  flex_column_div av-zero-column-padding first  avia-builder-el-0  el_before_av_one_full  avia-builder-el-first  \" style='border-radius:0px; '><div  class='avia-image-container  av-styling-    avia-builder-el-1  avia-builder-el-no-sibling  avia-align-center '  itemprop=\"image\" itemscope=\"itemscope\" itemtype=\"https:\/\/schema.org\/ImageObject\"  ><div class='avia-image-container-inner'><div class='avia-image-overlay-wrap'><img decoding=\"async\" class='wp-image-37491 avia-img-lazy-loading-not-37491 avia_image' src=\"https:\/\/radiorevelacionfm.cl\/wp-content\/uploads\/2023\/11\/diseno-sin-titulo-24-1_optimized.jpg\" alt='' title='dise\u00f1o-sin-t\u00edtulo-(24)-(1)_optimized' height=\"600\" width=\"800\"  itemprop=\"thumbnailUrl\" srcset=\"https:\/\/radiorevelacionfm.cl\/wp-content\/uploads\/2023\/11\/diseno-sin-titulo-24-1_optimized.jpg 800w, https:\/\/radiorevelacionfm.cl\/wp-content\/uploads\/2023\/11\/diseno-sin-titulo-24-1_optimized-300x225.jpg 300w, https:\/\/radiorevelacionfm.cl\/wp-content\/uploads\/2023\/11\/diseno-sin-titulo-24-1_optimized-768x576.jpg 768w, https:\/\/radiorevelacionfm.cl\/wp-content\/uploads\/2023\/11\/diseno-sin-titulo-24-1_optimized-705x529.jpg 705w, https:\/\/radiorevelacionfm.cl\/wp-content\/uploads\/2023\/11\/diseno-sin-titulo-24-1_optimized-450x338.jpg 450w, https:\/\/radiorevelacionfm.cl\/wp-content\/uploads\/2023\/11\/diseno-sin-titulo-24-1_optimized-600x450.jpg 600w\" sizes=\"(max-width: 800px) 100vw, 800px\" \/><\/div><\/div><\/div><\/div><div class=\"flex_column av_one_full  flex_column_div av-zero-column-padding first  avia-builder-el-2  el_after_av_one_full  el_before_av_one_full  column-top-margin\" style='border-radius:0px; '><section class=\"av_textblock_section \"  itemscope=\"itemscope\" itemtype=\"https:\/\/schema.org\/BlogPosting\" itemprop=\"blogPost\" ><div class='avia_textblock  '   itemprop=\"text\" ><p style=\"text-align: center;\"><strong><span style=\"font-size: 18pt;\">Ays\u00e9n: Sernapesca detecta a 21 embarcaciones operando ilegalmente en la regi\u00f3n<\/span><\/strong><\/p>\n<div id=\"gtx-trans\" style=\"position: absolute; left: -50px; top: 4.31534px;\">\n<div class=\"gtx-trans-icon\"><\/div>\n<\/div>\n<\/div><\/section><\/div><div class=\"flex_column av_one_full  flex_column_div av-zero-column-padding first  avia-builder-el-4  el_after_av_one_full  el_before_av_hr  column-top-margin\" style='border-radius:0px; '><section class=\"av_textblock_section \"  itemscope=\"itemscope\" itemtype=\"https:\/\/schema.org\/BlogPosting\" itemprop=\"blogPost\" ><div class='avia_textblock  '   itemprop=\"text\" ><p style=\"font-weight: 400; text-align: justify;\">En una nueva fiscalizaci\u00f3n a\u00e9rea realizada por funcionarios del Servicio Nacional de Pesca y Acuicultura (Sernapesca) de Ays\u00e9n sobre el sector del Golfo de Penas, lograron observar a 41 naves artesanales realizando extracci\u00f3n de recurso luga roja, adem\u00e1s de 2 lanchas transportadoras que se encontraban trasladando recursos hacia la regi\u00f3n de Los Lagos.<\/p>\n<p style=\"font-weight: 400; text-align: justify;\">Del total de naves observadas extrayendo recursos,\u00a0<strong>1<\/strong>\u00a0embarcaci\u00f3n proven\u00eda de la regi\u00f3n de Magallanes, y no contaba con autorizaci\u00f3n para operar en Ays\u00e9n;\u00a0<strong>2<\/strong>\u00a0eran de Ays\u00e9n y\u00a0<strong>contaban<\/strong>\u00a0con la autorizaci\u00f3n para operar; y\u00a0<strong>38<\/strong>\u00a0eran de la regi\u00f3n de Los Lagos de las cuales\u00a0<strong>8<\/strong>\u00a0se encontraban\u00a0<strong>sin ninguna identificaci\u00f3n<\/strong>. Adem\u00e1s, se pudo verificar a trav\u00e9s de an\u00e1lisis documental que\u00a0<strong>12<\/strong>\u00a0de estas embarcaciones\u00a0<strong>no contaban con la autorizaci\u00f3n<\/strong>\u00a0correspondiente, incumpliendo el acuerdo de zonas contiguas.<\/p>\n<p style=\"font-weight: 400; text-align: justify;\">El Director Regional (s) de Sernapesca Ays\u00e9n, Juan Carlos Orellana coment\u00f3 sobre estos operativos de vigilancia, que \u201cestas fiscalizaciones \u00e1reas nos permiten observar que tanto la actividad pesquera como acu\u00edcola se desarrollen de acuerdo a lo que establece la ley. En esta oportunidad detectamos una gran cantidad de embarcaciones donde m\u00e1s de la mitad estaba operando sin autorizaci\u00f3n. Por nuestra parte puedo decir que mantendremos las fiscalizaciones y vigilancia para resguardar que las actividades pesqueras y acu\u00edcolas se desarrollen de manera sustentable\u201d.<\/p>\n<p style=\"font-weight: 400; text-align: justify;\">Desde el ente fiscalizador anunciaron que est\u00e1n preparando las respectivas denuncias que presentar\u00e1n ante el Juzgado Civil de Puerto Ays\u00e9n.<\/p>\n<\/div><\/section><\/div><div  style='height:50px' class='hr hr-invisible   avia-builder-el-6  el_after_av_one_full  el_before_av_social_share '><span class='hr-inner ' ><span class='hr-inner-style'><\/span><\/span><\/div><\/p>\n<div  class='av-social-sharing-box  avia-builder-el-7  el_after_av_hr  el_before_av_hr  '><div class='av-share-box'><h5 class='av-share-link-description av-no-toc '>Compartir esta noticia<\/h5><ul class='av-share-box-list noLightbox'><li class='av-share-link av-social-link-facebook' ><a target=\"_blank\" aria-label=\"Compartir en Facebook\" href='https:\/\/www.facebook.com\/sharer.php?u=https:\/\/radiorevelacionfm.cl\/?p=37490&#038;t=Ays%C3%A9n%3A%20Sernapesca%20detecta%20a%2021%20embarcaciones%20operando%20ilegalmente%20en%20la%20regi%C3%B3n' aria-hidden='false' data-av_icon='\ue8f3' data-av_iconfont='entypo-fontello' title='' data-avia-related-tooltip='Compartir en Facebook' rel=\"noopener\"><span class='avia_hidden_link_text'>Compartir en Facebook<\/span><\/a><\/li><li class='av-share-link av-social-link-twitter' ><a target=\"_blank\" aria-label=\"Compartir en Twitter\" href='https:\/\/twitter.com\/share?text=Ays%C3%A9n%3A%20Sernapesca%20detecta%20a%2021%20embarcaciones%20operando%20ilegalmente%20en%20la%20regi%C3%B3n&#038;url=https:\/\/radiorevelacionfm.cl\/?p=37490' aria-hidden='false' data-av_icon='\ue8f1' data-av_iconfont='entypo-fontello' title='' data-avia-related-tooltip='Compartir en Twitter' rel=\"noopener\"><span class='avia_hidden_link_text'>Compartir en Twitter<\/span><\/a><\/li><li class='av-share-link av-social-link-whatsapp' ><a target=\"_blank\" aria-label=\"Compartir en Whatsapp\" href='https:\/\/api.whatsapp.com\/send?text=https:\/\/radiorevelacionfm.cl\/?p=37490' aria-hidden='false' data-av_icon='\uf232' data-av_iconfont='entypo-fontello' title='' data-avia-related-tooltip='Compartir en Whatsapp' rel=\"noopener\"><span class='avia_hidden_link_text'>Compartir en Whatsapp<\/span><\/a><\/li><li class='av-share-link av-social-link-linkedin' ><a target=\"_blank\" aria-label=\"Compartir en LinkedIn\" href='https:\/\/linkedin.com\/shareArticle?mini=true&#038;title=Ays%C3%A9n%3A%20Sernapesca%20detecta%20a%2021%20embarcaciones%20operando%20ilegalmente%20en%20la%20regi%C3%B3n&#038;url=https:\/\/radiorevelacionfm.cl\/?p=37490' aria-hidden='false' data-av_icon='\ue8fc' data-av_iconfont='entypo-fontello' title='' data-avia-related-tooltip='Compartir en LinkedIn' rel=\"noopener\"><span class='avia_hidden_link_text'>Compartir en LinkedIn<\/span><\/a><\/li><li class='av-share-link av-social-link-mail' ><a  aria-label=\"Compartir por correo\" href='mailto:?subject=Ays%C3%A9n%3A%20Sernapesca%20detecta%20a%2021%20embarcaciones%20operando%20ilegalmente%20en%20la%20regi%C3%B3n&#038;body=https:\/\/radiorevelacionfm.cl\/?p=37490' aria-hidden='false' data-av_icon='\ue805' data-av_iconfont='entypo-fontello' title='' data-avia-related-tooltip='Compartir por correo'><span class='avia_hidden_link_text'>Compartir por correo<\/span><\/a><\/li><\/ul><\/div><\/div>\n<div  style='height:50px' class='hr hr-invisible   avia-builder-el-8  el_after_av_social_share  el_before_av_comments_list '><span class='hr-inner ' ><span class='hr-inner-style'><\/span><\/span><\/div>\n<div  class='av-buildercomment  av-blog-meta-html-info-disabled av-blog-meta-tag-disabled  '><\/div>\n","protected":false},"excerpt":{"rendered":"","protected":false},"author":1,"featured_media":37491,"comment_status":"open","ping_status":"open","sticky":false,"template":"","format":"standard","meta":{"footnotes":""},"categories":[60],"tags":[],"class_list":["post-37490","post","type-post","status-publish","format-standard","has-post-thumbnail","hentry","category-pesca"],"jetpack_featured_media_url":"https:\/\/radiorevelacionfm.cl\/wp-content\/uploads\/2023\/11\/diseno-sin-titulo-24-1_optimized.jpg","_links":{"self":[{"href":"https:\/\/radiorevelacionfm.cl\/index.php?rest_route=\/wp\/v2\/posts\/37490","targetHints":{"allow":["GET"]}}],"collection":[{"href":"https:\/\/radiorevelacionfm.cl\/index.php?rest_route=\/wp\/v2\/posts"}],"about":[{"href":"https:\/\/radiorevelacionfm.cl\/index.php?rest_route=\/wp\/v2\/types\/post"}],"author":[{"embeddable":true,"href":"https:\/\/radiorevelacionfm.cl\/index.php?rest_route=\/wp\/v2\/users\/1"}],"replies":[{"embeddable":true,"href":"https:\/\/radiorevelacionfm.cl\/index.php?rest_route=%2Fwp%2Fv2%2Fcomments&post=37490"}],"version-history":[{"count":1,"href":"https:\/\/radiorevelacionfm.cl\/index.php?rest_route=\/wp\/v2\/posts\/37490\/revisions"}],"predecessor-version":[{"id":37492,"href":"https:\/\/radiorevelacionfm.cl\/index.php?rest_route=\/wp\/v2\/posts\/37490\/revisions\/37492"}],"wp:featuredmedia":[{"embeddable":true,"href":"https:\/\/radiorevelacionfm.cl\/index.php?rest_route=\/wp\/v2\/media\/37491"}],"wp:attachment":[{"href":"https:\/\/radiorevelacionfm.cl\/index.php?rest_route=%2Fwp%2Fv2%2Fmedia&parent=37490"}],"wp:term":[{"taxonomy":"category","embeddable":true,"href":"https:\/\/radiorevelacionfm.cl\/index.php?rest_route=%2Fwp%2Fv2%2Fcategories&post=37490"},{"taxonomy":"post_tag","embeddable":true,"href":"https:\/\/radiorevelacionfm.cl\/index.php?rest_route=%2Fwp%2Fv2%2Ftags&post=37490"}],"curies":[{"name":"wp","href":"https:\/\/api.w.org\/{rel}","templated":true}]}}