{"id":37487,"date":"2023-11-29T11:08:02","date_gmt":"2023-11-29T14:08:02","guid":{"rendered":"https:\/\/radiorevelacionfm.cl\/?p=37487"},"modified":"2023-11-29T11:08:02","modified_gmt":"2023-11-29T14:08:02","slug":"encuentro-puso-en-valor-la-reserva-de-la-biosfera-laguna-san-rafael-y-el-guayaneco","status":"publish","type":"post","link":"https:\/\/radiorevelacionfm.cl\/?p=37487","title":{"rendered":"Encuentro puso en valor la Reserva de la Bi\u00f3sfera Laguna San Rafael y El Guayaneco"},"content":{"rendered":"<div class=\"flex_column av_one_full  flex_column_div av-zero-column-padding first  avia-builder-el-0  el_before_av_one_full  avia-builder-el-first  \" style='border-radius:0px; '><div  class='avia-image-container  av-styling-    avia-builder-el-1  avia-builder-el-no-sibling  avia-align-center '  itemprop=\"image\" itemscope=\"itemscope\" itemtype=\"https:\/\/schema.org\/ImageObject\"  ><div class='avia-image-container-inner'><div class='avia-image-overlay-wrap'><img decoding=\"async\" class='wp-image-15869 avia-img-lazy-loading-not-15869 avia_image' src=\"https:\/\/radiorevelacionfm.cl\/wp-content\/uploads\/2022\/04\/Laguna-San-Rafael-1.jpg\" alt='' title='Laguna San Rafael (1)' height=\"600\" width=\"800\"  itemprop=\"thumbnailUrl\" srcset=\"https:\/\/radiorevelacionfm.cl\/wp-content\/uploads\/2022\/04\/Laguna-San-Rafael-1.jpg 800w, https:\/\/radiorevelacionfm.cl\/wp-content\/uploads\/2022\/04\/Laguna-San-Rafael-1-300x225.jpg 300w, https:\/\/radiorevelacionfm.cl\/wp-content\/uploads\/2022\/04\/Laguna-San-Rafael-1-768x576.jpg 768w, https:\/\/radiorevelacionfm.cl\/wp-content\/uploads\/2022\/04\/Laguna-San-Rafael-1-705x529.jpg 705w, https:\/\/radiorevelacionfm.cl\/wp-content\/uploads\/2022\/04\/Laguna-San-Rafael-1-600x450.jpg 600w\" sizes=\"(max-width: 800px) 100vw, 800px\" \/><\/div><\/div><\/div><\/div><div class=\"flex_column av_one_full  flex_column_div av-zero-column-padding first  avia-builder-el-2  el_after_av_one_full  el_before_av_one_full  column-top-margin\" style='border-radius:0px; '><section class=\"av_textblock_section \"  itemscope=\"itemscope\" itemtype=\"https:\/\/schema.org\/BlogPosting\" itemprop=\"blogPost\" ><div class='avia_textblock  '   itemprop=\"text\" ><p style=\"text-align: center;\"><strong><span style=\"font-size: 18pt;\">Encuentro puso en valor la Reserva de la Bi\u00f3sfera Laguna San Rafael y El Guayaneco<\/span><\/strong><\/p>\n<div id=\"gtx-trans\" style=\"position: absolute; left: -50px; top: 4.31534px;\">\n<div class=\"gtx-trans-icon\"><\/div>\n<\/div>\n<\/div><\/section><\/div><\/p>\n<div class=\"flex_column av_one_full  flex_column_div av-zero-column-padding first  avia-builder-el-4  el_after_av_one_full  el_before_av_hr  column-top-margin\" style='border-radius:0px; '><section class=\"av_textblock_section \"  itemscope=\"itemscope\" itemtype=\"https:\/\/schema.org\/BlogPosting\" itemprop=\"blogPost\" ><div class='avia_textblock  '   itemprop=\"text\" ><p style=\"text-align: justify;\"><i>Encuentro cultural reuni\u00f3 a artistas, investigadores y expertos del sector p\u00fablico para poner en valor el patrimonio cultural de la Reserva de la Bi\u00f3sfera del territorio aysenino.\u00a0<\/i><\/p>\n<p style=\"text-align: justify;\">El pasado jueves 16 y viernes 17 de noviembre se llev\u00f3 a cabo el Seminario \u00abMarco conceptual de las Reservas de la Bi\u00f3sfera de la Unesco\u00bb, gracias al impulso y financiamiento del Gobierno Regional de Ays\u00e9n y su Consejo a trav\u00e9s del Fondo de Innovaci\u00f3n para la Competitividad (FIC), organizado por el Centro de Investigaci\u00f3n en Ecosistemas de la Patagonia (CIEP) con colaboraci\u00f3n de CONAF, Estaci\u00f3n Patagonia UC, ONG Aumen, Corporaci\u00f3n Chelenko, CODESA y la Universidad Grenoble Alpes, donde se abordaron diversos temas con el objetivo de dar a conocer experiencias y apoyar la implementaci\u00f3n de este instrumento de conservaci\u00f3n en la regi\u00f3n de Ays\u00e9n.<\/p>\n<p style=\"text-align: justify;\">Durante las dos jornadas el antrop\u00f3logo e investigador franc\u00e9s Dr. Franck Michel revis\u00f3 casos internacionales de implementaci\u00f3n de medidas por parte de la Unesco para apoyar el desarrollo sostenible basadas en el turismo en las Reservas de la Bi\u00f3sfera de la UNESCO, las cu\u00e1les basan su principal patrimonio en el intangible, la cultura y ecosistemas. Adem\u00e1s cont\u00f3 con la presencia del importante Lof Rukathraru Lorenzo Aillap\u00e1n, conocido tambi\u00e9n como el \u00abhombre p\u00e1jaro\u00bb un patrimonio vivo de la cultura mapuche, la cu\u00e1l conserva y transmite por medio del relato de poes\u00edas y sonidos, tanto en espa\u00f1ol, como mapudungun, junto a \u00e9l Lof Nechifcue Cristi\u00e1n Cayup\u00e1n, quienes conjuntamente se refirieron a la ontolog\u00eda Mapuche y el patrimonio intangible.<\/p>\n<p style=\"text-align: justify;\">Durante la jornada del viernes por la ma\u00f1ana, se cont\u00f3 con la presencia de diversas autoridades regionales, como representante de la Gobernadora Regional de Ays\u00e9n, Francisco Lara,\u00a0 Seremi de Medio Ambiente, Yoal D\u00edaz, Seremi de Bienes Nacionales Irina Morend, Seremi de Econom\u00eda, Felipe Rojas, director regional de Sernatur, Claudio Montecino, directora (s) de CONAF Andrea Bahamonde y director ejecutivo de CIEP Giovanni Daneri. Posteriormente se iniciaron las presentaciones Seremi de Medio Ambiente sobre la Ley 21.600, la cual crea el Servicio de Biodiversidad y \u00c1reas Protegidas y el Sistema Nacional de \u00c1reas Protegidas, el cual reconoce como instrumento de conservaci\u00f3n de la biodiversidad a las Reservas de la Biosfera reconocidas por la UNESCO, luego desde CONAF abordaron las Reservas de las Bi\u00f3sferas, marco actual de desarrollo de este instrumento en el pa\u00eds. Desde CIEP se expuso el proyecto FIC que tiene como fin apoyar la implementaci\u00f3n de la Reserva de la Bi\u00f3sfera Laguna San Rafael y el Guayaneco. Mauricio Osorio, antrop\u00f3logo social, abord\u00f3 el origen del Parque Nacional y Reserva de la Bi\u00f3sfera. Posteriormente, en un bloque de cuatro exposiciones se presentaron los casos de las Reservas de la Bi\u00f3sferas de Chile; Fray Jorge, Campana-Pe\u00f1uelas, Cabo de Hornos y Corredor Biol\u00f3gico Nevados de Chill\u00e1n &#8211; Laguna del Laja. Quienes cerraron esta jornada fueron el director del proyecto e investigador del CIEP Dr. Fabien Bourlon, relatando sobre modelos internacionales de gobernanza en este tipo de reservas de la Unesco, y se finaliz\u00f3 con una presentaci\u00f3n de mapas del territorio y propuestas para el modelo de Gobernanza desde la investigadora Dra. Virginia Carter (PUC) quien colabora en el proyecto FIC.<\/p>\n<p style=\"text-align: justify;\"><strong>Encuentro entorno a la Reserva de la Bi\u00f3sfera<\/strong><\/p>\n<p style=\"text-align: justify;\">Durante la jornada de la tarde, del viernes 17 de noviembre, hubo presentaciones art\u00edsticas como los m\u00fasicos Vientos del Chelenko, Lorenzo Aillap\u00e1n \u00abhombre p\u00e1jaro\u00bb, un conversatorio sobre la Reserva de la Bi\u00f3sfera de Ays\u00e9n, crisis socioambiental global, desaf\u00edos y oportunidades, liderado por Fabien Bourlon y Patricio Segura de la Corporaci\u00f3n Privada de Desarrollo Sustentable (CODESA), adem\u00e1s de profundizar m\u00e1s en la ontolog\u00eda Mapuche, y disfrutar de una feria de libros sobre patrimonio y cultura de la Regi\u00f3n de Ays\u00e9n con la contribuci\u00f3n de la Biblioteca Regional de Ays\u00e9n.<\/p>\n<p style=\"text-align: justify;\">Para director del proyecto e investigador residente de CIEP este seminario marc\u00f3 un hito de importancia para la Reserva de la Bi\u00f3sfera; \u00abEl seminario fue muy relevante, en primer lugar siendo que el d\u00eda 16 sesion\u00f3 por primera vez un grupo n\u00facleo del Comit\u00e9 de Gesti\u00f3n, el cual presidi\u00f3 la Gobernadora Regional, con la participaci\u00f3n de directores de servicios p\u00fablicos, junto a organizaciones de la sociedad civil y el CIEP. El espacio formativo sobre las reservas de la biosfera, los debates y la participaci\u00f3n de unos 100 actores regionales muestra la relevancia de esta reserva de la biosfera para fortalecer el desarrollo sociocultural y econ\u00f3mico de la regi\u00f3n\u00bb.<\/p>\n<p style=\"text-align: justify;\">Finalmente, queremos agradecer a todos los actores que han apoyado la realizaci\u00f3n de este encuentro y la ejecuci\u00f3n del proyecto FIC, como son el Gobierno Regional de Ays\u00e9n, desde sus Divisiones de Fomento e Industria; y de Planificaci\u00f3n y Desarrollo Regional, junto al Consejo Regional, a la Corporaci\u00f3n Nacional Forestal, la ONG AUMEN, la Pontificia Universidad Cat\u00f3lica de Chile, la Corporaci\u00f3n ZOIT Chelenko y\u00a0 Corporaci\u00f3n Los Glaciares, CODESA, Universidad de Grenoble Alpes, la Universidad Cat\u00f3lica de Valpara\u00edso, Centro CEAZA, Centro Internacional Cabo de Hornos y la Universidad de Ays\u00e9n mediante el proyecto FIC del antrop\u00f3logo social Mauricio Osorio.<\/p>\n<\/div><\/section><\/div>\n<div  style='height:50px' class='hr hr-invisible   avia-builder-el-6  el_after_av_one_full  el_before_av_social_share '><span class='hr-inner ' ><span class='hr-inner-style'><\/span><\/span><\/div>\n<div  class='av-social-sharing-box  avia-builder-el-7  el_after_av_hr  el_before_av_hr  '><div class='av-share-box'><h5 class='av-share-link-description av-no-toc '>Compartir esta noticia<\/h5><ul class='av-share-box-list noLightbox'><li class='av-share-link av-social-link-facebook' ><a target=\"_blank\" aria-label=\"Compartir en Facebook\" href='https:\/\/www.facebook.com\/sharer.php?u=https:\/\/radiorevelacionfm.cl\/?p=37487&#038;t=Encuentro%20puso%20en%20valor%20la%20Reserva%20de%20la%20Bi%C3%B3sfera%20Laguna%20San%20Rafael%20y%20El%20Guayaneco' aria-hidden='false' data-av_icon='\ue8f3' data-av_iconfont='entypo-fontello' title='' data-avia-related-tooltip='Compartir en Facebook' rel=\"noopener\"><span class='avia_hidden_link_text'>Compartir en Facebook<\/span><\/a><\/li><li class='av-share-link av-social-link-twitter' ><a target=\"_blank\" aria-label=\"Compartir en Twitter\" href='https:\/\/twitter.com\/share?text=Encuentro%20puso%20en%20valor%20la%20Reserva%20de%20la%20Bi%C3%B3sfera%20Laguna%20San%20Rafael%20y%20El%20Guayaneco&#038;url=https:\/\/radiorevelacionfm.cl\/?p=37487' aria-hidden='false' data-av_icon='\ue8f1' data-av_iconfont='entypo-fontello' title='' data-avia-related-tooltip='Compartir en Twitter' rel=\"noopener\"><span class='avia_hidden_link_text'>Compartir en Twitter<\/span><\/a><\/li><li class='av-share-link av-social-link-whatsapp' ><a target=\"_blank\" aria-label=\"Compartir en Whatsapp\" href='https:\/\/api.whatsapp.com\/send?text=https:\/\/radiorevelacionfm.cl\/?p=37487' aria-hidden='false' data-av_icon='\uf232' data-av_iconfont='entypo-fontello' title='' data-avia-related-tooltip='Compartir en Whatsapp' rel=\"noopener\"><span class='avia_hidden_link_text'>Compartir en Whatsapp<\/span><\/a><\/li><li class='av-share-link av-social-link-linkedin' ><a target=\"_blank\" aria-label=\"Compartir en LinkedIn\" href='https:\/\/linkedin.com\/shareArticle?mini=true&#038;title=Encuentro%20puso%20en%20valor%20la%20Reserva%20de%20la%20Bi%C3%B3sfera%20Laguna%20San%20Rafael%20y%20El%20Guayaneco&#038;url=https:\/\/radiorevelacionfm.cl\/?p=37487' aria-hidden='false' data-av_icon='\ue8fc' data-av_iconfont='entypo-fontello' title='' data-avia-related-tooltip='Compartir en LinkedIn' rel=\"noopener\"><span class='avia_hidden_link_text'>Compartir en LinkedIn<\/span><\/a><\/li><li class='av-share-link av-social-link-mail' ><a  aria-label=\"Compartir por correo\" href='mailto:?subject=Encuentro%20puso%20en%20valor%20la%20Reserva%20de%20la%20Bi%C3%B3sfera%20Laguna%20San%20Rafael%20y%20El%20Guayaneco&#038;body=https:\/\/radiorevelacionfm.cl\/?p=37487' aria-hidden='false' data-av_icon='\ue805' data-av_iconfont='entypo-fontello' title='' data-avia-related-tooltip='Compartir por correo'><span class='avia_hidden_link_text'>Compartir por correo<\/span><\/a><\/li><\/ul><\/div><\/div>\n<div  style='height:50px' class='hr hr-invisible   avia-builder-el-8  el_after_av_social_share  el_before_av_comments_list '><span class='hr-inner ' ><span class='hr-inner-style'><\/span><\/span><\/div>\n<div  class='av-buildercomment  av-blog-meta-html-info-disabled av-blog-meta-tag-disabled  '><\/div>\n","protected":false},"excerpt":{"rendered":"","protected":false},"author":1,"featured_media":15869,"comment_status":"open","ping_status":"open","sticky":false,"template":"","format":"standard","meta":{"footnotes":""},"categories":[38],"tags":[],"class_list":["post-37487","post","type-post","status-publish","format-standard","has-post-thumbnail","hentry","category-regional"],"jetpack_featured_media_url":"https:\/\/radiorevelacionfm.cl\/wp-content\/uploads\/2022\/04\/Laguna-San-Rafael-1.jpg","_links":{"self":[{"href":"https:\/\/radiorevelacionfm.cl\/index.php?rest_route=\/wp\/v2\/posts\/37487","targetHints":{"allow":["GET"]}}],"collection":[{"href":"https:\/\/radiorevelacionfm.cl\/index.php?rest_route=\/wp\/v2\/posts"}],"about":[{"href":"https:\/\/radiorevelacionfm.cl\/index.php?rest_route=\/wp\/v2\/types\/post"}],"author":[{"embeddable":true,"href":"https:\/\/radiorevelacionfm.cl\/index.php?rest_route=\/wp\/v2\/users\/1"}],"replies":[{"embeddable":true,"href":"https:\/\/radiorevelacionfm.cl\/index.php?rest_route=%2Fwp%2Fv2%2Fcomments&post=37487"}],"version-history":[{"count":2,"href":"https:\/\/radiorevelacionfm.cl\/index.php?rest_route=\/wp\/v2\/posts\/37487\/revisions"}],"predecessor-version":[{"id":37511,"href":"https:\/\/radiorevelacionfm.cl\/index.php?rest_route=\/wp\/v2\/posts\/37487\/revisions\/37511"}],"wp:featuredmedia":[{"embeddable":true,"href":"https:\/\/radiorevelacionfm.cl\/index.php?rest_route=\/wp\/v2\/media\/15869"}],"wp:attachment":[{"href":"https:\/\/radiorevelacionfm.cl\/index.php?rest_route=%2Fwp%2Fv2%2Fmedia&parent=37487"}],"wp:term":[{"taxonomy":"category","embeddable":true,"href":"https:\/\/radiorevelacionfm.cl\/index.php?rest_route=%2Fwp%2Fv2%2Fcategories&post=37487"},{"taxonomy":"post_tag","embeddable":true,"href":"https:\/\/radiorevelacionfm.cl\/index.php?rest_route=%2Fwp%2Fv2%2Ftags&post=37487"}],"curies":[{"name":"wp","href":"https:\/\/api.w.org\/{rel}","templated":true}]}}