{"id":37484,"date":"2023-11-29T15:00:51","date_gmt":"2023-11-29T18:00:51","guid":{"rendered":"https:\/\/radiorevelacionfm.cl\/?p=37484"},"modified":"2023-11-29T15:00:51","modified_gmt":"2023-11-29T18:00:51","slug":"equipo-de-salud-digital-de-aysen-participa-en-jornadas-de-estrategia-de-gestion-remota-de-la-demanda","status":"publish","type":"post","link":"https:\/\/radiorevelacionfm.cl\/?p=37484","title":{"rendered":"Equipo de Salud Digital de Ays\u00e9n participa en jornadas de estrategia de gesti\u00f3n remota de la demanda"},"content":{"rendered":"<div class=\"flex_column av_one_full  flex_column_div av-zero-column-padding first  avia-builder-el-0  el_before_av_one_full  avia-builder-el-first  \" style='border-radius:0px; '><div  class='avia-image-container  av-styling-    avia-builder-el-1  avia-builder-el-no-sibling  avia-align-center '  itemprop=\"image\" itemscope=\"itemscope\" itemtype=\"https:\/\/schema.org\/ImageObject\"  ><div class='avia-image-container-inner'><div class='avia-image-overlay-wrap'><img decoding=\"async\" class='wp-image-37485 avia-img-lazy-loading-not-37485 avia_image' src=\"https:\/\/radiorevelacionfm.cl\/wp-content\/uploads\/2023\/11\/NOTA-JORNADA-OPS-2-1-1.jpg\" alt='' title='NOTA JORNADA OPS (2) (1) (1)' height=\"600\" width=\"800\"  itemprop=\"thumbnailUrl\" srcset=\"https:\/\/radiorevelacionfm.cl\/wp-content\/uploads\/2023\/11\/NOTA-JORNADA-OPS-2-1-1.jpg 800w, https:\/\/radiorevelacionfm.cl\/wp-content\/uploads\/2023\/11\/NOTA-JORNADA-OPS-2-1-1-300x225.jpg 300w, https:\/\/radiorevelacionfm.cl\/wp-content\/uploads\/2023\/11\/NOTA-JORNADA-OPS-2-1-1-768x576.jpg 768w, https:\/\/radiorevelacionfm.cl\/wp-content\/uploads\/2023\/11\/NOTA-JORNADA-OPS-2-1-1-705x529.jpg 705w, https:\/\/radiorevelacionfm.cl\/wp-content\/uploads\/2023\/11\/NOTA-JORNADA-OPS-2-1-1-450x338.jpg 450w, https:\/\/radiorevelacionfm.cl\/wp-content\/uploads\/2023\/11\/NOTA-JORNADA-OPS-2-1-1-600x450.jpg 600w\" sizes=\"(max-width: 800px) 100vw, 800px\" \/><\/div><\/div><\/div><\/div><div class=\"flex_column av_one_full  flex_column_div av-zero-column-padding first  avia-builder-el-2  el_after_av_one_full  el_before_av_one_full  column-top-margin\" style='border-radius:0px; '><section class=\"av_textblock_section \"  itemscope=\"itemscope\" itemtype=\"https:\/\/schema.org\/BlogPosting\" itemprop=\"blogPost\" ><div class='avia_textblock  '   itemprop=\"text\" ><p style=\"text-align: center;\"><strong><span style=\"font-size: 18pt;\">Equipo de Salud Digital de Ays\u00e9n participa en jornadas de estrategia de gesti\u00f3n remota de la demanda<\/span><\/strong><\/p>\n<div id=\"gtx-trans\" style=\"position: absolute; left: -50px; top: 4.31534px;\">\n<div class=\"gtx-trans-icon\"><\/div>\n<\/div>\n<\/div><\/section><\/div><div class=\"flex_column av_one_full  flex_column_div av-zero-column-padding first  avia-builder-el-4  el_after_av_one_full  el_before_av_hr  column-top-margin\" style='border-radius:0px; '><section class=\"av_textblock_section \"  itemscope=\"itemscope\" itemtype=\"https:\/\/schema.org\/BlogPosting\" itemprop=\"blogPost\" ><div class='avia_textblock  '   itemprop=\"text\" ><p style=\"font-weight: 400; text-align: justify;\">M\u00e1s de 120 profesionales de los 29 servicios de salud del pa\u00eds y de los diversos niveles que integran la red asistencial del Ministerio de Salud fueron parte de estas jornadas. Esta estrategia est\u00e1 a cargo de APS y Unidad de Salud Digital SSA, quienes han capacitado a los equipos y comunidad, generando\u00a0protocolos de implementaci\u00f3n para estructurar una base s\u00f3lida de esta estrategia. En Ays\u00e9n la marcha blanca parti\u00f3 en el mes de noviembre a trav\u00e9s de un piloto en la ciudad de Puerto Ays\u00e9n, para posteriormente continuar con la comuna de Coyhaique.<\/p>\n<p style=\"font-weight: 400; text-align: justify;\">\u201cInnovaci\u00f3n Tecnol\u00f3gica para la Atenci\u00f3n Primaria en Salud\u201d fue el lema de esta primera Jornada Nacional de Telesalud, una estrategia que ya cumple m\u00e1s de un a\u00f1o desde que se comenz\u00f3 a implementar en distintos CESFAM de Chile. \u201cCon TeleSalud se dignifica mucho la atenci\u00f3n de todas las personas en Atenci\u00f3n Primaria, se trata de una esta estrategia que se construy\u00f3 colectivamente, que se retroalimenta permanentemente de los equipos locales y tambi\u00e9n de la comunidad para ir mejorando y eso le da m\u00e1s sustentabilidad y lo hace m\u00e1s f\u00e1cil de incorporar a los equipos y a la comunidad misma\u201d, expres\u00f3 la Dra. Carmen Aravena, jefa de la Divisi\u00f3n de Atenci\u00f3n Primaria del Ministerio de Salud en esta Jornada.<\/p>\n<p style=\"font-weight: 400; text-align: justify;\">En esa misma l\u00ednea, la jefa del Departamento de Salud Digital Dra. Mar\u00eda Jos\u00e9 Letelier, manifest\u00f3 que \u201cya tenemos m\u00e1s de 133 establecimientos de APS y sus funcionarios ya han logrado atender o dar respuesta a m\u00e1s de 1.800.000 solicitudes. Hemos logrado cambiar la forma de solicitar horas en el pa\u00eds, ya que la gente no se tiene que levantar temprano o madrugar para obtener una hora cl\u00ednica cuando lo requiere\u201d.<\/p>\n<p style=\"font-weight: 400; text-align: justify;\">TeleSalud, surgi\u00f3 inicialmente del trabajo colaborativo entre la Organizaci\u00f3n Panamericana de la Salud, la Escuela de Salud P\u00fablica de la Universidad de Chile y el Servicio de Salud Metropolitano Sur, donde se implement\u00f3 por primera vez con el nombre de Teletriage. Es por ello que algunos referentes de la OPS tuvieron una activa presencia en esta jornada, es el caso de Mario Cruz, Asesor en Sistemas y Servicios de Salud de la instituci\u00f3n en Chile quien reconoce que \u201cel balance es extremadamente positivo porque hemos visto como en relativamente poco tiempo, un proyecto que naci\u00f3 muy peque\u00f1o en los CESFAM del Servicio de Salud Metropolitano Sur es implementado por el Ministerio de Salud como una pol\u00edtica instituci\u00f3n\u201d.<\/p>\n<p style=\"font-weight: 400; text-align: justify;\"><strong>Telesalud es una herramienta estrat\u00e9gica<\/strong><\/p>\n<p style=\"font-weight: 400; text-align: justify;\">Uno de los expertos que asisti\u00f3 al evento fue el Dr. Bernardo Martorell, Coordinador de la Reforma de Salud del MINSAL quien asegur\u00f3 que \u201cTeleSalud es una herramienta estrat\u00e9gica y clave que ha servido mucho porque ha sido muy positiva para las comunas que la han implementado y tambi\u00e9n para las comunas que se est\u00e1n sumando a la Universalizaci\u00f3n de Atenci\u00f3n Primaria. Para nosotros es como una punta de lanza de universalizar la salud porque finalmente lo que hace esta estrategia es una forma de democratizar y poner los servicios de salud en un portal que est\u00e1 disponible f\u00e1cilmente para toda la poblaci\u00f3n de Chile\u201d.<\/p>\n<p style=\"font-weight: 400; text-align: justify;\">El Dr. Osvaldo Salgado, m\u00e1xima autoridad de la Subsecretar\u00eda de Redes Asistenciales a la cual pertenecen tanto DIVAP como Salud Digital, valor\u00f3 el trabajo de los equipos tras Telesalud ya que \u201cel tema del uso de informaci\u00f3n y el uso de las tecnolog\u00edas de la informaci\u00f3n en salud son aspectos muy relevantes y van a ser cada d\u00eda m\u00e1s importantes. Todo lo que podamos hacer como pa\u00eds para mejorar, para avanzar, para ir incorporando cada vez m\u00e1s estas tecnolog\u00edas, son importantes para la poblaci\u00f3n, porque mejoran su salud y finalmente mejoran su calidad de vida\u201d.<\/p>\n<p style=\"font-weight: 400; text-align: justify;\">Telesalud es una estrategia que va a contribuir de forma real a la demanda de la poblaci\u00f3n, garantizando equidad en el acceso, es decir, permite que todos y todas tengan la misma oportunidad de atenci\u00f3n de acuerdo a ciertos criterios de prioridad seg\u00fan factor de riesgo. \u201cPermite optimizar horas de atenci\u00f3n m\u00e9dica, se apunta a resolver ciertas consultas de manera remota como lo son revisi\u00f3n de ex\u00e1menes m\u00e9dicos, extensi\u00f3n o renovaci\u00f3n de recetas entre otros. Se\u00f1alar que este equipo debi\u00f3 capacitarse en curso OPS por varios meses para acreditar ciertas competencias que permitan contribuir al \u00e9xito y desarrollo de esta modalidad de atenci\u00f3n instalada en todas las regiones de nuestro pa\u00eds y varios pa\u00edses de Latinoam\u00e9rica, supervisados y acompa\u00f1ados por equipo Salud Digital SSA y APS\u201d, remat\u00f3 Jenny Obando, referente Salud Digital del Servicio de Salud Ays\u00e9n.<\/p>\n<\/div><\/section><\/div><div  style='height:50px' class='hr hr-invisible   avia-builder-el-6  el_after_av_one_full  el_before_av_social_share '><span class='hr-inner ' ><span class='hr-inner-style'><\/span><\/span><\/div><\/p>\n<div  class='av-social-sharing-box  avia-builder-el-7  el_after_av_hr  el_before_av_hr  '><div class='av-share-box'><h5 class='av-share-link-description av-no-toc '>Compartir esta noticia<\/h5><ul class='av-share-box-list noLightbox'><li class='av-share-link av-social-link-facebook' ><a target=\"_blank\" aria-label=\"Compartir en Facebook\" href='https:\/\/www.facebook.com\/sharer.php?u=https:\/\/radiorevelacionfm.cl\/?p=37484&#038;t=Equipo%20de%20Salud%20Digital%20de%20Ays%C3%A9n%20participa%20en%20jornadas%20de%20estrategia%20de%20gesti%C3%B3n%20remota%20de%20la%20demanda' aria-hidden='false' data-av_icon='\ue8f3' data-av_iconfont='entypo-fontello' title='' data-avia-related-tooltip='Compartir en Facebook' rel=\"noopener\"><span class='avia_hidden_link_text'>Compartir en Facebook<\/span><\/a><\/li><li class='av-share-link av-social-link-twitter' ><a target=\"_blank\" aria-label=\"Compartir en Twitter\" href='https:\/\/twitter.com\/share?text=Equipo%20de%20Salud%20Digital%20de%20Ays%C3%A9n%20participa%20en%20jornadas%20de%20estrategia%20de%20gesti%C3%B3n%20remota%20de%20la%20demanda&#038;url=https:\/\/radiorevelacionfm.cl\/?p=37484' aria-hidden='false' data-av_icon='\ue8f1' data-av_iconfont='entypo-fontello' title='' data-avia-related-tooltip='Compartir en Twitter' rel=\"noopener\"><span class='avia_hidden_link_text'>Compartir en Twitter<\/span><\/a><\/li><li class='av-share-link av-social-link-whatsapp' ><a target=\"_blank\" aria-label=\"Compartir en Whatsapp\" href='https:\/\/api.whatsapp.com\/send?text=https:\/\/radiorevelacionfm.cl\/?p=37484' aria-hidden='false' data-av_icon='\uf232' data-av_iconfont='entypo-fontello' title='' data-avia-related-tooltip='Compartir en Whatsapp' rel=\"noopener\"><span class='avia_hidden_link_text'>Compartir en Whatsapp<\/span><\/a><\/li><li class='av-share-link av-social-link-linkedin' ><a target=\"_blank\" aria-label=\"Compartir en LinkedIn\" href='https:\/\/linkedin.com\/shareArticle?mini=true&#038;title=Equipo%20de%20Salud%20Digital%20de%20Ays%C3%A9n%20participa%20en%20jornadas%20de%20estrategia%20de%20gesti%C3%B3n%20remota%20de%20la%20demanda&#038;url=https:\/\/radiorevelacionfm.cl\/?p=37484' aria-hidden='false' data-av_icon='\ue8fc' data-av_iconfont='entypo-fontello' title='' data-avia-related-tooltip='Compartir en LinkedIn' rel=\"noopener\"><span class='avia_hidden_link_text'>Compartir en LinkedIn<\/span><\/a><\/li><li class='av-share-link av-social-link-mail' ><a  aria-label=\"Compartir por correo\" href='mailto:?subject=Equipo%20de%20Salud%20Digital%20de%20Ays%C3%A9n%20participa%20en%20jornadas%20de%20estrategia%20de%20gesti%C3%B3n%20remota%20de%20la%20demanda&#038;body=https:\/\/radiorevelacionfm.cl\/?p=37484' aria-hidden='false' data-av_icon='\ue805' data-av_iconfont='entypo-fontello' title='' data-avia-related-tooltip='Compartir por correo'><span class='avia_hidden_link_text'>Compartir por correo<\/span><\/a><\/li><\/ul><\/div><\/div>\n<div  style='height:50px' class='hr hr-invisible   avia-builder-el-8  el_after_av_social_share  el_before_av_comments_list '><span class='hr-inner ' ><span class='hr-inner-style'><\/span><\/span><\/div>\n<div  class='av-buildercomment  av-blog-meta-html-info-disabled av-blog-meta-tag-disabled  '><\/div>\n","protected":false},"excerpt":{"rendered":"","protected":false},"author":1,"featured_media":37485,"comment_status":"open","ping_status":"open","sticky":false,"template":"","format":"standard","meta":{"footnotes":""},"categories":[46],"tags":[],"class_list":["post-37484","post","type-post","status-publish","format-standard","has-post-thumbnail","hentry","category-salud"],"jetpack_featured_media_url":"https:\/\/radiorevelacionfm.cl\/wp-content\/uploads\/2023\/11\/NOTA-JORNADA-OPS-2-1-1.jpg","_links":{"self":[{"href":"https:\/\/radiorevelacionfm.cl\/index.php?rest_route=\/wp\/v2\/posts\/37484","targetHints":{"allow":["GET"]}}],"collection":[{"href":"https:\/\/radiorevelacionfm.cl\/index.php?rest_route=\/wp\/v2\/posts"}],"about":[{"href":"https:\/\/radiorevelacionfm.cl\/index.php?rest_route=\/wp\/v2\/types\/post"}],"author":[{"embeddable":true,"href":"https:\/\/radiorevelacionfm.cl\/index.php?rest_route=\/wp\/v2\/users\/1"}],"replies":[{"embeddable":true,"href":"https:\/\/radiorevelacionfm.cl\/index.php?rest_route=%2Fwp%2Fv2%2Fcomments&post=37484"}],"version-history":[{"count":1,"href":"https:\/\/radiorevelacionfm.cl\/index.php?rest_route=\/wp\/v2\/posts\/37484\/revisions"}],"predecessor-version":[{"id":37486,"href":"https:\/\/radiorevelacionfm.cl\/index.php?rest_route=\/wp\/v2\/posts\/37484\/revisions\/37486"}],"wp:featuredmedia":[{"embeddable":true,"href":"https:\/\/radiorevelacionfm.cl\/index.php?rest_route=\/wp\/v2\/media\/37485"}],"wp:attachment":[{"href":"https:\/\/radiorevelacionfm.cl\/index.php?rest_route=%2Fwp%2Fv2%2Fmedia&parent=37484"}],"wp:term":[{"taxonomy":"category","embeddable":true,"href":"https:\/\/radiorevelacionfm.cl\/index.php?rest_route=%2Fwp%2Fv2%2Fcategories&post=37484"},{"taxonomy":"post_tag","embeddable":true,"href":"https:\/\/radiorevelacionfm.cl\/index.php?rest_route=%2Fwp%2Fv2%2Ftags&post=37484"}],"curies":[{"name":"wp","href":"https:\/\/api.w.org\/{rel}","templated":true}]}}