{"id":37481,"date":"2023-11-29T17:57:46","date_gmt":"2023-11-29T20:57:46","guid":{"rendered":"https:\/\/radiorevelacionfm.cl\/?p=37481"},"modified":"2023-11-29T17:57:46","modified_gmt":"2023-11-29T20:57:46","slug":"en-la-region-conmemoraron-el-dia-internacional-de-la-eliminacion-de-la-violencia-contra-la-mujer","status":"publish","type":"post","link":"https:\/\/radiorevelacionfm.cl\/?p=37481","title":{"rendered":"En la regi\u00f3n conmemoraron el D\u00eda Internacional de la Eliminaci\u00f3n de la Violencia Contra la Mujer"},"content":{"rendered":"<div class=\"flex_column av_one_full  flex_column_div av-zero-column-padding first  avia-builder-el-0  el_before_av_one_full  avia-builder-el-first  \" style='border-radius:0px; '><div  class='avia-image-container  av-styling-    avia-builder-el-1  avia-builder-el-no-sibling  avia-align-center '  itemprop=\"image\" itemscope=\"itemscope\" itemtype=\"https:\/\/schema.org\/ImageObject\"  ><div class='avia-image-container-inner'><div class='avia-image-overlay-wrap'><img decoding=\"async\" class='wp-image-37482 avia-img-lazy-loading-not-37482 avia_image' src=\"https:\/\/radiorevelacionfm.cl\/wp-content\/uploads\/2023\/11\/3-43-1-2.jpeg\" alt='' title='3 (43) (1) (2)' height=\"600\" width=\"1072\"  itemprop=\"thumbnailUrl\" srcset=\"https:\/\/radiorevelacionfm.cl\/wp-content\/uploads\/2023\/11\/3-43-1-2.jpeg 1072w, https:\/\/radiorevelacionfm.cl\/wp-content\/uploads\/2023\/11\/3-43-1-2-300x168.jpeg 300w, https:\/\/radiorevelacionfm.cl\/wp-content\/uploads\/2023\/11\/3-43-1-2-1030x576.jpeg 1030w, https:\/\/radiorevelacionfm.cl\/wp-content\/uploads\/2023\/11\/3-43-1-2-768x430.jpeg 768w, https:\/\/radiorevelacionfm.cl\/wp-content\/uploads\/2023\/11\/3-43-1-2-705x395.jpeg 705w, https:\/\/radiorevelacionfm.cl\/wp-content\/uploads\/2023\/11\/3-43-1-2-450x252.jpeg 450w, https:\/\/radiorevelacionfm.cl\/wp-content\/uploads\/2023\/11\/3-43-1-2-600x336.jpeg 600w\" sizes=\"(max-width: 1072px) 100vw, 1072px\" \/><\/div><\/div><\/div><\/div>\n<div class=\"flex_column av_one_full  flex_column_div av-zero-column-padding first  avia-builder-el-2  el_after_av_one_full  el_before_av_one_full  column-top-margin\" style='border-radius:0px; '><section class=\"av_textblock_section \"  itemscope=\"itemscope\" itemtype=\"https:\/\/schema.org\/BlogPosting\" itemprop=\"blogPost\" ><div class='avia_textblock  '   itemprop=\"text\" ><p style=\"text-align: center;\"><strong><span style=\"font-size: 18pt;\">En la regi\u00f3n conmemoraron el D\u00eda Internacional de la Eliminaci\u00f3n de la Violencia Contra la Mujer<\/span><\/strong><\/p>\n<div id=\"gtx-trans\" style=\"position: absolute; left: -50px; top: 4.31534px;\">\n<div class=\"gtx-trans-icon\"><\/div>\n<\/div>\n<\/div><\/section><\/div><div class=\"flex_column av_one_full  flex_column_div av-zero-column-padding first  avia-builder-el-4  el_after_av_one_full  el_before_av_hr  column-top-margin\" style='border-radius:0px; '><section class=\"av_textblock_section \"  itemscope=\"itemscope\" itemtype=\"https:\/\/schema.org\/BlogPosting\" itemprop=\"blogPost\" ><div class='avia_textblock  '   itemprop=\"text\" ><p style=\"font-weight: 400; text-align: justify;\">Con una alta concurrencia de p\u00fablico el gobierno conmemor\u00f3 el D\u00eda Internacional de la Eliminaci\u00f3n de la Violencia Contra la Mujer, en un acto realizado durante la ma\u00f1ana del lunes en el audit\u00f3rium MOP. A la actividad asistieron el delegado presidencial (s.) Samuel Navarro, la gobernadora regional Andrea Mac\u00edas, la seremi de la mujer y equidad de g\u00e9nero, Andrea M\u00e9ndez, la directora regional de Prodemu, Patricia Baeza y diferentes l\u00edderes sociales de la regi\u00f3n.<\/p>\n<p style=\"font-weight: 400; text-align: justify;\">Esta instancia fue tambi\u00e9n el escenario para lanzar la campa\u00f1a 2023-2024 de prevenci\u00f3n y sensibilizaci\u00f3n de la violencia contra las mujeres, denominada \u201cLleguemos a Cero. Todas y Todos Contamos Para Disminuir la Violencia Contra las Mujeres\u201d, con la que se busca generar conciencia sobre la realidad que viven las mujeres afectadas por alguna de las m\u00faltiples expresiones de este problema.<\/p>\n<p style=\"font-weight: 400; text-align: justify;\">Al respecto, el delegado regional (s.) Samuel Navarro destac\u00f3 que contra las mujeres se ejerce no solamente la violencia f\u00edsica, sino tambi\u00e9n la violencia econ\u00f3mica. \u00abSin duda que hay otros aspectos como la violencia econ\u00f3mica, la violencia psicol\u00f3gica, la violencia intrafamiliar y en contexto de pareja. All\u00ed estamos avanzando en medidas legislativas, hemos avanzado y tenemos ya un a\u00f1o de la puesta en vigencia del registro nacional de deudores de pensi\u00f3n de alimentos donde se revela este flagelo de la ausencia de corresponsabilidad en el caso del 97% de los hombres que tiene que pagar pensiones de alimento. Por lo tanto tenemos no solamente una convicci\u00f3n, sino tambi\u00e9n un trabajo sostenido, permanente en esta materia tan sensible como es la violencia contra las mujeres\u201d, indic\u00f3 la autoridad.<\/p>\n<p style=\"font-weight: 400; text-align: justify;\">La importancia que el gobierno otorga a este problema, est\u00e1 respaldada por las cifras de estudios nacionales e internacionales. Por ejemplo, la IV Encuesta de Violencia Contra la Mujer en el \u00c1mbito de Violencia Intrafamiliar y en Otros Espacios (ENVIF-VCM) 2020, indica que un 41,4% de las mujeres entre 15 y 65 a\u00f1os se\u00f1ala haber sufrido alg\u00fan tipo de violencia y un 38,3% afirma haber sufrido violencia psicol\u00f3gica, mientras un 15,5% reporta haber sufrido violencia f\u00edsica y un 6,9%, violencia sexual.<\/p>\n<p style=\"font-weight: 400; text-align: justify;\">A pesar de estas cifras, solo un 19% de las mujeres que vivi\u00f3 violencia intrafamiliar psicol\u00f3gica, lo denunci\u00f3. Igualmente lo hizo apenas el 29% de quienes vivieron VIF f\u00edsica y un 16,3% de quienes vivieron VIF sexual.<\/p>\n<p style=\"font-weight: 400; text-align: justify;\">Frente a este escenario, la seremi de la mujer y equidad de g\u00e9nero, Andrea M\u00e9ndez indic\u00f3 que la soluci\u00f3n pasa por el trabajo de las instituciones y de la comunidad. \u201cEste a\u00f1o nosotras lanzamos nuestra campa\u00f1a de prevenci\u00f3n de la violencia contra las mujeres, que pone el \u00e9nfasis en acciones cotidianas que podemos desarrollar todas y todos en el ejercicio de la prevenci\u00f3n de la violencia. Tiene un llamado bien claro a intervenir en situaciones de violencia, acompa\u00f1ar a v\u00edctimas de violencia y denunciar cuando sea correspondiente hacerlo. Es una llamada de \u00edndole comunitaria porque comprendemos que el abordaje de la violencia contra las mujeres requiere de voluntades institucionales pero tambi\u00e9n ciudadanas\u201d, expres\u00f3 la seremi.<\/p>\n<p style=\"font-weight: 400; text-align: justify;\">Adem\u00e1s del lanzamiento de la campa\u00f1a 2023-2024 del Ministerio de la Mujer, durante el acto se reconoci\u00f3 a instituciones que se encuentran desarrollando iniciativas regionales tendientes a colaborar en la prevenci\u00f3n de la violencia contra las mujeres, como Carabineros de Chile; radio Nahuel, de Puerto Ays\u00e9n; Injuv; Universidad de Ays\u00e9n y radio Aut\u00e9ntica, de Puerto Cisnes.<\/p>\n<p style=\"font-weight: 400; text-align: justify;\">En representaci\u00f3n de este \u00faltimo medio de comunicaci\u00f3n, Amalia Parra, se refiri\u00f3 al trabajo realizado a trav\u00e9s del programa \u201cDetener la Violencia es Tarea de Todos\u201d, para sensibilizar a la comunidad con este tema. \u201cEs por eso que pensamos en el tema de la violencia, para tocarlo desde diferentes aristas. Uno de ellos era la violencia contra la mujer, la violencia de g\u00e9nero. En este proyecto hablamos con Carabineros, con la PDI, con el fiscal de Puerto Ays\u00e9n, con la seremi de la mujer y equidad de g\u00e9nero, y estamos convencidos de que este programa especial que hicimos como radio lleg\u00f3 a cada uno de los hogares y esperamos que haya hecho sentido a alguna persona que pueda ayudar a alguna mujer que est\u00e9 sufriendo violencia, o a alg\u00fan hombre, alguien que est\u00e9 ejerciendo la violencia, para generar un poco de conciencia\u201d, se\u00f1al\u00f3 la comunicadora.<\/p>\n<p style=\"font-weight: 400; text-align: justify;\">Tambi\u00e9n fueron reconocidas Hayley Dur\u00e1n, por su libro \u201cPor m\u00ed y por Todas mis Vecinas\u201d; Pastora Montecinos, con su libro \u201c\u00a1No m\u00e1s! Resurgir a la Vida\u201d y Karoleen Montiel, por su investigaci\u00f3n de pregrado denominada \u201cLa Respuesta Judicial Ante Denuncias de Mujeres V\u00edctimas de Violencia Intrafamiliar en la Ciudad de Coyhaique\u201d.<\/p>\n<p style=\"font-weight: 400; text-align: justify;\">Los contenidos de la campa\u00f1a \u201cLleguemos a Cero\u201d pueden encontrarse en las redes sociales del Ministerio de la Mujer y Equidad de G\u00e9nero, as\u00ed como en su p\u00e1gina web\u00a0<a href=\"https:\/\/minmujeryeg.gob.cl\/\" data-saferedirecturl=\"https:\/\/www.google.com\/url?q=https:\/\/minmujeryeg.gob.cl\/&amp;source=gmail&amp;ust=1701286686231000&amp;usg=AOvVaw1cnTGx-nekYNBwGp9x1Fc_\">https:\/\/minmujeryeg.gob.cl\/<\/a>, donde igualmente se han dispuesto sugerencias sobre como acompa\u00f1ar e intervenir adecuadamente cuando se es testigo de una situaci\u00f3n de violencia contra una mujer.<\/p>\n<p style=\"font-weight: 400; text-align: justify;\">Finalmente, las personas que deseen contar con orientaci\u00f3n sobre este tema pueden llamar al tel\u00e9fono de orientaci\u00f3n en violencia 1455, o escribir al WhatsApp +569 9700 7000, mientras que las denuncias pueden realizarse a los fonos 133 de Carabineros y 134 de la PDI.<\/p>\n<\/div><\/section><\/div><\/p>\n<div  style='height:50px' class='hr hr-invisible   avia-builder-el-6  el_after_av_one_full  el_before_av_social_share '><span class='hr-inner ' ><span class='hr-inner-style'><\/span><\/span><\/div>\n<div  class='av-social-sharing-box  avia-builder-el-7  el_after_av_hr  el_before_av_hr  '><div class='av-share-box'><h5 class='av-share-link-description av-no-toc '>Compartir esta noticia<\/h5><ul class='av-share-box-list noLightbox'><li class='av-share-link av-social-link-facebook' ><a target=\"_blank\" aria-label=\"Compartir en Facebook\" href='https:\/\/www.facebook.com\/sharer.php?u=https:\/\/radiorevelacionfm.cl\/?p=37481&#038;t=En%20la%20regi%C3%B3n%20conmemoraron%20el%20D%C3%ADa%20Internacional%20de%20la%20Eliminaci%C3%B3n%20de%20la%20Violencia%20Contra%20la%20Mujer' aria-hidden='false' data-av_icon='\ue8f3' data-av_iconfont='entypo-fontello' title='' data-avia-related-tooltip='Compartir en Facebook' rel=\"noopener\"><span class='avia_hidden_link_text'>Compartir en Facebook<\/span><\/a><\/li><li class='av-share-link av-social-link-twitter' ><a target=\"_blank\" aria-label=\"Compartir en Twitter\" href='https:\/\/twitter.com\/share?text=En%20la%20regi%C3%B3n%20conmemoraron%20el%20D%C3%ADa%20Internacional%20de%20la%20Eliminaci%C3%B3n%20de%20la%20Violencia%20Contra%20la%20Mujer&#038;url=https:\/\/radiorevelacionfm.cl\/?p=37481' aria-hidden='false' data-av_icon='\ue8f1' data-av_iconfont='entypo-fontello' title='' data-avia-related-tooltip='Compartir en Twitter' rel=\"noopener\"><span class='avia_hidden_link_text'>Compartir en Twitter<\/span><\/a><\/li><li class='av-share-link av-social-link-whatsapp' ><a target=\"_blank\" aria-label=\"Compartir en Whatsapp\" href='https:\/\/api.whatsapp.com\/send?text=https:\/\/radiorevelacionfm.cl\/?p=37481' aria-hidden='false' data-av_icon='\uf232' data-av_iconfont='entypo-fontello' title='' data-avia-related-tooltip='Compartir en Whatsapp' rel=\"noopener\"><span class='avia_hidden_link_text'>Compartir en Whatsapp<\/span><\/a><\/li><li class='av-share-link av-social-link-linkedin' ><a target=\"_blank\" aria-label=\"Compartir en LinkedIn\" href='https:\/\/linkedin.com\/shareArticle?mini=true&#038;title=En%20la%20regi%C3%B3n%20conmemoraron%20el%20D%C3%ADa%20Internacional%20de%20la%20Eliminaci%C3%B3n%20de%20la%20Violencia%20Contra%20la%20Mujer&#038;url=https:\/\/radiorevelacionfm.cl\/?p=37481' aria-hidden='false' data-av_icon='\ue8fc' data-av_iconfont='entypo-fontello' title='' data-avia-related-tooltip='Compartir en LinkedIn' rel=\"noopener\"><span class='avia_hidden_link_text'>Compartir en LinkedIn<\/span><\/a><\/li><li class='av-share-link av-social-link-mail' ><a  aria-label=\"Compartir por correo\" href='mailto:?subject=En%20la%20regi%C3%B3n%20conmemoraron%20el%20D%C3%ADa%20Internacional%20de%20la%20Eliminaci%C3%B3n%20de%20la%20Violencia%20Contra%20la%20Mujer&#038;body=https:\/\/radiorevelacionfm.cl\/?p=37481' aria-hidden='false' data-av_icon='\ue805' data-av_iconfont='entypo-fontello' title='' data-avia-related-tooltip='Compartir por correo'><span class='avia_hidden_link_text'>Compartir por correo<\/span><\/a><\/li><\/ul><\/div><\/div>\n<div  style='height:50px' class='hr hr-invisible   avia-builder-el-8  el_after_av_social_share  el_before_av_comments_list '><span class='hr-inner ' ><span class='hr-inner-style'><\/span><\/span><\/div>\n<div  class='av-buildercomment  av-blog-meta-html-info-disabled av-blog-meta-tag-disabled  '><\/div>\n","protected":false},"excerpt":{"rendered":"","protected":false},"author":1,"featured_media":37482,"comment_status":"open","ping_status":"open","sticky":false,"template":"","format":"standard","meta":{"footnotes":""},"categories":[38],"tags":[],"class_list":["post-37481","post","type-post","status-publish","format-standard","has-post-thumbnail","hentry","category-regional"],"jetpack_featured_media_url":"https:\/\/radiorevelacionfm.cl\/wp-content\/uploads\/2023\/11\/3-43-1-2.jpeg","_links":{"self":[{"href":"https:\/\/radiorevelacionfm.cl\/index.php?rest_route=\/wp\/v2\/posts\/37481","targetHints":{"allow":["GET"]}}],"collection":[{"href":"https:\/\/radiorevelacionfm.cl\/index.php?rest_route=\/wp\/v2\/posts"}],"about":[{"href":"https:\/\/radiorevelacionfm.cl\/index.php?rest_route=\/wp\/v2\/types\/post"}],"author":[{"embeddable":true,"href":"https:\/\/radiorevelacionfm.cl\/index.php?rest_route=\/wp\/v2\/users\/1"}],"replies":[{"embeddable":true,"href":"https:\/\/radiorevelacionfm.cl\/index.php?rest_route=%2Fwp%2Fv2%2Fcomments&post=37481"}],"version-history":[{"count":2,"href":"https:\/\/radiorevelacionfm.cl\/index.php?rest_route=\/wp\/v2\/posts\/37481\/revisions"}],"predecessor-version":[{"id":37549,"href":"https:\/\/radiorevelacionfm.cl\/index.php?rest_route=\/wp\/v2\/posts\/37481\/revisions\/37549"}],"wp:featuredmedia":[{"embeddable":true,"href":"https:\/\/radiorevelacionfm.cl\/index.php?rest_route=\/wp\/v2\/media\/37482"}],"wp:attachment":[{"href":"https:\/\/radiorevelacionfm.cl\/index.php?rest_route=%2Fwp%2Fv2%2Fmedia&parent=37481"}],"wp:term":[{"taxonomy":"category","embeddable":true,"href":"https:\/\/radiorevelacionfm.cl\/index.php?rest_route=%2Fwp%2Fv2%2Fcategories&post=37481"},{"taxonomy":"post_tag","embeddable":true,"href":"https:\/\/radiorevelacionfm.cl\/index.php?rest_route=%2Fwp%2Fv2%2Ftags&post=37481"}],"curies":[{"name":"wp","href":"https:\/\/api.w.org\/{rel}","templated":true}]}}