{"id":37478,"date":"2023-11-28T20:34:32","date_gmt":"2023-11-28T23:34:32","guid":{"rendered":"https:\/\/radiorevelacionfm.cl\/?p=37478"},"modified":"2023-11-28T20:34:32","modified_gmt":"2023-11-28T23:34:32","slug":"gobierno-cierra-la-puerta-al-aumento-del-bono-lena-a-200-mil-pesos-planteado-por-el-diputado-calisto","status":"publish","type":"post","link":"https:\/\/radiorevelacionfm.cl\/?p=37478","title":{"rendered":"Gobierno cierra la puerta al aumento del bono le\u00f1a a 200 mil pesos planteado por el diputado Calisto"},"content":{"rendered":"<div class=\"flex_column av_one_full  flex_column_div av-zero-column-padding first  avia-builder-el-0  el_before_av_one_full  avia-builder-el-first  \" style='border-radius:0px; '><div  class='avia-image-container  av-styling-    avia-builder-el-1  avia-builder-el-no-sibling  avia-align-center '  itemprop=\"image\" itemscope=\"itemscope\" itemtype=\"https:\/\/schema.org\/ImageObject\"  ><div class='avia-image-container-inner'><div class='avia-image-overlay-wrap'><img decoding=\"async\" class='wp-image-37479 avia-img-lazy-loading-not-37479 avia_image' src=\"https:\/\/radiorevelacionfm.cl\/wp-content\/uploads\/2023\/11\/leNa-b-1_optimized-1.jpg\" alt='' title='le\u00d1a-b-(1)_optimized (1)' height=\"600\" width=\"800\"  itemprop=\"thumbnailUrl\" srcset=\"https:\/\/radiorevelacionfm.cl\/wp-content\/uploads\/2023\/11\/leNa-b-1_optimized-1.jpg 800w, https:\/\/radiorevelacionfm.cl\/wp-content\/uploads\/2023\/11\/leNa-b-1_optimized-1-300x225.jpg 300w, https:\/\/radiorevelacionfm.cl\/wp-content\/uploads\/2023\/11\/leNa-b-1_optimized-1-768x576.jpg 768w, https:\/\/radiorevelacionfm.cl\/wp-content\/uploads\/2023\/11\/leNa-b-1_optimized-1-705x529.jpg 705w, https:\/\/radiorevelacionfm.cl\/wp-content\/uploads\/2023\/11\/leNa-b-1_optimized-1-450x338.jpg 450w, https:\/\/radiorevelacionfm.cl\/wp-content\/uploads\/2023\/11\/leNa-b-1_optimized-1-600x450.jpg 600w\" sizes=\"(max-width: 800px) 100vw, 800px\" \/><\/div><\/div><\/div><\/div><div class=\"flex_column av_one_full  flex_column_div av-zero-column-padding first  avia-builder-el-2  el_after_av_one_full  el_before_av_one_full  column-top-margin\" style='border-radius:0px; '><section class=\"av_textblock_section \"  itemscope=\"itemscope\" itemtype=\"https:\/\/schema.org\/BlogPosting\" itemprop=\"blogPost\" ><div class='avia_textblock  '   itemprop=\"text\" ><p style=\"text-align: center;\"><span style=\"font-size: 18pt;\"><b><span lang=\"ES\">Gobierno cierra la puerta al aumento del bono le\u00f1a a 200 mil pesos planteado por el diputado Calisto<\/span><\/b><\/span><\/p>\n<div id=\"gtx-trans\" style=\"position: absolute; left: -50px; top: 4.31534px;\">\n<div class=\"gtx-trans-icon\"><\/div>\n<\/div>\n<\/div><\/section><\/div><div class=\"flex_column av_one_full  flex_column_div av-zero-column-padding first  avia-builder-el-4  el_after_av_one_full  el_before_av_hr  column-top-margin\" style='border-radius:0px; '><section class=\"av_textblock_section \"  itemscope=\"itemscope\" itemtype=\"https:\/\/schema.org\/BlogPosting\" itemprop=\"blogPost\" ><div class='avia_textblock  '   itemprop=\"text\" ><p style=\"font-weight: 400; text-align: justify;\"><em>El legislador critic\u00f3 la decisi\u00f3n del ejecutivo de no apoyar la indicaci\u00f3n de su autor\u00eda y acus\u00f3 discriminaci\u00f3n con la regi\u00f3n de Ays\u00e9n.<\/em><\/p>\n<p style=\"font-weight: 400; text-align: justify;\">Como un hecho lamentable calific\u00f3 el diputado Miguel \u00c1ngel Calisto el rechazo en la Comisi\u00f3n Mixta de la Ley de Presupuesto de la indicaci\u00f3n de su autor\u00eda que establec\u00eda un aumento del bono le\u00f1a a 200 mil pesos, hecho por el cual culp\u00f3 al Gobierno, asegurando que \u201cno quisieron terminar con la discriminaci\u00f3n que sufre Ays\u00e9n en comparaci\u00f3n Magallanes\u201d, haciendo referencia al millonario subsidio para el uso del gas que existe en esa regi\u00f3n.<\/p>\n<p style=\"font-weight: 400; text-align: justify;\">Seg\u00fan el diputado Calisto, \u201clamentablemente, el Gobierno rechaz\u00f3 la opci\u00f3n de aumentar el bono le\u00f1a a 200 mil pesos. Nosotros aprobamos esta indicaci\u00f3n dos veces en la C\u00e1mara de Diputados, pero en el Senado y en la Comisi\u00f3n Mixta, no tuvo el apoyo suficiente y prim\u00f3 la opci\u00f3n del Gobierno, que no establece ning\u00fan monto claro\u201d.<\/p>\n<p style=\"font-weight: 400; text-align: justify;\">\u201cEl Gobierno logr\u00f3 imponer su visi\u00f3n y no habr\u00e1 un aumento del bono le\u00f1a a 200 mil pesos. Lo \u00fanico claro es que se realizar\u00e1 una mesa de trabajo para determinar un posible aumento, sin existir claridad del monto y del porcentaje que abarcar\u00e1 del Registro Social de Hogares\u201d, indic\u00f3.<\/p>\n<p style=\"font-weight: 400; text-align: justify;\">El legislador se\u00f1al\u00f3 que \u201cclaramente, se trata de una mala noticia, por que es un beneficio que no alcanza para nada y que no ha sido reajustado en once a\u00f1os.\u00a0 Esta es una se\u00f1al equivocada, entendiendo los graves problemas econ\u00f3micos que tenemos en Ays\u00e9n. Adem\u00e1s, nosotros tenemos un clima igual o peor que Magallanes, pero all\u00e1 tienen un subsidio millonario para el uso del gas\u201d.<\/p>\n<p style=\"font-weight: 400; text-align: justify;\">Finalmente, el diputado Miguel \u00c1ngel Calisto indic\u00f3 \u201cnosotros vamos a seguir insistiendo para garantizar el aumento de la cobertura y el monto de este bono en la mesa de trabajo que comenzar\u00e1 en marzo, porque creo que existe una discriminaci\u00f3n con la regi\u00f3n de Ays\u00e9n que debe terminar\u201d.<\/p>\n<\/div><\/section><\/div><div  style='height:50px' class='hr hr-invisible   avia-builder-el-6  el_after_av_one_full  el_before_av_social_share '><span class='hr-inner ' ><span class='hr-inner-style'><\/span><\/span><\/div><\/p>\n<div  class='av-social-sharing-box  avia-builder-el-7  el_after_av_hr  el_before_av_hr  '><div class='av-share-box'><h5 class='av-share-link-description av-no-toc '>Compartir esta noticia<\/h5><ul class='av-share-box-list noLightbox'><li class='av-share-link av-social-link-facebook' ><a target=\"_blank\" aria-label=\"Compartir en Facebook\" href='https:\/\/www.facebook.com\/sharer.php?u=https:\/\/radiorevelacionfm.cl\/?p=37478&#038;t=Gobierno%20cierra%20la%20puerta%20al%20aumento%20del%20bono%20le%C3%B1a%20a%20200%20mil%20pesos%20planteado%20por%20el%20diputado%20Calisto' aria-hidden='false' data-av_icon='\ue8f3' data-av_iconfont='entypo-fontello' title='' data-avia-related-tooltip='Compartir en Facebook' rel=\"noopener\"><span class='avia_hidden_link_text'>Compartir en Facebook<\/span><\/a><\/li><li class='av-share-link av-social-link-twitter' ><a target=\"_blank\" aria-label=\"Compartir en Twitter\" href='https:\/\/twitter.com\/share?text=Gobierno%20cierra%20la%20puerta%20al%20aumento%20del%20bono%20le%C3%B1a%20a%20200%20mil%20pesos%20planteado%20por%20el%20diputado%20Calisto&#038;url=https:\/\/radiorevelacionfm.cl\/?p=37478' aria-hidden='false' data-av_icon='\ue8f1' data-av_iconfont='entypo-fontello' title='' data-avia-related-tooltip='Compartir en Twitter' rel=\"noopener\"><span class='avia_hidden_link_text'>Compartir en Twitter<\/span><\/a><\/li><li class='av-share-link av-social-link-whatsapp' ><a target=\"_blank\" aria-label=\"Compartir en Whatsapp\" href='https:\/\/api.whatsapp.com\/send?text=https:\/\/radiorevelacionfm.cl\/?p=37478' aria-hidden='false' data-av_icon='\uf232' data-av_iconfont='entypo-fontello' title='' data-avia-related-tooltip='Compartir en Whatsapp' rel=\"noopener\"><span class='avia_hidden_link_text'>Compartir en Whatsapp<\/span><\/a><\/li><li class='av-share-link av-social-link-linkedin' ><a target=\"_blank\" aria-label=\"Compartir en LinkedIn\" href='https:\/\/linkedin.com\/shareArticle?mini=true&#038;title=Gobierno%20cierra%20la%20puerta%20al%20aumento%20del%20bono%20le%C3%B1a%20a%20200%20mil%20pesos%20planteado%20por%20el%20diputado%20Calisto&#038;url=https:\/\/radiorevelacionfm.cl\/?p=37478' aria-hidden='false' data-av_icon='\ue8fc' data-av_iconfont='entypo-fontello' title='' data-avia-related-tooltip='Compartir en LinkedIn' rel=\"noopener\"><span class='avia_hidden_link_text'>Compartir en LinkedIn<\/span><\/a><\/li><li class='av-share-link av-social-link-mail' ><a  aria-label=\"Compartir por correo\" href='mailto:?subject=Gobierno%20cierra%20la%20puerta%20al%20aumento%20del%20bono%20le%C3%B1a%20a%20200%20mil%20pesos%20planteado%20por%20el%20diputado%20Calisto&#038;body=https:\/\/radiorevelacionfm.cl\/?p=37478' aria-hidden='false' data-av_icon='\ue805' data-av_iconfont='entypo-fontello' title='' data-avia-related-tooltip='Compartir por correo'><span class='avia_hidden_link_text'>Compartir por correo<\/span><\/a><\/li><\/ul><\/div><\/div>\n<div  style='height:50px' class='hr hr-invisible   avia-builder-el-8  el_after_av_social_share  el_before_av_comments_list '><span class='hr-inner ' ><span class='hr-inner-style'><\/span><\/span><\/div>\n<div  class='av-buildercomment  av-blog-meta-html-info-disabled av-blog-meta-tag-disabled  '><\/div>\n","protected":false},"excerpt":{"rendered":"","protected":false},"author":1,"featured_media":37479,"comment_status":"open","ping_status":"open","sticky":false,"template":"","format":"standard","meta":{"footnotes":""},"categories":[38],"tags":[],"class_list":["post-37478","post","type-post","status-publish","format-standard","has-post-thumbnail","hentry","category-regional"],"jetpack_featured_media_url":"https:\/\/radiorevelacionfm.cl\/wp-content\/uploads\/2023\/11\/leNa-b-1_optimized-1.jpg","_links":{"self":[{"href":"https:\/\/radiorevelacionfm.cl\/index.php?rest_route=\/wp\/v2\/posts\/37478","targetHints":{"allow":["GET"]}}],"collection":[{"href":"https:\/\/radiorevelacionfm.cl\/index.php?rest_route=\/wp\/v2\/posts"}],"about":[{"href":"https:\/\/radiorevelacionfm.cl\/index.php?rest_route=\/wp\/v2\/types\/post"}],"author":[{"embeddable":true,"href":"https:\/\/radiorevelacionfm.cl\/index.php?rest_route=\/wp\/v2\/users\/1"}],"replies":[{"embeddable":true,"href":"https:\/\/radiorevelacionfm.cl\/index.php?rest_route=%2Fwp%2Fv2%2Fcomments&post=37478"}],"version-history":[{"count":1,"href":"https:\/\/radiorevelacionfm.cl\/index.php?rest_route=\/wp\/v2\/posts\/37478\/revisions"}],"predecessor-version":[{"id":37480,"href":"https:\/\/radiorevelacionfm.cl\/index.php?rest_route=\/wp\/v2\/posts\/37478\/revisions\/37480"}],"wp:featuredmedia":[{"embeddable":true,"href":"https:\/\/radiorevelacionfm.cl\/index.php?rest_route=\/wp\/v2\/media\/37479"}],"wp:attachment":[{"href":"https:\/\/radiorevelacionfm.cl\/index.php?rest_route=%2Fwp%2Fv2%2Fmedia&parent=37478"}],"wp:term":[{"taxonomy":"category","embeddable":true,"href":"https:\/\/radiorevelacionfm.cl\/index.php?rest_route=%2Fwp%2Fv2%2Fcategories&post=37478"},{"taxonomy":"post_tag","embeddable":true,"href":"https:\/\/radiorevelacionfm.cl\/index.php?rest_route=%2Fwp%2Fv2%2Ftags&post=37478"}],"curies":[{"name":"wp","href":"https:\/\/api.w.org\/{rel}","templated":true}]}}