{"id":37475,"date":"2023-11-28T21:19:37","date_gmt":"2023-11-29T00:19:37","guid":{"rendered":"https:\/\/radiorevelacionfm.cl\/?p=37475"},"modified":"2023-11-28T21:19:37","modified_gmt":"2023-11-29T00:19:37","slug":"destacan-estrategia-de-seguridad-del-gobierno-en-la-region-de-aysen","status":"publish","type":"post","link":"https:\/\/radiorevelacionfm.cl\/?p=37475","title":{"rendered":"Destacan Estrategia de Seguridad del Gobierno en la regi\u00f3n de Ays\u00e9n"},"content":{"rendered":"<div class=\"flex_column av_one_full  flex_column_div av-zero-column-padding first  avia-builder-el-0  el_before_av_one_full  avia-builder-el-first  \" style='border-radius:0px; '><div  class='avia-image-container  av-styling-    avia-builder-el-1  avia-builder-el-no-sibling  avia-align-center '  itemprop=\"image\" itemscope=\"itemscope\" itemtype=\"https:\/\/schema.org\/ImageObject\"  ><div class='avia-image-container-inner'><div class='avia-image-overlay-wrap'><img decoding=\"async\" class='wp-image-37476 avia-img-lazy-loading-not-37476 avia_image' src=\"https:\/\/radiorevelacionfm.cl\/wp-content\/uploads\/2023\/11\/whatsapp-image-2023-11-28-at-4_optimized.08.27-pm-1.jpeg\" alt='' title='whatsapp-image-2023-11-28-at-4_optimized.08.27-pm-(1)' height=\"600\" width=\"1067\"  itemprop=\"thumbnailUrl\" srcset=\"https:\/\/radiorevelacionfm.cl\/wp-content\/uploads\/2023\/11\/whatsapp-image-2023-11-28-at-4_optimized.08.27-pm-1.jpeg 1067w, https:\/\/radiorevelacionfm.cl\/wp-content\/uploads\/2023\/11\/whatsapp-image-2023-11-28-at-4_optimized.08.27-pm-1-300x169.jpeg 300w, https:\/\/radiorevelacionfm.cl\/wp-content\/uploads\/2023\/11\/whatsapp-image-2023-11-28-at-4_optimized.08.27-pm-1-1030x579.jpeg 1030w, https:\/\/radiorevelacionfm.cl\/wp-content\/uploads\/2023\/11\/whatsapp-image-2023-11-28-at-4_optimized.08.27-pm-1-768x432.jpeg 768w, https:\/\/radiorevelacionfm.cl\/wp-content\/uploads\/2023\/11\/whatsapp-image-2023-11-28-at-4_optimized.08.27-pm-1-705x396.jpeg 705w, https:\/\/radiorevelacionfm.cl\/wp-content\/uploads\/2023\/11\/whatsapp-image-2023-11-28-at-4_optimized.08.27-pm-1-450x253.jpeg 450w, https:\/\/radiorevelacionfm.cl\/wp-content\/uploads\/2023\/11\/whatsapp-image-2023-11-28-at-4_optimized.08.27-pm-1-600x337.jpeg 600w\" sizes=\"(max-width: 1067px) 100vw, 1067px\" \/><\/div><\/div><\/div><\/div><div class=\"flex_column av_one_full  flex_column_div av-zero-column-padding first  avia-builder-el-2  el_after_av_one_full  el_before_av_one_full  column-top-margin\" style='border-radius:0px; '><section class=\"av_textblock_section \"  itemscope=\"itemscope\" itemtype=\"https:\/\/schema.org\/BlogPosting\" itemprop=\"blogPost\" ><div class='avia_textblock  '   itemprop=\"text\" ><p style=\"text-align: center;\"><strong><span style=\"font-size: 18pt;\">Destacan Estrategia de Seguridad del Gobierno en la regi\u00f3n de Ays\u00e9n<\/span><\/strong><\/p>\n<div id=\"gtx-trans\" style=\"position: absolute; left: -50px; top: 4.31534px;\">\n<div class=\"gtx-trans-icon\"><\/div>\n<\/div>\n<\/div><\/section><\/div><div class=\"flex_column av_one_full  flex_column_div av-zero-column-padding first  avia-builder-el-4  el_after_av_one_full  el_before_av_hr  column-top-margin\" style='border-radius:0px; '><section class=\"av_textblock_section \"  itemscope=\"itemscope\" itemtype=\"https:\/\/schema.org\/BlogPosting\" itemprop=\"blogPost\" ><div class='avia_textblock  '   itemprop=\"text\" ><p style=\"font-weight: 400; text-align: justify;\">La Estrategia de Seguridad del Gobierno destac\u00f3 el Delegado Presidencial Regional de Ays\u00e9n, Rodrigo Araya, junto a la coordinadora regional de Seguridad P\u00fablica, Camila Covarrubias, en el marco de los resultados de la Encuesta Nacional Urbana de Seguridad Ciudadana (ENUSC) 2022, sobre victimizaci\u00f3n de los hogares, denuncias y percepci\u00f3n de inseguridad.<\/p>\n<p style=\"font-weight: 400; text-align: justify;\">Durante enero\u2013diciembre 2022, la victimizaci\u00f3n de los hogares alcanz\u00f3 8,7 por ciento en 2022; la Denuncia registra una disminuci\u00f3n de 2,3 puntos porcentuales con 42,2% en 2022; los delitos cibern\u00e9ticos aumentaron de 6,4% en 2021 a 12% en 2022; y la percepci\u00f3n de inseguridad se mantiene al alza, llegando a 88,6% las personas que perciben que la delincuencia aument\u00f3 en los \u00faltimos 12 meses.<\/p>\n<p style=\"font-weight: 400; text-align: justify;\">\u201cLa Estrategia de Seguridad del Gobierno est\u00e1 directamente orientada a garantizar la seguridad de las personas, mediante cinco ejes: fortalecer las instituciones, partiendo por las polic\u00edas; impulsar una pol\u00edtica nacional contra el crimen organizado y control de armas; intervenir los territorios con planes concretos; reforzar integralmente la prevenci\u00f3n y alcanzar acuerdos de Estado en materia de seguridad. Ays\u00e9n es la segunda regi\u00f3n con menor registro delictual del pa\u00eds y estamos trabajando arduamente para robustecer la seguridad p\u00fablica en nuestro territorio\u201d, se\u00f1al\u00f3 Rodrigo Araya.<\/p>\n<p style=\"font-weight: 400; text-align: justify;\">Camila Covarrubias agreg\u00f3 que \u201crespecto a los hogares que han denunciado los hechos que han vivido alg\u00fan tipo de delito de mayor connotaci\u00f3n social considerado en la encuesta, alrededor de un 60 por ciento de estos no ha denunciado, lo cual se ha venido repitiendo en los \u00faltimos a\u00f1os, por lo tanto, nosotros como Subsecretar\u00eda de Prevenci\u00f3n del Delito tenemos el programa Denuncia Seguro con el n\u00famero *4242, para que la poblaci\u00f3n pueda denunciar de manera segura, an\u00f3nima y gratuita las 24 horas del d\u00eda. De esta manera podemos trabajar colaborativamente con las polic\u00edas y saber en qu\u00e9 lugares est\u00e1n ocurriendo estos delitos y focalizar el trabajo\u201d.<\/p>\n<p style=\"font-weight: 400; text-align: justify;\">Respecto de las acciones de la Estrategia con especial incidencia en la regi\u00f3n, coment\u00f3 que \u201ccomo Gobierno y Subsecretar\u00eda de Prevenci\u00f3n del Delito estamos trabajando en instalar un m\u00ednimo com\u00fan preventivo para todas las comunas del pa\u00eds, a trav\u00e9s del Sistema Nacional de Seguridad Municipal. Este es un sistema que termin\u00f3 con la concursabilidad de los dineros en seguridad para las municipalidades, pudiendo contar a\u00f1o a a\u00f1o con un financiamiento claro para su trabajo en la prevenci\u00f3n de delitos, considerando tambi\u00e9n asesor\u00eda t\u00e9cnica para generar proyectos y trabajar en sus consejos comunales de seguridad p\u00fablica y en los planes de seguridad p\u00fablica\u201d.<\/p>\n<p style=\"font-weight: 400; text-align: justify;\">La Estrategia de Seguridad del Gobierno considera, entre otros, el Plan Calles sin Violencia en Coyhaique, dirigido justamente a frenar los delitos de mayor connotaci\u00f3n social; entrega de diez veh\u00edculos a Carabineros y ocho veh\u00edculos para servicios de patrullaje comunitario en seis comunas de la regi\u00f3n; y recuperaci\u00f3n de espacios p\u00fablicos a trav\u00e9s del programa Estado Presente que desarrollan Subdere, Seguridad P\u00fablica y municipalidades.<\/p>\n<p style=\"font-weight: 400; text-align: justify;\">En la misma l\u00ednea, el fono *4242 Denuncia Seguro, funciona las 24 horas del d\u00eda, todo el a\u00f1o y es gratuito, pudiendo entregarse informaci\u00f3n an\u00f3nima sobre delitos y hechos de violencia intrafamiliar.<\/p>\n<p style=\"font-weight: 400; text-align: justify;\">En el a\u00f1o 2022 se recibieron 49 reportes con informaci\u00f3n delictual en la Regi\u00f3n de Ays\u00e9n, lo que representa una variaci\u00f3n de 14% respecto al a\u00f1o anterior, mientras que desde enero a octubre de este a\u00f1o se han recibido ya 45 reportes de diferentes puntos de Ays\u00e9n.<\/p>\n<\/div><\/section><\/div><div  style='height:50px' class='hr hr-invisible   avia-builder-el-6  el_after_av_one_full  el_before_av_social_share '><span class='hr-inner ' ><span class='hr-inner-style'><\/span><\/span><\/div><\/p>\n<div  class='av-social-sharing-box  avia-builder-el-7  el_after_av_hr  el_before_av_hr  '><div class='av-share-box'><h5 class='av-share-link-description av-no-toc '>Compartir esta noticia<\/h5><ul class='av-share-box-list noLightbox'><li class='av-share-link av-social-link-facebook' ><a target=\"_blank\" aria-label=\"Compartir en Facebook\" href='https:\/\/www.facebook.com\/sharer.php?u=https:\/\/radiorevelacionfm.cl\/?p=37475&#038;t=Destacan%20Estrategia%20de%20Seguridad%20del%20Gobierno%20en%20la%20regi%C3%B3n%20de%20Ays%C3%A9n' aria-hidden='false' data-av_icon='\ue8f3' data-av_iconfont='entypo-fontello' title='' data-avia-related-tooltip='Compartir en Facebook' rel=\"noopener\"><span class='avia_hidden_link_text'>Compartir en Facebook<\/span><\/a><\/li><li class='av-share-link av-social-link-twitter' ><a target=\"_blank\" aria-label=\"Compartir en Twitter\" href='https:\/\/twitter.com\/share?text=Destacan%20Estrategia%20de%20Seguridad%20del%20Gobierno%20en%20la%20regi%C3%B3n%20de%20Ays%C3%A9n&#038;url=https:\/\/radiorevelacionfm.cl\/?p=37475' aria-hidden='false' data-av_icon='\ue8f1' data-av_iconfont='entypo-fontello' title='' data-avia-related-tooltip='Compartir en Twitter' rel=\"noopener\"><span class='avia_hidden_link_text'>Compartir en Twitter<\/span><\/a><\/li><li class='av-share-link av-social-link-whatsapp' ><a target=\"_blank\" aria-label=\"Compartir en Whatsapp\" href='https:\/\/api.whatsapp.com\/send?text=https:\/\/radiorevelacionfm.cl\/?p=37475' aria-hidden='false' data-av_icon='\uf232' data-av_iconfont='entypo-fontello' title='' data-avia-related-tooltip='Compartir en Whatsapp' rel=\"noopener\"><span class='avia_hidden_link_text'>Compartir en Whatsapp<\/span><\/a><\/li><li class='av-share-link av-social-link-linkedin' ><a target=\"_blank\" aria-label=\"Compartir en LinkedIn\" href='https:\/\/linkedin.com\/shareArticle?mini=true&#038;title=Destacan%20Estrategia%20de%20Seguridad%20del%20Gobierno%20en%20la%20regi%C3%B3n%20de%20Ays%C3%A9n&#038;url=https:\/\/radiorevelacionfm.cl\/?p=37475' aria-hidden='false' data-av_icon='\ue8fc' data-av_iconfont='entypo-fontello' title='' data-avia-related-tooltip='Compartir en LinkedIn' rel=\"noopener\"><span class='avia_hidden_link_text'>Compartir en LinkedIn<\/span><\/a><\/li><li class='av-share-link av-social-link-mail' ><a  aria-label=\"Compartir por correo\" href='mailto:?subject=Destacan%20Estrategia%20de%20Seguridad%20del%20Gobierno%20en%20la%20regi%C3%B3n%20de%20Ays%C3%A9n&#038;body=https:\/\/radiorevelacionfm.cl\/?p=37475' aria-hidden='false' data-av_icon='\ue805' data-av_iconfont='entypo-fontello' title='' data-avia-related-tooltip='Compartir por correo'><span class='avia_hidden_link_text'>Compartir por correo<\/span><\/a><\/li><\/ul><\/div><\/div>\n<div  style='height:50px' class='hr hr-invisible   avia-builder-el-8  el_after_av_social_share  el_before_av_comments_list '><span class='hr-inner ' ><span class='hr-inner-style'><\/span><\/span><\/div>\n<div  class='av-buildercomment  av-blog-meta-html-info-disabled av-blog-meta-tag-disabled  '><\/div>\n","protected":false},"excerpt":{"rendered":"","protected":false},"author":1,"featured_media":37476,"comment_status":"open","ping_status":"open","sticky":false,"template":"","format":"standard","meta":{"footnotes":""},"categories":[38],"tags":[],"class_list":["post-37475","post","type-post","status-publish","format-standard","has-post-thumbnail","hentry","category-regional"],"jetpack_featured_media_url":"https:\/\/radiorevelacionfm.cl\/wp-content\/uploads\/2023\/11\/whatsapp-image-2023-11-28-at-4_optimized.08.27-pm-1.jpeg","_links":{"self":[{"href":"https:\/\/radiorevelacionfm.cl\/index.php?rest_route=\/wp\/v2\/posts\/37475","targetHints":{"allow":["GET"]}}],"collection":[{"href":"https:\/\/radiorevelacionfm.cl\/index.php?rest_route=\/wp\/v2\/posts"}],"about":[{"href":"https:\/\/radiorevelacionfm.cl\/index.php?rest_route=\/wp\/v2\/types\/post"}],"author":[{"embeddable":true,"href":"https:\/\/radiorevelacionfm.cl\/index.php?rest_route=\/wp\/v2\/users\/1"}],"replies":[{"embeddable":true,"href":"https:\/\/radiorevelacionfm.cl\/index.php?rest_route=%2Fwp%2Fv2%2Fcomments&post=37475"}],"version-history":[{"count":1,"href":"https:\/\/radiorevelacionfm.cl\/index.php?rest_route=\/wp\/v2\/posts\/37475\/revisions"}],"predecessor-version":[{"id":37477,"href":"https:\/\/radiorevelacionfm.cl\/index.php?rest_route=\/wp\/v2\/posts\/37475\/revisions\/37477"}],"wp:featuredmedia":[{"embeddable":true,"href":"https:\/\/radiorevelacionfm.cl\/index.php?rest_route=\/wp\/v2\/media\/37476"}],"wp:attachment":[{"href":"https:\/\/radiorevelacionfm.cl\/index.php?rest_route=%2Fwp%2Fv2%2Fmedia&parent=37475"}],"wp:term":[{"taxonomy":"category","embeddable":true,"href":"https:\/\/radiorevelacionfm.cl\/index.php?rest_route=%2Fwp%2Fv2%2Fcategories&post=37475"},{"taxonomy":"post_tag","embeddable":true,"href":"https:\/\/radiorevelacionfm.cl\/index.php?rest_route=%2Fwp%2Fv2%2Ftags&post=37475"}],"curies":[{"name":"wp","href":"https:\/\/api.w.org\/{rel}","templated":true}]}}