{"id":37471,"date":"2023-11-28T16:51:59","date_gmt":"2023-11-28T19:51:59","guid":{"rendered":"https:\/\/radiorevelacionfm.cl\/?p=37471"},"modified":"2023-11-28T16:51:59","modified_gmt":"2023-11-28T19:51:59","slug":"condenan-a-13-anos-de-presidio-a-autor-de-abuso-sexual-y-violacion-en-guaitecas","status":"publish","type":"post","link":"https:\/\/radiorevelacionfm.cl\/?p=37471","title":{"rendered":"Condenan a 13 a\u00f1os de presidio a autor de abuso sexual y violaci\u00f3n en Guaitecas"},"content":{"rendered":"<div class=\"flex_column av_one_full  flex_column_div av-zero-column-padding first  avia-builder-el-0  el_before_av_one_full  avia-builder-el-first  \" style='border-radius:0px; '><div  class='avia-image-container  av-styling-    avia-builder-el-1  avia-builder-el-no-sibling  avia-align-center '  itemprop=\"image\" itemscope=\"itemscope\" itemtype=\"https:\/\/schema.org\/ImageObject\"  ><div class='avia-image-container-inner'><div class='avia-image-overlay-wrap'><img decoding=\"async\" class='wp-image-37472 avia-img-lazy-loading-not-37472 avia_image' src=\"https:\/\/radiorevelacionfm.cl\/wp-content\/uploads\/2023\/11\/melinka_caleta1-1_optimized-1.jpg\" alt='' title='melinka_caleta1-(1)_optimized (1)' height=\"600\" width=\"952\"  itemprop=\"thumbnailUrl\" srcset=\"https:\/\/radiorevelacionfm.cl\/wp-content\/uploads\/2023\/11\/melinka_caleta1-1_optimized-1.jpg 952w, https:\/\/radiorevelacionfm.cl\/wp-content\/uploads\/2023\/11\/melinka_caleta1-1_optimized-1-300x189.jpg 300w, https:\/\/radiorevelacionfm.cl\/wp-content\/uploads\/2023\/11\/melinka_caleta1-1_optimized-1-768x484.jpg 768w, https:\/\/radiorevelacionfm.cl\/wp-content\/uploads\/2023\/11\/melinka_caleta1-1_optimized-1-705x444.jpg 705w, https:\/\/radiorevelacionfm.cl\/wp-content\/uploads\/2023\/11\/melinka_caleta1-1_optimized-1-450x284.jpg 450w, https:\/\/radiorevelacionfm.cl\/wp-content\/uploads\/2023\/11\/melinka_caleta1-1_optimized-1-600x378.jpg 600w\" sizes=\"(max-width: 952px) 100vw, 952px\" \/><\/div><\/div><\/div><\/div>\n<div class=\"flex_column av_one_full  flex_column_div av-zero-column-padding first  avia-builder-el-2  el_after_av_one_full  el_before_av_one_full  column-top-margin\" style='border-radius:0px; '><section class=\"av_textblock_section \"  itemscope=\"itemscope\" itemtype=\"https:\/\/schema.org\/BlogPosting\" itemprop=\"blogPost\" ><div class='avia_textblock  '   itemprop=\"text\" ><p style=\"text-align: center;\"><strong><span style=\"font-size: 18pt;\">Condenan a 13 a\u00f1os de presidio a autor de abuso sexual y violaci\u00f3n en Guaitecas<\/span><\/strong><\/p>\n<div id=\"gtx-trans\" style=\"position: absolute; left: -50px; top: 4.31534px;\">\n<div class=\"gtx-trans-icon\"><\/div>\n<\/div>\n<\/div><\/section><\/div>\n<div class=\"flex_column av_one_full  flex_column_div av-zero-column-padding first  avia-builder-el-4  el_after_av_one_full  el_before_av_hr  column-top-margin\" style='border-radius:0px; '><section class=\"av_textblock_section \"  itemscope=\"itemscope\" itemtype=\"https:\/\/schema.org\/BlogPosting\" itemprop=\"blogPost\" ><div class='avia_textblock  '   itemprop=\"text\" ><p style=\"text-align: justify;\"><i>La Unidad de Atenci\u00f3n a V\u00edctimas y Testigos de la Fiscal\u00eda, URAVIT, apoy\u00f3 a la afectada durante todo el proceso posterior a la denuncia y la acompa\u00f1\u00f3 en el juicio oral.<\/i><\/p>\n<p class=\"v1MsoNormal\" style=\"text-align: justify;\">Luego de una investigaci\u00f3n dirigida por el Ministerio P\u00fablico, un imputado de 55 a\u00f1os fue condenado a 13 a\u00f1os de presidio por los delitos de violaci\u00f3n y abuso sexual de una ni\u00f1a, hechos ocurridos en distintos periodos de la infancia y adolescencia de la v\u00edctima, tanto en el sector litoral de la Regi\u00f3n de Ays\u00e9n como en Coyhaique. El imputado era el abuelastro de la v\u00edctima al momento de los hechos.<\/p>\n<p class=\"v1MsoNormal\" style=\"text-align: justify;\">En el juicio efectuado en la capital regional, el fiscal Alex Olivero N\u00fa\u00f1ez present\u00f3 ante los jueces del Tribunal de Juicio Oral en Lo Penal, hechos de abuso sexual y violaci\u00f3n en contra de la ni\u00f1a, cometidos cuando ella ten\u00eda entre 5 y 16 a\u00f1os, los cuales ocurrieron en una localidad del sector insular de Ays\u00e9n y en Coyhaique.<\/p>\n<p class=\"v1MsoNormal\" style=\"text-align: justify;\">PRUEBAS<\/p>\n<p class=\"v1MsoNormal\" style=\"text-align: justify;\">Tras la denuncia, la Fiscal\u00eda solicit\u00f3 diligencias investigativas a la Brigada de Delitos Sexuales de la PDI y pericias al Servicio M\u00e9dico Legal.<\/p>\n<p class=\"v1MsoNormal\" style=\"text-align: justify;\">\u201cEn el juicio que se llev\u00f3 a cabo ante el Tribunal de Juicio Oral en Lo Penal, se rindi\u00f3 prueba testimonial, donde declar\u00f3 la madre de la v\u00edctima, la misma v\u00edctima, peritos del Servicio M\u00e9dico Legal y con la prueba, se logr\u00f3 acreditar m\u00e1s all\u00e1 de toda duda razonable el hecho punible\u201d y la participaci\u00f3n del imputado, explic\u00f3 el fiscal Alex Olivero.<\/p>\n<p class=\"v1MsoNormal\" style=\"text-align: justify;\">En este caso, la Unidad Regional de Atenci\u00f3n a V\u00edctimas y Testigos de la Fiscal\u00eda, URAVIT, apoy\u00f3 a la afectada durante todo el proceso, desde la denuncia hasta el d\u00eda del juicio, accediendo el Tribunal al requerimiento de esta Unidad para que la v\u00edctima declarar\u00e1 en sala especialmente habilitada para ni\u00f1os, ni\u00f1as y adolescentes.<\/p>\n<p class=\"v1MsoNormal\" style=\"text-align: justify;\">Esto \u00faltimo solicitado como medida de protecci\u00f3n, considerando la afectaci\u00f3n que le produc\u00eda a la v\u00edctima encontrarse con el imputado. Asimismo, la joven recibe atenci\u00f3n psicol\u00f3gica con profesionales del Centro de Atenci\u00f3n a V\u00edctimas de Delitos Violentos, CAVD.<\/p>\n<p class=\"v1MsoNormal\">La Fiscal\u00eda llam\u00f3 a las v\u00edctimas de delitos sexuales a denunciar este tipo de hechos ante Carabineros, PDI o en las oficinas de la Fiscal\u00eda ubicadas en Cisnes, Ays\u00e9n, Coyhaique, Chile Chico y Cochrane.<\/p>\n<p>TRIBUNAL<\/p>\n<p class=\"v1MsoNormal\" style=\"text-align: justify;\">El Tribunal de Juicio Oral en lo Penal de Coyhaique conden\u00f3 a J.A.C.R. a la pena de 13 a\u00f1os de presidio efectivo, en calidad de autor de los delitos consumados de abuso sexual y violaci\u00f3n de menor de 14 a\u00f1os. Il\u00edcitos perpetrados entre 2010 y 2015, en la localidad de Melinka, comuna de Guaitecas.<\/p>\n<p class=\"v1MsoNormal\" style=\"text-align: justify;\">En fallo un\u00e1nime, el tribunal \u2013integrado por los magistrados Patricio Z\u00fa\u00f1iga Valenzuela (presidente), Pablo Freire Gavil\u00e1n y Rosal\u00eda Mansilla Quiroz (redactora)\u2013 aplic\u00f3, adem\u00e1s, a J.A.C.R. las accesorias legales de inhabilitaci\u00f3n absoluta perpetua para cargos y oficios p\u00fablicos y derechos pol\u00edticos\u00a0y la\u00a0inhabilitaci\u00f3n absoluta para profesiones titulares mientras dure la condena.<\/p>\n<p class=\"v1MsoNormal\" style=\"text-align: justify;\">Asimismo, el tribunal impuso al\u00a0condenado la sanciones especiales de privaci\u00f3n de todos los derechos que por el ministerio de la ley se le confirieren respecto de la persona y bienes de la ofendida, de sus ascendientes y descendientes; la interdicci\u00f3n del derecho de ejercer la guarda y ser o\u00eddos en los casos que la ley designa, y la sujeci\u00f3n a la vigilancia de la autoridad durante los 10 a\u00f1os siguientes al cumplimiento de la pena principal.<\/p>\n<p class=\"v1MsoNormal\" style=\"text-align: justify;\">Una vez que el fallo quede ejecutoriado, el tribunal dispuso que se proceda a la toma de muestras biol\u00f3gicas del sentenciado para determinar su huella gen\u00e9tica e incorporaci\u00f3n en el registro nacional de ADN de condenados.<\/p>\n<div style=\"text-align: justify;\"><\/div>\n<\/div><\/section><\/div><div  style='height:50px' class='hr hr-invisible   avia-builder-el-6  el_after_av_one_full  el_before_av_social_share '><span class='hr-inner ' ><span class='hr-inner-style'><\/span><\/span><\/div><\/p>\n<div  class='av-social-sharing-box  avia-builder-el-7  el_after_av_hr  el_before_av_hr  '><div class='av-share-box'><h5 class='av-share-link-description av-no-toc '>Compartir esta noticia<\/h5><ul class='av-share-box-list noLightbox'><li class='av-share-link av-social-link-facebook' ><a target=\"_blank\" aria-label=\"Compartir en Facebook\" href='https:\/\/www.facebook.com\/sharer.php?u=https:\/\/radiorevelacionfm.cl\/?p=37471&#038;t=Condenan%20a%2013%20a%C3%B1os%20de%20presidio%20a%20autor%20de%20abuso%20sexual%20y%20violaci%C3%B3n%20en%20Guaitecas' aria-hidden='false' data-av_icon='\ue8f3' data-av_iconfont='entypo-fontello' title='' data-avia-related-tooltip='Compartir en Facebook' rel=\"noopener\"><span class='avia_hidden_link_text'>Compartir en Facebook<\/span><\/a><\/li><li class='av-share-link av-social-link-twitter' ><a target=\"_blank\" aria-label=\"Compartir en Twitter\" href='https:\/\/twitter.com\/share?text=Condenan%20a%2013%20a%C3%B1os%20de%20presidio%20a%20autor%20de%20abuso%20sexual%20y%20violaci%C3%B3n%20en%20Guaitecas&#038;url=https:\/\/radiorevelacionfm.cl\/?p=37471' aria-hidden='false' data-av_icon='\ue8f1' data-av_iconfont='entypo-fontello' title='' data-avia-related-tooltip='Compartir en Twitter' rel=\"noopener\"><span class='avia_hidden_link_text'>Compartir en Twitter<\/span><\/a><\/li><li class='av-share-link av-social-link-whatsapp' ><a target=\"_blank\" aria-label=\"Compartir en Whatsapp\" href='https:\/\/api.whatsapp.com\/send?text=https:\/\/radiorevelacionfm.cl\/?p=37471' aria-hidden='false' data-av_icon='\uf232' data-av_iconfont='entypo-fontello' title='' data-avia-related-tooltip='Compartir en Whatsapp' rel=\"noopener\"><span class='avia_hidden_link_text'>Compartir en Whatsapp<\/span><\/a><\/li><li class='av-share-link av-social-link-linkedin' ><a target=\"_blank\" aria-label=\"Compartir en LinkedIn\" href='https:\/\/linkedin.com\/shareArticle?mini=true&#038;title=Condenan%20a%2013%20a%C3%B1os%20de%20presidio%20a%20autor%20de%20abuso%20sexual%20y%20violaci%C3%B3n%20en%20Guaitecas&#038;url=https:\/\/radiorevelacionfm.cl\/?p=37471' aria-hidden='false' data-av_icon='\ue8fc' data-av_iconfont='entypo-fontello' title='' data-avia-related-tooltip='Compartir en LinkedIn' rel=\"noopener\"><span class='avia_hidden_link_text'>Compartir en LinkedIn<\/span><\/a><\/li><li class='av-share-link av-social-link-mail' ><a  aria-label=\"Compartir por correo\" href='mailto:?subject=Condenan%20a%2013%20a%C3%B1os%20de%20presidio%20a%20autor%20de%20abuso%20sexual%20y%20violaci%C3%B3n%20en%20Guaitecas&#038;body=https:\/\/radiorevelacionfm.cl\/?p=37471' aria-hidden='false' data-av_icon='\ue805' data-av_iconfont='entypo-fontello' title='' data-avia-related-tooltip='Compartir por correo'><span class='avia_hidden_link_text'>Compartir por correo<\/span><\/a><\/li><\/ul><\/div><\/div>\n<div  style='height:50px' class='hr hr-invisible   avia-builder-el-8  el_after_av_social_share  el_before_av_comments_list '><span class='hr-inner ' ><span class='hr-inner-style'><\/span><\/span><\/div>\n<div  class='av-buildercomment  av-blog-meta-html-info-disabled av-blog-meta-tag-disabled  '><\/div>\n","protected":false},"excerpt":{"rendered":"","protected":false},"author":1,"featured_media":37472,"comment_status":"open","ping_status":"open","sticky":false,"template":"","format":"standard","meta":{"footnotes":""},"categories":[55],"tags":[],"class_list":["post-37471","post","type-post","status-publish","format-standard","has-post-thumbnail","hentry","category-justicia"],"jetpack_featured_media_url":"https:\/\/radiorevelacionfm.cl\/wp-content\/uploads\/2023\/11\/melinka_caleta1-1_optimized-1.jpg","_links":{"self":[{"href":"https:\/\/radiorevelacionfm.cl\/index.php?rest_route=\/wp\/v2\/posts\/37471","targetHints":{"allow":["GET"]}}],"collection":[{"href":"https:\/\/radiorevelacionfm.cl\/index.php?rest_route=\/wp\/v2\/posts"}],"about":[{"href":"https:\/\/radiorevelacionfm.cl\/index.php?rest_route=\/wp\/v2\/types\/post"}],"author":[{"embeddable":true,"href":"https:\/\/radiorevelacionfm.cl\/index.php?rest_route=\/wp\/v2\/users\/1"}],"replies":[{"embeddable":true,"href":"https:\/\/radiorevelacionfm.cl\/index.php?rest_route=%2Fwp%2Fv2%2Fcomments&post=37471"}],"version-history":[{"count":2,"href":"https:\/\/radiorevelacionfm.cl\/index.php?rest_route=\/wp\/v2\/posts\/37471\/revisions"}],"predecessor-version":[{"id":37474,"href":"https:\/\/radiorevelacionfm.cl\/index.php?rest_route=\/wp\/v2\/posts\/37471\/revisions\/37474"}],"wp:featuredmedia":[{"embeddable":true,"href":"https:\/\/radiorevelacionfm.cl\/index.php?rest_route=\/wp\/v2\/media\/37472"}],"wp:attachment":[{"href":"https:\/\/radiorevelacionfm.cl\/index.php?rest_route=%2Fwp%2Fv2%2Fmedia&parent=37471"}],"wp:term":[{"taxonomy":"category","embeddable":true,"href":"https:\/\/radiorevelacionfm.cl\/index.php?rest_route=%2Fwp%2Fv2%2Fcategories&post=37471"},{"taxonomy":"post_tag","embeddable":true,"href":"https:\/\/radiorevelacionfm.cl\/index.php?rest_route=%2Fwp%2Fv2%2Ftags&post=37471"}],"curies":[{"name":"wp","href":"https:\/\/api.w.org\/{rel}","templated":true}]}}