{"id":37461,"date":"2023-11-28T14:53:33","date_gmt":"2023-11-28T17:53:33","guid":{"rendered":"https:\/\/radiorevelacionfm.cl\/?p=37461"},"modified":"2023-11-28T14:53:33","modified_gmt":"2023-11-28T17:53:33","slug":"con-un-dia-de-puertas-abiertas-inia-tamel-aike-conmemoro-44-anos-de-trabajo-en-aysen","status":"publish","type":"post","link":"https:\/\/radiorevelacionfm.cl\/?p=37461","title":{"rendered":"Con un D\u00eda de Puertas Abiertas INIA Tamel Aike conmemor\u00f3 44 a\u00f1os de trabajo en Ays\u00e9n"},"content":{"rendered":"<div class=\"flex_column av_one_full  flex_column_div av-zero-column-padding first  avia-builder-el-0  el_before_av_one_full  avia-builder-el-first  \" style='border-radius:0px; '><div  class='avia-image-container  av-styling-    avia-builder-el-1  avia-builder-el-no-sibling  avia-align-center '  itemprop=\"image\" itemscope=\"itemscope\" itemtype=\"https:\/\/schema.org\/ImageObject\"  ><div class='avia-image-container-inner'><div class='avia-image-overlay-wrap'><img decoding=\"async\" class='wp-image-37462 avia-img-lazy-loading-not-37462 avia_image' src=\"https:\/\/radiorevelacionfm.cl\/wp-content\/uploads\/2023\/11\/foto-3-24-1-1_optimized-1.jpg\" alt='' title='foto-3-(24)-(1)-(1)_optimized (1)' height=\"600\" width=\"900\"  itemprop=\"thumbnailUrl\" srcset=\"https:\/\/radiorevelacionfm.cl\/wp-content\/uploads\/2023\/11\/foto-3-24-1-1_optimized-1.jpg 900w, https:\/\/radiorevelacionfm.cl\/wp-content\/uploads\/2023\/11\/foto-3-24-1-1_optimized-1-300x200.jpg 300w, https:\/\/radiorevelacionfm.cl\/wp-content\/uploads\/2023\/11\/foto-3-24-1-1_optimized-1-768x512.jpg 768w, https:\/\/radiorevelacionfm.cl\/wp-content\/uploads\/2023\/11\/foto-3-24-1-1_optimized-1-705x470.jpg 705w, https:\/\/radiorevelacionfm.cl\/wp-content\/uploads\/2023\/11\/foto-3-24-1-1_optimized-1-450x300.jpg 450w, https:\/\/radiorevelacionfm.cl\/wp-content\/uploads\/2023\/11\/foto-3-24-1-1_optimized-1-600x400.jpg 600w\" sizes=\"(max-width: 900px) 100vw, 900px\" \/><\/div><\/div><\/div><\/div><div class=\"flex_column av_one_full  flex_column_div av-zero-column-padding first  avia-builder-el-2  el_after_av_one_full  el_before_av_one_full  column-top-margin\" style='border-radius:0px; '><section class=\"av_textblock_section \"  itemscope=\"itemscope\" itemtype=\"https:\/\/schema.org\/BlogPosting\" itemprop=\"blogPost\" ><div class='avia_textblock  '   itemprop=\"text\" ><p style=\"text-align: center;\"><strong><span style=\"font-size: 18pt;\">Con un D\u00eda de Puertas Abiertas INIA Tamel Aike conmemor\u00f3 44 a\u00f1os de trabajo en Ays\u00e9n<\/span><\/strong><\/p>\n<div id=\"gtx-trans\" style=\"position: absolute; left: -50px; top: 4.31534px;\">\n<div class=\"gtx-trans-icon\"><\/div>\n<\/div>\n<\/div><\/section><\/div><div class=\"flex_column av_one_full  flex_column_div av-zero-column-padding first  avia-builder-el-4  el_after_av_one_full  el_before_av_hr  column-top-margin\" style='border-radius:0px; '><section class=\"av_textblock_section \"  itemscope=\"itemscope\" itemtype=\"https:\/\/schema.org\/BlogPosting\" itemprop=\"blogPost\" ><div class='avia_textblock  '   itemprop=\"text\" ><p style=\"text-align: justify;\">Con el evento denominado \u00abD\u00eda de Puertas Abiertas\u00bb enmarcado en el Programa de Extensi\u00f3n y Transferencia (PET), el Instituto de Investigaciones Agropecuarias (INIA) Tamel Aike conmemor\u00f3 sus 44 a\u00f1os de existencia en la regi\u00f3n con una jornada realizada en el predio El Cerezo.<\/p>\n<p style=\"text-align: justify;\">La actividad, llevada a cabo en dos jornadas, permiti\u00f3 que establecimientos educativos, productores\/as y servicios p\u00fablicos conocieran en detalle las investigaciones y proyectos realizados por INIA Tamel Aike en Ays\u00e9n.<\/p>\n<p style=\"text-align: justify;\">Alan Espinoza Ortiz, Seremi de Agricultura, destac\u00f3 la importancia de la labor de INIA Tamel Aike y el impacto positivo que ha tenido en la regi\u00f3n a lo largo de sus 44 a\u00f1os de presencia en el territorio. \u00abQuiero resaltar la labor y el trabajo que desempe\u00f1a cada uno de sus 36 trabajadores y trabajadoras en distintos roles, en distintas instancias, haciendo transferencia y extensi\u00f3n de conocimiento a todos nuestros productores, fortaleciendo nuestro campo y nuestra tierra\u00bb, se\u00f1al\u00f3.<\/p>\n<p style=\"text-align: justify;\">Durante el evento, se pudo recorrer una feria con diferentes stands de programas y proyectos en ejecuci\u00f3n, y un circuito con demostraciones pr\u00e1cticas abordando temas como: sistema intensivo de producci\u00f3n ovina; gen\u00e9tica de diferentes razas animales,\u00a0 pastoreo y uso de cerco el\u00e9ctrico,\u00a0 regeneraci\u00f3n de praderas, control de plagas en praderas y uso de drones en agricultura.<\/p>\n<p style=\"text-align: justify;\">La directora regional de INIA en la regi\u00f3n de Ays\u00e9n, Camila Reyes Santaolalla, expres\u00f3 su satisfacci\u00f3n por la participaci\u00f3n de diferente p\u00fablico en el evento y destac\u00f3 la importancia de\u00a0 actividades como \u00e9sta para conectar con la comunidad. \u00abEstamos muy contentos con esta actividad de puertas abiertas, ya que ha sido una invitaci\u00f3n para vincularnos con toda la gente que quiere conocer qu\u00e9 estamos realizando en investigaci\u00f3n y transferencia tecnol\u00f3gica\u00bb, afirm\u00f3.<\/p>\n<p style=\"text-align: justify;\">Adem\u00e1s, se cont\u00f3 con la presencia de instituciones educativas, como la Escuela Rural de Valle Simpson, cuya directora, Paz Foitzick Sandoval, destac\u00f3 la oportunidad que brinda este tipo de eventos para el aprendizaje de los estudiantes y la colaboraci\u00f3n en proyectos como el manejo de una estaci\u00f3n meteorol\u00f3gica. \u201cPara nuestros estudiantes, es una gran oportunidad poder visitar y ver lo que se ha logrado con el trabajo investigativo del INIA. Aprendieron sobre suelo, sobre ovejer\u00eda, aprendieron sobre praderas. Tambi\u00e9n el control de plagas. Algo muy importante para nosotros como escuela es el manejo de una estaci\u00f3n meteorol\u00f3gica que ya aprovechamos de hacer el v\u00ednculo para que nos sigan asesorando\u201d, sostuvo.<\/p>\n<p style=\"text-align: justify;\">Jorge Sagal S\u00e1nchez, productor de Puerto Cisnes comparti\u00f3 su impresi\u00f3n sobre el recorrido, destacando la relevancia de las investigaciones y la diversidad de informaci\u00f3n presentada. \u00abMuy bien me parece lo que hay aqu\u00ed en INIA\u00a0 y para el conocimiento de todo tipo de personas&#8230; La oveja de carne, la oveja de lana, las\u00a0 ovejas en general son lo m\u00e1s llamativo\u201d, destac\u00f3.<\/p>\n<p style=\"text-align: justify;\">La trayectoria de INIA Tamel Aike se ha centrado en el compromiso constante con el desarrollo agropecuario. Actualmente, la instituci\u00f3n ejecuta proyectos de transferencia e investigaci\u00f3n en \u00e1reas clave como el desarrollo del rubro cerecero y la vitivinicultura, la transici\u00f3n a la agroecolog\u00eda, la introducci\u00f3n de gen\u00e9tica ovina, el uso de tecnolog\u00edas avanzadas en manejo de praderas para el sector ganadero y la contribuci\u00f3n medioambiental con la generaci\u00f3n de datos agroclim\u00e1ticos y estudios para el manejo sostenible de turberas, entre otros.<\/p>\n<\/div><\/section><\/div><div  style='height:50px' class='hr hr-invisible   avia-builder-el-6  el_after_av_one_full  el_before_av_social_share '><span class='hr-inner ' ><span class='hr-inner-style'><\/span><\/span><\/div><\/p>\n<div  class='av-social-sharing-box  avia-builder-el-7  el_after_av_hr  el_before_av_hr  '><div class='av-share-box'><h5 class='av-share-link-description av-no-toc '>Compartir esta noticia<\/h5><ul class='av-share-box-list noLightbox'><li class='av-share-link av-social-link-facebook' ><a target=\"_blank\" aria-label=\"Compartir en Facebook\" href='https:\/\/www.facebook.com\/sharer.php?u=https:\/\/radiorevelacionfm.cl\/?p=37461&#038;t=Con%20un%20D%C3%ADa%20de%20Puertas%20Abiertas%20INIA%20Tamel%20Aike%20conmemor%C3%B3%2044%20a%C3%B1os%20de%20trabajo%20en%20Ays%C3%A9n' aria-hidden='false' data-av_icon='\ue8f3' data-av_iconfont='entypo-fontello' title='' data-avia-related-tooltip='Compartir en Facebook' rel=\"noopener\"><span class='avia_hidden_link_text'>Compartir en Facebook<\/span><\/a><\/li><li class='av-share-link av-social-link-twitter' ><a target=\"_blank\" aria-label=\"Compartir en Twitter\" href='https:\/\/twitter.com\/share?text=Con%20un%20D%C3%ADa%20de%20Puertas%20Abiertas%20INIA%20Tamel%20Aike%20conmemor%C3%B3%2044%20a%C3%B1os%20de%20trabajo%20en%20Ays%C3%A9n&#038;url=https:\/\/radiorevelacionfm.cl\/?p=37461' aria-hidden='false' data-av_icon='\ue8f1' data-av_iconfont='entypo-fontello' title='' data-avia-related-tooltip='Compartir en Twitter' rel=\"noopener\"><span class='avia_hidden_link_text'>Compartir en Twitter<\/span><\/a><\/li><li class='av-share-link av-social-link-whatsapp' ><a target=\"_blank\" aria-label=\"Compartir en Whatsapp\" href='https:\/\/api.whatsapp.com\/send?text=https:\/\/radiorevelacionfm.cl\/?p=37461' aria-hidden='false' data-av_icon='\uf232' data-av_iconfont='entypo-fontello' title='' data-avia-related-tooltip='Compartir en Whatsapp' rel=\"noopener\"><span class='avia_hidden_link_text'>Compartir en Whatsapp<\/span><\/a><\/li><li class='av-share-link av-social-link-linkedin' ><a target=\"_blank\" aria-label=\"Compartir en LinkedIn\" href='https:\/\/linkedin.com\/shareArticle?mini=true&#038;title=Con%20un%20D%C3%ADa%20de%20Puertas%20Abiertas%20INIA%20Tamel%20Aike%20conmemor%C3%B3%2044%20a%C3%B1os%20de%20trabajo%20en%20Ays%C3%A9n&#038;url=https:\/\/radiorevelacionfm.cl\/?p=37461' aria-hidden='false' data-av_icon='\ue8fc' data-av_iconfont='entypo-fontello' title='' data-avia-related-tooltip='Compartir en LinkedIn' rel=\"noopener\"><span class='avia_hidden_link_text'>Compartir en LinkedIn<\/span><\/a><\/li><li class='av-share-link av-social-link-mail' ><a  aria-label=\"Compartir por correo\" href='mailto:?subject=Con%20un%20D%C3%ADa%20de%20Puertas%20Abiertas%20INIA%20Tamel%20Aike%20conmemor%C3%B3%2044%20a%C3%B1os%20de%20trabajo%20en%20Ays%C3%A9n&#038;body=https:\/\/radiorevelacionfm.cl\/?p=37461' aria-hidden='false' data-av_icon='\ue805' data-av_iconfont='entypo-fontello' title='' data-avia-related-tooltip='Compartir por correo'><span class='avia_hidden_link_text'>Compartir por correo<\/span><\/a><\/li><\/ul><\/div><\/div>\n<div  style='height:50px' class='hr hr-invisible   avia-builder-el-8  el_after_av_social_share  el_before_av_comments_list '><span class='hr-inner ' ><span class='hr-inner-style'><\/span><\/span><\/div>\n<div  class='av-buildercomment  av-blog-meta-html-info-disabled av-blog-meta-tag-disabled  '><\/div>\n","protected":false},"excerpt":{"rendered":"","protected":false},"author":1,"featured_media":37462,"comment_status":"open","ping_status":"open","sticky":false,"template":"","format":"standard","meta":{"footnotes":""},"categories":[38],"tags":[],"class_list":["post-37461","post","type-post","status-publish","format-standard","has-post-thumbnail","hentry","category-regional"],"jetpack_featured_media_url":"https:\/\/radiorevelacionfm.cl\/wp-content\/uploads\/2023\/11\/foto-3-24-1-1_optimized-1.jpg","_links":{"self":[{"href":"https:\/\/radiorevelacionfm.cl\/index.php?rest_route=\/wp\/v2\/posts\/37461","targetHints":{"allow":["GET"]}}],"collection":[{"href":"https:\/\/radiorevelacionfm.cl\/index.php?rest_route=\/wp\/v2\/posts"}],"about":[{"href":"https:\/\/radiorevelacionfm.cl\/index.php?rest_route=\/wp\/v2\/types\/post"}],"author":[{"embeddable":true,"href":"https:\/\/radiorevelacionfm.cl\/index.php?rest_route=\/wp\/v2\/users\/1"}],"replies":[{"embeddable":true,"href":"https:\/\/radiorevelacionfm.cl\/index.php?rest_route=%2Fwp%2Fv2%2Fcomments&post=37461"}],"version-history":[{"count":1,"href":"https:\/\/radiorevelacionfm.cl\/index.php?rest_route=\/wp\/v2\/posts\/37461\/revisions"}],"predecessor-version":[{"id":37463,"href":"https:\/\/radiorevelacionfm.cl\/index.php?rest_route=\/wp\/v2\/posts\/37461\/revisions\/37463"}],"wp:featuredmedia":[{"embeddable":true,"href":"https:\/\/radiorevelacionfm.cl\/index.php?rest_route=\/wp\/v2\/media\/37462"}],"wp:attachment":[{"href":"https:\/\/radiorevelacionfm.cl\/index.php?rest_route=%2Fwp%2Fv2%2Fmedia&parent=37461"}],"wp:term":[{"taxonomy":"category","embeddable":true,"href":"https:\/\/radiorevelacionfm.cl\/index.php?rest_route=%2Fwp%2Fv2%2Fcategories&post=37461"},{"taxonomy":"post_tag","embeddable":true,"href":"https:\/\/radiorevelacionfm.cl\/index.php?rest_route=%2Fwp%2Fv2%2Ftags&post=37461"}],"curies":[{"name":"wp","href":"https:\/\/api.w.org\/{rel}","templated":true}]}}