{"id":37458,"date":"2023-12-05T10:11:17","date_gmt":"2023-12-05T13:11:17","guid":{"rendered":"https:\/\/radiorevelacionfm.cl\/?p=37458"},"modified":"2023-12-05T10:11:17","modified_gmt":"2023-12-05T13:11:17","slug":"cultivando-la-salud-en-los-patios-interiores-del-hospital-de-cochrane","status":"publish","type":"post","link":"https:\/\/radiorevelacionfm.cl\/?p=37458","title":{"rendered":"Cultivando la salud en los patios interiores del Hospital de Cochrane"},"content":{"rendered":"<div class=\"flex_column av_one_full  flex_column_div av-zero-column-padding first  avia-builder-el-0  el_before_av_one_full  avia-builder-el-first  \" style='border-radius:0px; '><div  class='avia-image-container  av-styling-    avia-builder-el-1  avia-builder-el-no-sibling  avia-align-center '  itemprop=\"image\" itemscope=\"itemscope\" itemtype=\"https:\/\/schema.org\/ImageObject\"  ><div class='avia-image-container-inner'><div class='avia-image-overlay-wrap'><img decoding=\"async\" class='wp-image-37459 avia-img-lazy-loading-not-37459 avia_image' src=\"https:\/\/radiorevelacionfm.cl\/wp-content\/uploads\/2023\/11\/img7-1-1_optimized-1.jpg\" alt='' title='img7-(1)-(1)_optimized (1)' height=\"600\" width=\"900\"  itemprop=\"thumbnailUrl\" srcset=\"https:\/\/radiorevelacionfm.cl\/wp-content\/uploads\/2023\/11\/img7-1-1_optimized-1.jpg 900w, https:\/\/radiorevelacionfm.cl\/wp-content\/uploads\/2023\/11\/img7-1-1_optimized-1-300x200.jpg 300w, https:\/\/radiorevelacionfm.cl\/wp-content\/uploads\/2023\/11\/img7-1-1_optimized-1-768x512.jpg 768w, https:\/\/radiorevelacionfm.cl\/wp-content\/uploads\/2023\/11\/img7-1-1_optimized-1-705x470.jpg 705w, https:\/\/radiorevelacionfm.cl\/wp-content\/uploads\/2023\/11\/img7-1-1_optimized-1-450x300.jpg 450w, https:\/\/radiorevelacionfm.cl\/wp-content\/uploads\/2023\/11\/img7-1-1_optimized-1-600x400.jpg 600w\" sizes=\"(max-width: 900px) 100vw, 900px\" \/><\/div><\/div><\/div><\/div><div class=\"flex_column av_one_full  flex_column_div av-zero-column-padding first  avia-builder-el-2  el_after_av_one_full  el_before_av_one_full  column-top-margin\" style='border-radius:0px; '><section class=\"av_textblock_section \"  itemscope=\"itemscope\" itemtype=\"https:\/\/schema.org\/BlogPosting\" itemprop=\"blogPost\" ><div class='avia_textblock  '   itemprop=\"text\" ><p style=\"text-align: center;\"><strong><span style=\"font-size: 18pt;\">Cultivando la salud en los patios interiores del Hospital de Cochrane<\/span><\/strong><\/p>\n<div id=\"gtx-trans\" style=\"position: absolute; left: -50px; top: 4.31534px;\">\n<div class=\"gtx-trans-icon\"><\/div>\n<\/div>\n<\/div><\/section><\/div><div class=\"flex_column av_one_full  flex_column_div av-zero-column-padding first  avia-builder-el-4  el_after_av_one_full  el_before_av_hr  column-top-margin\" style='border-radius:0px; '><section class=\"av_textblock_section \"  itemscope=\"itemscope\" itemtype=\"https:\/\/schema.org\/BlogPosting\" itemprop=\"blogPost\" ><div class='avia_textblock  '   itemprop=\"text\" ><p style=\"text-align: justify;\">Al sur de la Regi\u00f3n de Ays\u00e9n, al lado del Parque Nacional Patagonia un grupo de cochraninos quiere darle una nueva funci\u00f3n a los patios interiores que tiene su moderno hospital inaugurado en 2022. Ahora con estos espacios que muchas veces son islas sin una funci\u00f3n clara en varios centros de salud a lo largo de Chile, se busca con ayuda de vecinas y vecinos transformarlos en un n\u00facleo de biodiversidad y salud.<\/p>\n<p style=\"text-align: justify;\">\u201cCultivando mi jard\u00edn interior\u201d es la propuesta realizada a la comunidad de Cochrane por Fundaci\u00f3n Naturaleza P\u00fablica, quienes con apoyo de otras instituciones locales desarrollaron cuatro jornadas abiertas a todo p\u00fablico durante noviembre, con el objetivo de crear huertos como una manera de ayudar a la comunidad en la prevenci\u00f3n de trastornos de la salud mental y f\u00edsica.<\/p>\n<p style=\"text-align: justify;\">En las jornadas se generaron instancias al aire libre espec\u00edficamente para grupos de riesgo social, con el fin de embellecer \u00e1reas comunes y dar un nuevo uso a los desechos org\u00e1nicos generados diariamente en el establecimiento.<\/p>\n<p style=\"text-align: justify;\">Junto con la labor misma del huerto se realizaron actividades como charlas abiertas a la comunidad sobre salud mental, nutrici\u00f3n, huertos org\u00e1nicos, jardines medicinales y bosques sanadores, empleando los patios interiores como el lugar de experimentaci\u00f3n.<\/p>\n<p style=\"text-align: justify;\">\u201cNos encantar\u00eda que el d\u00eda de ma\u00f1ana todos los hospitales de la regi\u00f3n de Ays\u00e9n cultiven sus patios, al final son n\u00facleos de biodiversidad y espacios para captura de carbono y retenci\u00f3n de agua. Y en el caso de Cochrane, lo importante es que son espacios p\u00fablicos y potenciales, donde queremos que la comunidad se los apropie\u201d cuenta Mar\u00eda Jes\u00fas May de Naturaleza P\u00fablica.<\/p>\n<p style=\"text-align: justify;\">Este proyecto es apoyado por Rewilding Chile, CONAF, el Comit\u00e9 Ambiental de Cochrane, Colectivo Cheelkenue, el Liceo Austral Lord Cochrane, el Club Adulto Mayor Luz de la Patagonia y la Uni\u00f3n Comunal de Clubes de Adulto Mayor Rio Cochrane.<\/p>\n<\/div><\/section><\/div><div  style='height:50px' class='hr hr-invisible   avia-builder-el-6  el_after_av_one_full  el_before_av_social_share '><span class='hr-inner ' ><span class='hr-inner-style'><\/span><\/span><\/div><\/p>\n<div  class='av-social-sharing-box  avia-builder-el-7  el_after_av_hr  el_before_av_hr  '><div class='av-share-box'><h5 class='av-share-link-description av-no-toc '>Compartir esta noticia<\/h5><ul class='av-share-box-list noLightbox'><li class='av-share-link av-social-link-facebook' ><a target=\"_blank\" aria-label=\"Compartir en Facebook\" href='https:\/\/www.facebook.com\/sharer.php?u=https:\/\/radiorevelacionfm.cl\/?p=37458&#038;t=Cultivando%20la%20salud%20en%20los%20patios%20interiores%20del%20Hospital%20de%20Cochrane' aria-hidden='false' data-av_icon='\ue8f3' data-av_iconfont='entypo-fontello' title='' data-avia-related-tooltip='Compartir en Facebook' rel=\"noopener\"><span class='avia_hidden_link_text'>Compartir en Facebook<\/span><\/a><\/li><li class='av-share-link av-social-link-twitter' ><a target=\"_blank\" aria-label=\"Compartir en Twitter\" href='https:\/\/twitter.com\/share?text=Cultivando%20la%20salud%20en%20los%20patios%20interiores%20del%20Hospital%20de%20Cochrane&#038;url=https:\/\/radiorevelacionfm.cl\/?p=37458' aria-hidden='false' data-av_icon='\ue8f1' data-av_iconfont='entypo-fontello' title='' data-avia-related-tooltip='Compartir en Twitter' rel=\"noopener\"><span class='avia_hidden_link_text'>Compartir en Twitter<\/span><\/a><\/li><li class='av-share-link av-social-link-whatsapp' ><a target=\"_blank\" aria-label=\"Compartir en Whatsapp\" href='https:\/\/api.whatsapp.com\/send?text=https:\/\/radiorevelacionfm.cl\/?p=37458' aria-hidden='false' data-av_icon='\uf232' data-av_iconfont='entypo-fontello' title='' data-avia-related-tooltip='Compartir en Whatsapp' rel=\"noopener\"><span class='avia_hidden_link_text'>Compartir en Whatsapp<\/span><\/a><\/li><li class='av-share-link av-social-link-linkedin' ><a target=\"_blank\" aria-label=\"Compartir en LinkedIn\" href='https:\/\/linkedin.com\/shareArticle?mini=true&#038;title=Cultivando%20la%20salud%20en%20los%20patios%20interiores%20del%20Hospital%20de%20Cochrane&#038;url=https:\/\/radiorevelacionfm.cl\/?p=37458' aria-hidden='false' data-av_icon='\ue8fc' data-av_iconfont='entypo-fontello' title='' data-avia-related-tooltip='Compartir en LinkedIn' rel=\"noopener\"><span class='avia_hidden_link_text'>Compartir en LinkedIn<\/span><\/a><\/li><li class='av-share-link av-social-link-mail' ><a  aria-label=\"Compartir por correo\" href='mailto:?subject=Cultivando%20la%20salud%20en%20los%20patios%20interiores%20del%20Hospital%20de%20Cochrane&#038;body=https:\/\/radiorevelacionfm.cl\/?p=37458' aria-hidden='false' data-av_icon='\ue805' data-av_iconfont='entypo-fontello' title='' data-avia-related-tooltip='Compartir por correo'><span class='avia_hidden_link_text'>Compartir por correo<\/span><\/a><\/li><\/ul><\/div><\/div>\n<div  style='height:50px' class='hr hr-invisible   avia-builder-el-8  el_after_av_social_share  el_before_av_comments_list '><span class='hr-inner ' ><span class='hr-inner-style'><\/span><\/span><\/div>\n<div  class='av-buildercomment  av-blog-meta-html-info-disabled av-blog-meta-tag-disabled  '><\/div>\n","protected":false},"excerpt":{"rendered":"","protected":false},"author":1,"featured_media":37459,"comment_status":"open","ping_status":"open","sticky":false,"template":"","format":"standard","meta":{"footnotes":""},"categories":[38],"tags":[],"class_list":["post-37458","post","type-post","status-publish","format-standard","has-post-thumbnail","hentry","category-regional"],"jetpack_featured_media_url":"https:\/\/radiorevelacionfm.cl\/wp-content\/uploads\/2023\/11\/img7-1-1_optimized-1.jpg","_links":{"self":[{"href":"https:\/\/radiorevelacionfm.cl\/index.php?rest_route=\/wp\/v2\/posts\/37458","targetHints":{"allow":["GET"]}}],"collection":[{"href":"https:\/\/radiorevelacionfm.cl\/index.php?rest_route=\/wp\/v2\/posts"}],"about":[{"href":"https:\/\/radiorevelacionfm.cl\/index.php?rest_route=\/wp\/v2\/types\/post"}],"author":[{"embeddable":true,"href":"https:\/\/radiorevelacionfm.cl\/index.php?rest_route=\/wp\/v2\/users\/1"}],"replies":[{"embeddable":true,"href":"https:\/\/radiorevelacionfm.cl\/index.php?rest_route=%2Fwp%2Fv2%2Fcomments&post=37458"}],"version-history":[{"count":1,"href":"https:\/\/radiorevelacionfm.cl\/index.php?rest_route=\/wp\/v2\/posts\/37458\/revisions"}],"predecessor-version":[{"id":37460,"href":"https:\/\/radiorevelacionfm.cl\/index.php?rest_route=\/wp\/v2\/posts\/37458\/revisions\/37460"}],"wp:featuredmedia":[{"embeddable":true,"href":"https:\/\/radiorevelacionfm.cl\/index.php?rest_route=\/wp\/v2\/media\/37459"}],"wp:attachment":[{"href":"https:\/\/radiorevelacionfm.cl\/index.php?rest_route=%2Fwp%2Fv2%2Fmedia&parent=37458"}],"wp:term":[{"taxonomy":"category","embeddable":true,"href":"https:\/\/radiorevelacionfm.cl\/index.php?rest_route=%2Fwp%2Fv2%2Fcategories&post=37458"},{"taxonomy":"post_tag","embeddable":true,"href":"https:\/\/radiorevelacionfm.cl\/index.php?rest_route=%2Fwp%2Fv2%2Ftags&post=37458"}],"curies":[{"name":"wp","href":"https:\/\/api.w.org\/{rel}","templated":true}]}}