{"id":37455,"date":"2023-11-28T15:20:58","date_gmt":"2023-11-28T18:20:58","guid":{"rendered":"https:\/\/radiorevelacionfm.cl\/?p=37455"},"modified":"2023-11-28T15:20:58","modified_gmt":"2023-11-28T18:20:58","slug":"organizaciones-comunitarias-de-la-provincia-de-aysen-reciben-fondo-presidente-de-la-republica","status":"publish","type":"post","link":"https:\/\/radiorevelacionfm.cl\/?p=37455","title":{"rendered":"Organizaciones comunitarias de la provincia de Ays\u00e9n reciben Fondo Presidente de la Rep\u00fablica"},"content":{"rendered":"<div class=\"flex_column av_one_full  flex_column_div av-zero-column-padding first  avia-builder-el-0  el_before_av_one_full  avia-builder-el-first  \" style='border-radius:0px; '><div  class='avia-image-container  av-styling-    avia-builder-el-1  avia-builder-el-no-sibling  avia-align-center '  itemprop=\"image\" itemscope=\"itemscope\" itemtype=\"https:\/\/schema.org\/ImageObject\"  ><div class='avia-image-container-inner'><div class='avia-image-overlay-wrap'><img decoding=\"async\" class='wp-image-37456 avia-img-lazy-loading-not-37456 avia_image' src=\"https:\/\/radiorevelacionfm.cl\/wp-content\/uploads\/2023\/11\/IMG_20231127_113004174_HDR-1-1.jpg\" alt='' title='IMG_20231127_113004174_HDR (1) (1)' height=\"600\" width=\"800\"  itemprop=\"thumbnailUrl\" srcset=\"https:\/\/radiorevelacionfm.cl\/wp-content\/uploads\/2023\/11\/IMG_20231127_113004174_HDR-1-1.jpg 800w, https:\/\/radiorevelacionfm.cl\/wp-content\/uploads\/2023\/11\/IMG_20231127_113004174_HDR-1-1-300x225.jpg 300w, https:\/\/radiorevelacionfm.cl\/wp-content\/uploads\/2023\/11\/IMG_20231127_113004174_HDR-1-1-768x576.jpg 768w, https:\/\/radiorevelacionfm.cl\/wp-content\/uploads\/2023\/11\/IMG_20231127_113004174_HDR-1-1-705x529.jpg 705w, https:\/\/radiorevelacionfm.cl\/wp-content\/uploads\/2023\/11\/IMG_20231127_113004174_HDR-1-1-450x338.jpg 450w, https:\/\/radiorevelacionfm.cl\/wp-content\/uploads\/2023\/11\/IMG_20231127_113004174_HDR-1-1-600x450.jpg 600w\" sizes=\"(max-width: 800px) 100vw, 800px\" \/><\/div><\/div><\/div><\/div><div class=\"flex_column av_one_full  flex_column_div av-zero-column-padding first  avia-builder-el-2  el_after_av_one_full  el_before_av_one_full  column-top-margin\" style='border-radius:0px; '><section class=\"av_textblock_section \"  itemscope=\"itemscope\" itemtype=\"https:\/\/schema.org\/BlogPosting\" itemprop=\"blogPost\" ><div class='avia_textblock  '   itemprop=\"text\" ><p style=\"text-align: center;\"><strong><span style=\"font-size: 18pt;\">Organizaciones comunitarias de la provincia de Ays\u00e9n reciben Fondo Presidente de la Rep\u00fablica<\/span><\/strong><\/p>\n<div id=\"gtx-trans\" style=\"position: absolute; left: -50px; top: 4.31534px;\">\n<div class=\"gtx-trans-icon\"><\/div>\n<\/div>\n<\/div><\/section><\/div><div class=\"flex_column av_one_full  flex_column_div av-zero-column-padding first  avia-builder-el-4  el_after_av_one_full  el_before_av_hr  column-top-margin\" style='border-radius:0px; '><section class=\"av_textblock_section \"  itemscope=\"itemscope\" itemtype=\"https:\/\/schema.org\/BlogPosting\" itemprop=\"blogPost\" ><div class='avia_textblock  '   itemprop=\"text\" ><p class=\"v1MsoNormal\" style=\"text-align: justify;\">Un total de 13 Organizaciones Sociales y Comunitarias de la Provincia de Ays\u00e9n, se vieron favorecidas con la asignaci\u00f3n de recursos econ\u00f3micos \u00a0pertenecientes al Fondo Presidente de la Rep\u00fablica, programa de Gobierno perteneciente al Departamento de Acci\u00f3n Social de la Subsecretar\u00eda del Interior.<\/p>\n<p class=\"v1MsoNormal\" style=\"text-align: justify;\">Por v\u00eda mar\u00edtima y terrestre, desde la comuna de Cisnes, viajaron hasta Puerto Ays\u00e9n, las \u00a0representantes de la \u00abAgrupaci\u00f3n de Artesanas de Puerto Gala\u00bb, para recibir el beneficio que les permitir\u00e1 a sus integrantes, fortalecer el funcionamiento de la organizaci\u00f3n art\u00edstica y cultural, asentada en \u00a0la zona \u00a0\u00a0litoral \u00a0norte de Ays\u00e9n.<\/p>\n<p class=\"v1MsoNormal\" style=\"text-align: justify;\">Su Presidenta, Darlin Santana, se manifest\u00f3 muy conforme y agradecida del beneficio, a trav\u00e9s del cual dotar\u00e1n de mayor tecnolog\u00eda y conectividad \u00a0a la Agrupaci\u00f3n de Artesanas. \u00abVamos a adquirir un computador con impresora y un software de programaci\u00f3n, para brindar soporte de digitalizaci\u00f3n a nuestro grupo, debido a que nos encontramos viviendo en una zona muy aislada, de escasa \u00a0conectividad. Entonces, esta implementaci\u00f3n ayudar\u00e1 mucho \u00a0a la generaci\u00f3n de documentos y gesti\u00f3n de tr\u00e1mites para \u00a0nuestras asociadas, las que podr\u00e1n acceder de manera m\u00e1s r\u00e1pida a la informaci\u00f3n que requieran\u00bb, indic\u00f3.<\/p>\n<p class=\"v1MsoNormal\" style=\"text-align: justify;\">Por su parte, Norma Carim\u00e1n, Presidenta Club del Adulto Mayor \u00abEl C\u00f3ndor\u00bb de Puerto Ays\u00e9n, el cual alberga a un grupo de 35 socias y socios,\u00a0 entre los cuales se encuentran personas postradas y con capacidades diferentes, expres\u00f3 su alegr\u00eda tras la adjudicaci\u00f3n del Proyecto. \u00abA pesar de no contar todav\u00eda con una sede comunitaria para nuestro Club, destinaremos estos recursos para comenzar a \u00a0adquirir la \u00a0implementaci\u00f3n y mobiliario que nos permita estar m\u00e1s c\u00f3modos en el desarrollo de nuestras reuniones y actividades, mientras avanzamos con el proyecto\u00a0 que consolide en el futuro un espacio propio para nosotros\u00bb, destac\u00f3.<\/p>\n<p class=\"v1MsoNormal\" style=\"text-align: justify;\">En tanto, Jorge D\u00edaz Guzm\u00e1n, Delegado Presidencial Provincial de Ays\u00e9n, puso \u00e9nfasis en la distribuci\u00f3n equitativa y descentralizadora de los recursos \u00a0pertenecientes al Fondo Presidente de la Rep\u00fablica, los cuales este a\u00f1o \u00a0fueron asignados a organizaciones comunitarias de \u00a0localidades como Islas Huichas, Puerto Gaviota, Puerto Gala \u00a0y Puerto Ra\u00fal Mar\u00edn Balmaceda, entre otras.<\/p>\n<p class=\"v1MsoNormal\" style=\"text-align: justify;\">\u00abHemos vivido un momento muy grato, luego que trece organizaciones de la Provincia de Ays\u00e9n han recibido sus cheques, luego de un proceso de postulaci\u00f3n a este Fondo. Los \u00a0objetivos de cada proyecto son muy diversos, pero todos apuntan al bien com\u00fan, lo cual constituye el \u00a0norte de esta pol\u00edtica p\u00fablica que adem\u00e1s ayuda a cohesionar \u00a0\u00a0a los miembros de \u00a0las organizaciones sociales que, de igual modo, pueden vincular y postular nuevos proyectos a otras instancias que ofrecen las instituciones del Estado\u00bb, recalc\u00f3 la autoridad provincial.<\/p>\n<p class=\"v1MsoNormal\" style=\"text-align: justify;\">Entre las Organizaciones Sociales y Comunitarias beneficiadas con el Fondo Presidente de la \u00a0Rep\u00fablica 2023, destacan instituciones deportivas, art\u00edsticas, culturales, religiosas, clubes de adultos mayores y juntas de vecinos, entre otras.<\/p>\n<\/div><\/section><\/div><div  style='height:50px' class='hr hr-invisible   avia-builder-el-6  el_after_av_one_full  el_before_av_social_share '><span class='hr-inner ' ><span class='hr-inner-style'><\/span><\/span><\/div><\/p>\n<div  class='av-social-sharing-box  avia-builder-el-7  el_after_av_hr  el_before_av_hr  '><div class='av-share-box'><h5 class='av-share-link-description av-no-toc '>Compartir esta noticia<\/h5><ul class='av-share-box-list noLightbox'><li class='av-share-link av-social-link-facebook' ><a target=\"_blank\" aria-label=\"Compartir en Facebook\" href='https:\/\/www.facebook.com\/sharer.php?u=https:\/\/radiorevelacionfm.cl\/?p=37455&#038;t=Organizaciones%20comunitarias%20de%20la%20provincia%20de%20Ays%C3%A9n%20reciben%20Fondo%20Presidente%20de%20la%20Rep%C3%BAblica' aria-hidden='false' data-av_icon='\ue8f3' data-av_iconfont='entypo-fontello' title='' data-avia-related-tooltip='Compartir en Facebook' rel=\"noopener\"><span class='avia_hidden_link_text'>Compartir en Facebook<\/span><\/a><\/li><li class='av-share-link av-social-link-twitter' ><a target=\"_blank\" aria-label=\"Compartir en Twitter\" href='https:\/\/twitter.com\/share?text=Organizaciones%20comunitarias%20de%20la%20provincia%20de%20Ays%C3%A9n%20reciben%20Fondo%20Presidente%20de%20la%20Rep%C3%BAblica&#038;url=https:\/\/radiorevelacionfm.cl\/?p=37455' aria-hidden='false' data-av_icon='\ue8f1' data-av_iconfont='entypo-fontello' title='' data-avia-related-tooltip='Compartir en Twitter' rel=\"noopener\"><span class='avia_hidden_link_text'>Compartir en Twitter<\/span><\/a><\/li><li class='av-share-link av-social-link-whatsapp' ><a target=\"_blank\" aria-label=\"Compartir en Whatsapp\" href='https:\/\/api.whatsapp.com\/send?text=https:\/\/radiorevelacionfm.cl\/?p=37455' aria-hidden='false' data-av_icon='\uf232' data-av_iconfont='entypo-fontello' title='' data-avia-related-tooltip='Compartir en Whatsapp' rel=\"noopener\"><span class='avia_hidden_link_text'>Compartir en Whatsapp<\/span><\/a><\/li><li class='av-share-link av-social-link-linkedin' ><a target=\"_blank\" aria-label=\"Compartir en LinkedIn\" href='https:\/\/linkedin.com\/shareArticle?mini=true&#038;title=Organizaciones%20comunitarias%20de%20la%20provincia%20de%20Ays%C3%A9n%20reciben%20Fondo%20Presidente%20de%20la%20Rep%C3%BAblica&#038;url=https:\/\/radiorevelacionfm.cl\/?p=37455' aria-hidden='false' data-av_icon='\ue8fc' data-av_iconfont='entypo-fontello' title='' data-avia-related-tooltip='Compartir en LinkedIn' rel=\"noopener\"><span class='avia_hidden_link_text'>Compartir en LinkedIn<\/span><\/a><\/li><li class='av-share-link av-social-link-mail' ><a  aria-label=\"Compartir por correo\" href='mailto:?subject=Organizaciones%20comunitarias%20de%20la%20provincia%20de%20Ays%C3%A9n%20reciben%20Fondo%20Presidente%20de%20la%20Rep%C3%BAblica&#038;body=https:\/\/radiorevelacionfm.cl\/?p=37455' aria-hidden='false' data-av_icon='\ue805' data-av_iconfont='entypo-fontello' title='' data-avia-related-tooltip='Compartir por correo'><span class='avia_hidden_link_text'>Compartir por correo<\/span><\/a><\/li><\/ul><\/div><\/div>\n<div  style='height:50px' class='hr hr-invisible   avia-builder-el-8  el_after_av_social_share  el_before_av_comments_list '><span class='hr-inner ' ><span class='hr-inner-style'><\/span><\/span><\/div>\n<div  class='av-buildercomment  av-blog-meta-html-info-disabled av-blog-meta-tag-disabled  '><\/div>\n","protected":false},"excerpt":{"rendered":"","protected":false},"author":1,"featured_media":37456,"comment_status":"open","ping_status":"open","sticky":false,"template":"","format":"standard","meta":{"footnotes":""},"categories":[38],"tags":[],"class_list":["post-37455","post","type-post","status-publish","format-standard","has-post-thumbnail","hentry","category-regional"],"jetpack_featured_media_url":"https:\/\/radiorevelacionfm.cl\/wp-content\/uploads\/2023\/11\/IMG_20231127_113004174_HDR-1-1.jpg","_links":{"self":[{"href":"https:\/\/radiorevelacionfm.cl\/index.php?rest_route=\/wp\/v2\/posts\/37455","targetHints":{"allow":["GET"]}}],"collection":[{"href":"https:\/\/radiorevelacionfm.cl\/index.php?rest_route=\/wp\/v2\/posts"}],"about":[{"href":"https:\/\/radiorevelacionfm.cl\/index.php?rest_route=\/wp\/v2\/types\/post"}],"author":[{"embeddable":true,"href":"https:\/\/radiorevelacionfm.cl\/index.php?rest_route=\/wp\/v2\/users\/1"}],"replies":[{"embeddable":true,"href":"https:\/\/radiorevelacionfm.cl\/index.php?rest_route=%2Fwp%2Fv2%2Fcomments&post=37455"}],"version-history":[{"count":1,"href":"https:\/\/radiorevelacionfm.cl\/index.php?rest_route=\/wp\/v2\/posts\/37455\/revisions"}],"predecessor-version":[{"id":37457,"href":"https:\/\/radiorevelacionfm.cl\/index.php?rest_route=\/wp\/v2\/posts\/37455\/revisions\/37457"}],"wp:featuredmedia":[{"embeddable":true,"href":"https:\/\/radiorevelacionfm.cl\/index.php?rest_route=\/wp\/v2\/media\/37456"}],"wp:attachment":[{"href":"https:\/\/radiorevelacionfm.cl\/index.php?rest_route=%2Fwp%2Fv2%2Fmedia&parent=37455"}],"wp:term":[{"taxonomy":"category","embeddable":true,"href":"https:\/\/radiorevelacionfm.cl\/index.php?rest_route=%2Fwp%2Fv2%2Fcategories&post=37455"},{"taxonomy":"post_tag","embeddable":true,"href":"https:\/\/radiorevelacionfm.cl\/index.php?rest_route=%2Fwp%2Fv2%2Ftags&post=37455"}],"curies":[{"name":"wp","href":"https:\/\/api.w.org\/{rel}","templated":true}]}}