{"id":37452,"date":"2023-11-28T15:51:08","date_gmt":"2023-11-28T18:51:08","guid":{"rendered":"https:\/\/radiorevelacionfm.cl\/?p=37452"},"modified":"2023-11-28T15:51:08","modified_gmt":"2023-11-28T18:51:08","slug":"municipio-dialoga-con-empresas-ayseninas-para-mejorar-reglamento-de-contratistas","status":"publish","type":"post","link":"https:\/\/radiorevelacionfm.cl\/?p=37452","title":{"rendered":"Municipio dialoga con empresas ayseninas para mejorar reglamento de contratistas"},"content":{"rendered":"<div class=\"flex_column av_one_full  flex_column_div av-zero-column-padding first  avia-builder-el-0  el_before_av_one_full  avia-builder-el-first  \" style='border-radius:0px; '><div  class='avia-image-container  av-styling-    avia-builder-el-1  avia-builder-el-no-sibling  avia-align-center '  itemprop=\"image\" itemscope=\"itemscope\" itemtype=\"https:\/\/schema.org\/ImageObject\"  ><div class='avia-image-container-inner'><div class='avia-image-overlay-wrap'><img decoding=\"async\" class='wp-image-37453 avia-img-lazy-loading-not-37453 avia_image' src=\"https:\/\/radiorevelacionfm.cl\/wp-content\/uploads\/2023\/11\/conversatorio-dom-1_optimized.jpg\" alt='' title='conversatorio-dom-(1)_optimized' height=\"600\" width=\"1118\"  itemprop=\"thumbnailUrl\" srcset=\"https:\/\/radiorevelacionfm.cl\/wp-content\/uploads\/2023\/11\/conversatorio-dom-1_optimized.jpg 1118w, https:\/\/radiorevelacionfm.cl\/wp-content\/uploads\/2023\/11\/conversatorio-dom-1_optimized-300x161.jpg 300w, https:\/\/radiorevelacionfm.cl\/wp-content\/uploads\/2023\/11\/conversatorio-dom-1_optimized-1030x553.jpg 1030w, https:\/\/radiorevelacionfm.cl\/wp-content\/uploads\/2023\/11\/conversatorio-dom-1_optimized-768x412.jpg 768w, https:\/\/radiorevelacionfm.cl\/wp-content\/uploads\/2023\/11\/conversatorio-dom-1_optimized-705x378.jpg 705w, https:\/\/radiorevelacionfm.cl\/wp-content\/uploads\/2023\/11\/conversatorio-dom-1_optimized-450x242.jpg 450w, https:\/\/radiorevelacionfm.cl\/wp-content\/uploads\/2023\/11\/conversatorio-dom-1_optimized-600x322.jpg 600w\" sizes=\"(max-width: 1118px) 100vw, 1118px\" \/><\/div><\/div><\/div><\/div><div class=\"flex_column av_one_full  flex_column_div av-zero-column-padding first  avia-builder-el-2  el_after_av_one_full  el_before_av_one_full  column-top-margin\" style='border-radius:0px; '><section class=\"av_textblock_section \"  itemscope=\"itemscope\" itemtype=\"https:\/\/schema.org\/BlogPosting\" itemprop=\"blogPost\" ><div class='avia_textblock  '   itemprop=\"text\" ><p style=\"text-align: center;\"><strong><span style=\"font-size: 18pt;\">Municipio dialoga con empresas ayseninas para mejorar reglamento de contratistas<\/span><\/strong><\/p>\n<div id=\"gtx-trans\" style=\"position: absolute; left: -50px; top: 4.31534px;\">\n<div class=\"gtx-trans-icon\"><\/div>\n<\/div>\n<\/div><\/section><\/div><div class=\"flex_column av_one_full  flex_column_div av-zero-column-padding first  avia-builder-el-4  el_after_av_one_full  el_before_av_hr  column-top-margin\" style='border-radius:0px; '><section class=\"av_textblock_section \"  itemscope=\"itemscope\" itemtype=\"https:\/\/schema.org\/BlogPosting\" itemprop=\"blogPost\" ><div class='avia_textblock  '   itemprop=\"text\" ><p style=\"text-align: justify;\">En el marco del Programa de Mejoramiento de la Gesti\u00f3n de la Direcci\u00f3n de Obras Municipales, que tiene como objetivo actualizar el reglamento de contratistas vigente, surgi\u00f3 la oportunidad de poder invitar empresas locales para que puedan dar su opini\u00f3n e impresiones de estos estatutos.<\/p>\n<p style=\"text-align: justify;\">Este conversatorio llamado \u201cTregua y foco\u201d se tuvo el objetivo de poder entablar conversaciones constructivas, que abran mundo y que permitan dialogar, ajeno a las diferencias que se puedan dar por ambas partes, con los actores relevantes que participan en torno a la construcci\u00f3n de infraestructura p\u00fablica de Ays\u00e9n.<\/p>\n<p style=\"text-align: justify;\">Sebasti\u00e1n Villagra, Director de Obras Municipales opin\u00f3 del conversatorio y del motivo de este, \u201ctodos los alcances los entendemos como importantes y muy valorables, ya el hecho de tener a estos empresarios y sus apreciaciones de los distintos aspectos de los cuales nosotros generamos obra p\u00fablica. Es muy valioso para construir pol\u00edticas p\u00fablicas que soluci\u00f3n los verdaderos problemas, buscar los \u201ccuellos de botella\u201d que existen en nuestro ordenamiento jur\u00eddico u otros instrumentos\u201d.<\/p>\n<p style=\"text-align: justify;\">En definitiva, se busca solucionar la forma de tener una ejecuci\u00f3n y administraci\u00f3n de contratos m\u00e1s efectiva, de esta manera finalizar los proyectos de la mejor manera posible.<\/p>\n<p style=\"text-align: justify;\">Uno de los empresarios m\u00e1s participativos en la jornada fue Juan Cerna Jara, en representaci\u00f3n de su empresa de ingenier\u00eda, expres\u00f3 su satisfacci\u00f3n por el que se hagan este tipo de reuniones, ya que as\u00ed \u201cse puede trabajar en concordancia y en armon\u00eda para mejorar las cosas que est\u00e1n mal en este minuto\u201d, tambi\u00e9n coment\u00f3 que ser\u00eda ideal poder realizar m\u00e1s de estos conversatorios.<\/p>\n<p style=\"text-align: justify;\">Esta fue la primera vez que se hace esta actividad por parte de la DOM, pero evaluar\u00e1n repetir el pr\u00f3ximo a\u00f1o la actividad, posiblemente con alg\u00fan expositor de renombre y mejorando las actividades, pero por ahora la direcci\u00f3n se siente satisfecha con el trabajo realizado.<\/p>\n<\/div><\/section><\/div><div  style='height:50px' class='hr hr-invisible   avia-builder-el-6  el_after_av_one_full  el_before_av_social_share '><span class='hr-inner ' ><span class='hr-inner-style'><\/span><\/span><\/div><\/p>\n<div  class='av-social-sharing-box  avia-builder-el-7  el_after_av_hr  el_before_av_hr  '><div class='av-share-box'><h5 class='av-share-link-description av-no-toc '>Compartir esta noticia<\/h5><ul class='av-share-box-list noLightbox'><li class='av-share-link av-social-link-facebook' ><a target=\"_blank\" aria-label=\"Compartir en Facebook\" href='https:\/\/www.facebook.com\/sharer.php?u=https:\/\/radiorevelacionfm.cl\/?p=37452&#038;t=Municipio%20dialoga%20con%20empresas%20ayseninas%20para%20mejorar%20reglamento%20de%20contratistas' aria-hidden='false' data-av_icon='\ue8f3' data-av_iconfont='entypo-fontello' title='' data-avia-related-tooltip='Compartir en Facebook' rel=\"noopener\"><span class='avia_hidden_link_text'>Compartir en Facebook<\/span><\/a><\/li><li class='av-share-link av-social-link-twitter' ><a target=\"_blank\" aria-label=\"Compartir en Twitter\" href='https:\/\/twitter.com\/share?text=Municipio%20dialoga%20con%20empresas%20ayseninas%20para%20mejorar%20reglamento%20de%20contratistas&#038;url=https:\/\/radiorevelacionfm.cl\/?p=37452' aria-hidden='false' data-av_icon='\ue8f1' data-av_iconfont='entypo-fontello' title='' data-avia-related-tooltip='Compartir en Twitter' rel=\"noopener\"><span class='avia_hidden_link_text'>Compartir en Twitter<\/span><\/a><\/li><li class='av-share-link av-social-link-whatsapp' ><a target=\"_blank\" aria-label=\"Compartir en Whatsapp\" href='https:\/\/api.whatsapp.com\/send?text=https:\/\/radiorevelacionfm.cl\/?p=37452' aria-hidden='false' data-av_icon='\uf232' data-av_iconfont='entypo-fontello' title='' data-avia-related-tooltip='Compartir en Whatsapp' rel=\"noopener\"><span class='avia_hidden_link_text'>Compartir en Whatsapp<\/span><\/a><\/li><li class='av-share-link av-social-link-linkedin' ><a target=\"_blank\" aria-label=\"Compartir en LinkedIn\" href='https:\/\/linkedin.com\/shareArticle?mini=true&#038;title=Municipio%20dialoga%20con%20empresas%20ayseninas%20para%20mejorar%20reglamento%20de%20contratistas&#038;url=https:\/\/radiorevelacionfm.cl\/?p=37452' aria-hidden='false' data-av_icon='\ue8fc' data-av_iconfont='entypo-fontello' title='' data-avia-related-tooltip='Compartir en LinkedIn' rel=\"noopener\"><span class='avia_hidden_link_text'>Compartir en LinkedIn<\/span><\/a><\/li><li class='av-share-link av-social-link-mail' ><a  aria-label=\"Compartir por correo\" href='mailto:?subject=Municipio%20dialoga%20con%20empresas%20ayseninas%20para%20mejorar%20reglamento%20de%20contratistas&#038;body=https:\/\/radiorevelacionfm.cl\/?p=37452' aria-hidden='false' data-av_icon='\ue805' data-av_iconfont='entypo-fontello' title='' data-avia-related-tooltip='Compartir por correo'><span class='avia_hidden_link_text'>Compartir por correo<\/span><\/a><\/li><\/ul><\/div><\/div>\n<div  style='height:50px' class='hr hr-invisible   avia-builder-el-8  el_after_av_social_share  el_before_av_comments_list '><span class='hr-inner ' ><span class='hr-inner-style'><\/span><\/span><\/div>\n<div  class='av-buildercomment  av-blog-meta-html-info-disabled av-blog-meta-tag-disabled  '><\/div>\n","protected":false},"excerpt":{"rendered":"","protected":false},"author":1,"featured_media":37453,"comment_status":"open","ping_status":"open","sticky":false,"template":"","format":"standard","meta":{"footnotes":""},"categories":[38],"tags":[],"class_list":["post-37452","post","type-post","status-publish","format-standard","has-post-thumbnail","hentry","category-regional"],"jetpack_featured_media_url":"https:\/\/radiorevelacionfm.cl\/wp-content\/uploads\/2023\/11\/conversatorio-dom-1_optimized.jpg","_links":{"self":[{"href":"https:\/\/radiorevelacionfm.cl\/index.php?rest_route=\/wp\/v2\/posts\/37452","targetHints":{"allow":["GET"]}}],"collection":[{"href":"https:\/\/radiorevelacionfm.cl\/index.php?rest_route=\/wp\/v2\/posts"}],"about":[{"href":"https:\/\/radiorevelacionfm.cl\/index.php?rest_route=\/wp\/v2\/types\/post"}],"author":[{"embeddable":true,"href":"https:\/\/radiorevelacionfm.cl\/index.php?rest_route=\/wp\/v2\/users\/1"}],"replies":[{"embeddable":true,"href":"https:\/\/radiorevelacionfm.cl\/index.php?rest_route=%2Fwp%2Fv2%2Fcomments&post=37452"}],"version-history":[{"count":1,"href":"https:\/\/radiorevelacionfm.cl\/index.php?rest_route=\/wp\/v2\/posts\/37452\/revisions"}],"predecessor-version":[{"id":37454,"href":"https:\/\/radiorevelacionfm.cl\/index.php?rest_route=\/wp\/v2\/posts\/37452\/revisions\/37454"}],"wp:featuredmedia":[{"embeddable":true,"href":"https:\/\/radiorevelacionfm.cl\/index.php?rest_route=\/wp\/v2\/media\/37453"}],"wp:attachment":[{"href":"https:\/\/radiorevelacionfm.cl\/index.php?rest_route=%2Fwp%2Fv2%2Fmedia&parent=37452"}],"wp:term":[{"taxonomy":"category","embeddable":true,"href":"https:\/\/radiorevelacionfm.cl\/index.php?rest_route=%2Fwp%2Fv2%2Fcategories&post=37452"},{"taxonomy":"post_tag","embeddable":true,"href":"https:\/\/radiorevelacionfm.cl\/index.php?rest_route=%2Fwp%2Fv2%2Ftags&post=37452"}],"curies":[{"name":"wp","href":"https:\/\/api.w.org\/{rel}","templated":true}]}}