{"id":3744,"date":"2021-05-03T16:55:01","date_gmt":"2021-05-03T19:55:01","guid":{"rendered":"https:\/\/radiorevelacionfm.cl\/?p=3744"},"modified":"2021-05-03T16:55:01","modified_gmt":"2021-05-03T19:55:01","slug":"en-la-region-de-aysen-se-abre-postulacion-al-programa-lena-mas-seca-2021","status":"publish","type":"post","link":"https:\/\/radiorevelacionfm.cl\/?p=3744","title":{"rendered":"En la regi\u00f3n de Ays\u00e9n: Se abre postulaci\u00f3n al programa Le\u00f1a M\u00e1s Seca 2021"},"content":{"rendered":"<div class=\"flex_column av_one_full  flex_column_div av-zero-column-padding first  avia-builder-el-0  el_before_av_one_full  avia-builder-el-first  \" style='border-radius:0px; '><div  class='avia-image-container  av-styling-    avia-builder-el-1  avia-builder-el-no-sibling  avia-align-center '  itemprop=\"image\" itemscope=\"itemscope\" itemtype=\"https:\/\/schema.org\/ImageObject\"  ><div class='avia-image-container-inner'><div class='avia-image-overlay-wrap'><img decoding=\"async\" class='wp-image-0 avia-img-lazy-loading-not-0 avia_image' src=\"https:\/\/radiorevelacionfm.cl\/wp-content\/uploads\/2021\/05\/image-26-1_optimized.png\" alt='' title=''   itemprop=\"thumbnailUrl\"  \/><\/div><\/div><\/div><\/div><div class=\"flex_column av_one_full  flex_column_div av-zero-column-padding first  avia-builder-el-2  el_after_av_one_full  el_before_av_one_full  column-top-margin\" style='border-radius:0px; '><section class=\"av_textblock_section \"  itemscope=\"itemscope\" itemtype=\"https:\/\/schema.org\/BlogPosting\" itemprop=\"blogPost\" ><div class='avia_textblock  '   itemprop=\"text\" ><p style=\"text-align: center;\"><strong><span style=\"font-size: 18pt;\">En la regi\u00f3n de Ays\u00e9n: <\/span><\/strong><strong><span style=\"font-size: 18pt;\">Se abre postulaci\u00f3n al programa Le\u00f1a M\u00e1s Seca 2021\u00a0<\/span><\/strong><\/p>\n<div id=\"gtx-trans\" style=\"position: absolute; left: -50px; top: 4.31534px;\">\n<div class=\"gtx-trans-icon\"><\/div>\n<\/div>\n<\/div><\/section><\/div><div class=\"flex_column av_one_full  flex_column_div av-zero-column-padding first  avia-builder-el-4  el_after_av_one_full  el_before_av_hr  column-top-margin\" style='border-radius:0px; '><section class=\"av_textblock_section \"  itemscope=\"itemscope\" itemtype=\"https:\/\/schema.org\/BlogPosting\" itemprop=\"blogPost\" ><div class='avia_textblock  '   itemprop=\"text\" ><p style=\"text-align: justify;\">La iniciativa del Ministerio de Energ\u00eda y la Agencia de Sostenibilidad Energ\u00e9tica, en esta ocasi\u00f3n se focalizar\u00e1 en maquinarias.<\/p>\n<p style=\"text-align: justify;\">Una nueva convocatoria para el Programa \u201cLe\u00f1a M\u00e1s Seca\u201d, del Ministerio de Energ\u00eda y la Agencia de Sostenibilidad Energ\u00e9tica, se encuentra a disposici\u00f3n de productores y comerciantes de le\u00f1a de Ays\u00e9n.<\/p>\n<p style=\"text-align: justify;\">Este a\u00f1o el dise\u00f1o del programa se adecu\u00f3 al contexto econ\u00f3mico y social actual, buscando desarrollar un proceso r\u00e1pido que contrarreste la falta de mano de obra presente en el rubro (intensificada a causa de la crisis sanitaria) y que permita adem\u00e1s contar con le\u00f1a procesada de manera eficiente, acelerando el proceso de secado.<\/p>\n<p style=\"text-align: justify;\">Al respecto, el Seremi de Energ\u00eda de la regi\u00f3n de Ays\u00e9n, Juan Luis Amen\u00e1bar,\u00a0 se\u00f1al\u00f3 que \u201cqueremos invitar a todos los productores y comercializadores de le\u00f1a de nuestra regi\u00f3n a postular al Programa Le\u00f1a M\u00e1s Seca, el que este a\u00f1o considera la entrega de maquinaria para el procesamiento de le\u00f1a. Los postulantes deber\u00e1n seleccionar la maquinaria m\u00e1s adecuada, seg\u00fan su modelo productivo, y de ser beneficiario, la Agencia de Sostenibilidad se encargar\u00e1 de la entrega de dicha maquinaria. De esta forma estaremos apoyando la implementaci\u00f3n de procesos productivos eficientes en el procesamiento de le\u00f1a, lo que a su vez permitir\u00e1 aumentar la oferta de le\u00f1a seca y aportar a disminuir los \u00edndices de contaminaci\u00f3n en nuestra regi\u00f3n\u201d.<\/p>\n<p style=\"text-align: justify;\">Los productores de le\u00f1a podr\u00e1n acceder a equipos tales como partidoras, picadoras, procesadores, cintas transportadoras y combinaciones de estas, tecnificando esta parte del proceso de producci\u00f3n de le\u00f1a, lo que es esencial para lograr un secado eficiente y un producto con est\u00e1ndares de calidad.<\/p>\n<p style=\"text-align: justify;\">Al igual que en a\u00f1os anteriores el fondo contar\u00e1 con enfoque de g\u00e9nero \u201ccomo parte del importante trabajo que nos encontramos realizando como Ministerio de Energ\u00eda para acercar la energ\u00eda a las mujeres chilenas, el programa considera enfoque de g\u00e9nero en su evaluaci\u00f3n, bonificando con puntaje adicional las postulaciones presentadas por mujeres. Hasta la fecha de los 88 beneficiarios con que cuenta el programa en nuestra regi\u00f3n 22 corresponden a mujeres, y esperamos este a\u00f1o poder incrementar esta cifra y seguir de esta manera acortando las brechas existentes\u201d destac\u00f3 el Seremi Amen\u00e1bar.<\/p>\n<p style=\"text-align: justify;\">Cabe se\u00f1alar, que el programa considera un puntaje adicional para aquellos postulantes que cuenten con el Sello Calidad de Le\u00f1a o hayan aprobado su evaluaci\u00f3n de terreno.<\/p>\n<p style=\"text-align: justify;\">En lo que respecta a la instancia de capacitaci\u00f3n contemplada para los beneficiarios seleccionados, esta se ha redise\u00f1ado para que pueda ser entregada en el contexto de la pandemia, por lo tanto, ya no ser\u00e1 presencial, sino que se entregar\u00e1 mediante m\u00f3dulos de transferencia t\u00e9cnica. Y en lo que respecta a los contenidos, los beneficiarios del programa aprender\u00e1n las principales variables del proceso de secado: planificaci\u00f3n del proceso, humedad relativa al interior de los acopios, ventilaci\u00f3n, temperatura, cantidad de superficie expuesta de la le\u00f1a, procesamiento y manipulaci\u00f3n de le\u00f1a de manera mecanizada, contribuy\u00e9ndose as\u00ed a generar las capacidades para el cumplimiento del futuro est\u00e1ndar de calidad de la le\u00f1a.<\/p>\n<p style=\"text-align: justify;\">Asimismo, en esta convocatoria no ser\u00e1 obligatorio el inicio de actividades para postular, con la finalidad de que aquellos productores y comerciantes que hoy realizan la actividad de manera informal puedan acceder al programa, se capaciten, se comprometan con la producci\u00f3n de le\u00f1a de calidad y formalicen su condici\u00f3n, todo lo anterior con el apoyo del Ministerio de Energ\u00eda y la Agencia de Sostenibilidad Energ\u00e9tica.<\/p>\n<p style=\"text-align: justify;\">La convocatoria se encontrar\u00e1 abierta hasta el 29 de mayo, y las postulaciones ser\u00e1n de manera digital, a trav\u00e9s del sitio <a href=\"http:\/\/www.lenamasseca.cl\">www.lenamasseca.cl<\/a>,\u00a0 y de manera presencial, en la Seremi de Energ\u00eda de Ays\u00e9n ubicada en calle Baquedano #310 interior, donde los postulantes podr\u00e1n entregar toda la informaci\u00f3n solicitada en un sobre cerrado. En caso de dudas o consultas comunicarse con el mail <a href=\"mailto:maracena@minenergia.cl\">maracena@minenergia.cl<\/a> o al tel\u00e9fono 56 223656656.<\/p>\n<\/div><\/section><\/div><div  style='height:50px' class='hr hr-invisible   avia-builder-el-6  el_after_av_one_full  el_before_av_social_share '><span class='hr-inner ' ><span class='hr-inner-style'><\/span><\/span><\/div><\/p>\n<div  class='av-social-sharing-box  avia-builder-el-7  el_after_av_hr  el_before_av_hr  '><div class='av-share-box'><h5 class='av-share-link-description av-no-toc '>Compartir esta noticia<\/h5><ul class='av-share-box-list noLightbox'><li class='av-share-link av-social-link-facebook' ><a target=\"_blank\" aria-label=\"Compartir en Facebook\" href='https:\/\/www.facebook.com\/sharer.php?u=https:\/\/radiorevelacionfm.cl\/?p=3744&#038;t=En%20la%20regi%C3%B3n%20de%20Ays%C3%A9n%3A%20Se%20abre%20postulaci%C3%B3n%20al%20programa%20Le%C3%B1a%20M%C3%A1s%20Seca%202021' aria-hidden='false' data-av_icon='\ue8f3' data-av_iconfont='entypo-fontello' title='' data-avia-related-tooltip='Compartir en Facebook' rel=\"noopener\"><span class='avia_hidden_link_text'>Compartir en Facebook<\/span><\/a><\/li><li class='av-share-link av-social-link-twitter' ><a target=\"_blank\" aria-label=\"Compartir en Twitter\" href='https:\/\/twitter.com\/share?text=En%20la%20regi%C3%B3n%20de%20Ays%C3%A9n%3A%20Se%20abre%20postulaci%C3%B3n%20al%20programa%20Le%C3%B1a%20M%C3%A1s%20Seca%202021&#038;url=https:\/\/radiorevelacionfm.cl\/?p=3744' aria-hidden='false' data-av_icon='\ue8f1' data-av_iconfont='entypo-fontello' title='' data-avia-related-tooltip='Compartir en Twitter' rel=\"noopener\"><span class='avia_hidden_link_text'>Compartir en Twitter<\/span><\/a><\/li><li class='av-share-link av-social-link-whatsapp' ><a target=\"_blank\" aria-label=\"Compartir en Whatsapp\" href='https:\/\/api.whatsapp.com\/send?text=https:\/\/radiorevelacionfm.cl\/?p=3744' aria-hidden='false' data-av_icon='\uf232' data-av_iconfont='entypo-fontello' title='' data-avia-related-tooltip='Compartir en Whatsapp' rel=\"noopener\"><span class='avia_hidden_link_text'>Compartir en Whatsapp<\/span><\/a><\/li><li class='av-share-link av-social-link-linkedin' ><a target=\"_blank\" aria-label=\"Compartir en LinkedIn\" href='https:\/\/linkedin.com\/shareArticle?mini=true&#038;title=En%20la%20regi%C3%B3n%20de%20Ays%C3%A9n%3A%20Se%20abre%20postulaci%C3%B3n%20al%20programa%20Le%C3%B1a%20M%C3%A1s%20Seca%202021&#038;url=https:\/\/radiorevelacionfm.cl\/?p=3744' aria-hidden='false' data-av_icon='\ue8fc' data-av_iconfont='entypo-fontello' title='' data-avia-related-tooltip='Compartir en LinkedIn' rel=\"noopener\"><span class='avia_hidden_link_text'>Compartir en LinkedIn<\/span><\/a><\/li><li class='av-share-link av-social-link-mail' ><a  aria-label=\"Compartir por correo\" href='mailto:?subject=En%20la%20regi%C3%B3n%20de%20Ays%C3%A9n%3A%20Se%20abre%20postulaci%C3%B3n%20al%20programa%20Le%C3%B1a%20M%C3%A1s%20Seca%202021&#038;body=https:\/\/radiorevelacionfm.cl\/?p=3744' aria-hidden='false' data-av_icon='\ue805' data-av_iconfont='entypo-fontello' title='' data-avia-related-tooltip='Compartir por correo'><span class='avia_hidden_link_text'>Compartir por correo<\/span><\/a><\/li><\/ul><\/div><\/div>\n<div  style='height:50px' class='hr hr-invisible   avia-builder-el-8  el_after_av_social_share  el_before_av_comments_list '><span class='hr-inner ' ><span class='hr-inner-style'><\/span><\/span><\/div>\n<div  class='av-buildercomment  av-blog-meta-html-info-disabled av-blog-meta-tag-disabled  '><\/div>\n","protected":false},"excerpt":{"rendered":"","protected":false},"author":1,"featured_media":0,"comment_status":"open","ping_status":"open","sticky":false,"template":"","format":"standard","meta":{"footnotes":""},"categories":[39],"tags":[],"class_list":["post-3744","post","type-post","status-publish","format-standard","hentry","category-medio-ambiente"],"jetpack_featured_media_url":"","_links":{"self":[{"href":"https:\/\/radiorevelacionfm.cl\/index.php?rest_route=\/wp\/v2\/posts\/3744","targetHints":{"allow":["GET"]}}],"collection":[{"href":"https:\/\/radiorevelacionfm.cl\/index.php?rest_route=\/wp\/v2\/posts"}],"about":[{"href":"https:\/\/radiorevelacionfm.cl\/index.php?rest_route=\/wp\/v2\/types\/post"}],"author":[{"embeddable":true,"href":"https:\/\/radiorevelacionfm.cl\/index.php?rest_route=\/wp\/v2\/users\/1"}],"replies":[{"embeddable":true,"href":"https:\/\/radiorevelacionfm.cl\/index.php?rest_route=%2Fwp%2Fv2%2Fcomments&post=3744"}],"version-history":[{"count":1,"href":"https:\/\/radiorevelacionfm.cl\/index.php?rest_route=\/wp\/v2\/posts\/3744\/revisions"}],"predecessor-version":[{"id":3746,"href":"https:\/\/radiorevelacionfm.cl\/index.php?rest_route=\/wp\/v2\/posts\/3744\/revisions\/3746"}],"wp:attachment":[{"href":"https:\/\/radiorevelacionfm.cl\/index.php?rest_route=%2Fwp%2Fv2%2Fmedia&parent=3744"}],"wp:term":[{"taxonomy":"category","embeddable":true,"href":"https:\/\/radiorevelacionfm.cl\/index.php?rest_route=%2Fwp%2Fv2%2Fcategories&post=3744"},{"taxonomy":"post_tag","embeddable":true,"href":"https:\/\/radiorevelacionfm.cl\/index.php?rest_route=%2Fwp%2Fv2%2Ftags&post=3744"}],"curies":[{"name":"wp","href":"https:\/\/api.w.org\/{rel}","templated":true}]}}