{"id":37438,"date":"2023-11-30T12:35:27","date_gmt":"2023-11-30T15:35:27","guid":{"rendered":"https:\/\/radiorevelacionfm.cl\/?p=37438"},"modified":"2023-11-30T12:35:27","modified_gmt":"2023-11-30T15:35:27","slug":"edelaysen-invita-a-la-comunidad-de-la-region-de-aysen-a-celebrar-fin-de-ano-con-seguridad","status":"publish","type":"post","link":"https:\/\/radiorevelacionfm.cl\/?p=37438","title":{"rendered":"Edelaysen invita a la comunidad de la regi\u00f3n de Ays\u00e9n a celebrar fin de a\u00f1o con seguridad"},"content":{"rendered":"<div class=\"flex_column av_one_full  flex_column_div av-zero-column-padding first  avia-builder-el-0  el_before_av_one_full  avia-builder-el-first  \" style='border-radius:0px; '><div  class='avia-image-container  av-styling-    avia-builder-el-1  avia-builder-el-no-sibling  avia-align-center '  itemprop=\"image\" itemscope=\"itemscope\" itemtype=\"https:\/\/schema.org\/ImageObject\"  ><div class='avia-image-container-inner'><div class='avia-image-overlay-wrap'><img decoding=\"async\" class='wp-image-37439 avia-img-lazy-loading-not-37439 avia_image' src=\"https:\/\/radiorevelacionfm.cl\/wp-content\/uploads\/2023\/11\/Foto-Navidad-1-1.jpeg\" alt='' title='Foto Navidad (1) (1)' height=\"648\" width=\"801\"  itemprop=\"thumbnailUrl\" srcset=\"https:\/\/radiorevelacionfm.cl\/wp-content\/uploads\/2023\/11\/Foto-Navidad-1-1.jpeg 801w, https:\/\/radiorevelacionfm.cl\/wp-content\/uploads\/2023\/11\/Foto-Navidad-1-1-300x243.jpeg 300w, https:\/\/radiorevelacionfm.cl\/wp-content\/uploads\/2023\/11\/Foto-Navidad-1-1-768x621.jpeg 768w, https:\/\/radiorevelacionfm.cl\/wp-content\/uploads\/2023\/11\/Foto-Navidad-1-1-495x400.jpeg 495w, https:\/\/radiorevelacionfm.cl\/wp-content\/uploads\/2023\/11\/Foto-Navidad-1-1-705x570.jpeg 705w, https:\/\/radiorevelacionfm.cl\/wp-content\/uploads\/2023\/11\/Foto-Navidad-1-1-450x364.jpeg 450w, https:\/\/radiorevelacionfm.cl\/wp-content\/uploads\/2023\/11\/Foto-Navidad-1-1-600x485.jpeg 600w\" sizes=\"(max-width: 801px) 100vw, 801px\" \/><\/div><\/div><\/div><\/div><div class=\"flex_column av_one_full  flex_column_div av-zero-column-padding first  avia-builder-el-2  el_after_av_one_full  el_before_av_one_full  column-top-margin\" style='border-radius:0px; '><section class=\"av_textblock_section \"  itemscope=\"itemscope\" itemtype=\"https:\/\/schema.org\/BlogPosting\" itemprop=\"blogPost\" ><div class='avia_textblock  '   itemprop=\"text\" ><p style=\"text-align: center;\"><strong><span style=\"font-size: 18pt;\">Edelaysen invita a la comunidad de la regi\u00f3n de Ays\u00e9n a celebrar fin de a\u00f1o con seguridad<\/span><\/strong><\/p>\n<div id=\"gtx-trans\" style=\"position: absolute; left: -50px; top: 4.31534px;\">\n<div class=\"gtx-trans-icon\"><\/div>\n<\/div>\n<\/div><\/section><\/div><div class=\"flex_column av_one_full  flex_column_div av-zero-column-padding first  avia-builder-el-4  el_after_av_one_full  el_before_av_hr  column-top-margin\" style='border-radius:0px; '><section class=\"av_textblock_section \"  itemscope=\"itemscope\" itemtype=\"https:\/\/schema.org\/BlogPosting\" itemprop=\"blogPost\" ><div class='avia_textblock  '   itemprop=\"text\" ><p style=\"text-align: justify;\"><em>La el\u00e9ctrica inici\u00f3 una campa\u00f1a para concientizar a la comunidad sobre el correcto uso de luces y adornos durante las celebraciones para evitar accidentes y cortes de suministro.<\/em><\/p>\n<p style=\"text-align: justify;\">A pocos d\u00edas de diciembre, ya se conocen ofertas de art\u00edculos navide\u00f1os -muchos de ellos el\u00e9ctricos- y luces para \u00e1rboles de Navidad, por ello desde Edelaysen hacen un llamado a la comunidad a instalar y utilizar con responsabilidad todo tipo de elementos y adornos. Desde la empresa el\u00e9ctrica entregan una serie de recomendaciones para evitar accidentes o interrupciones del servicio y, de esa manera, disfrutar de la Navidad y el A\u00f1o Nuevo con seguridad.<\/p>\n<p style=\"text-align: justify;\">\u201cPara nosotros, la seguridad es un valor intransable, al igual que para nuestros colaboradores, sus familias y la ciudadan\u00eda. Es por ello que durante diciembre estaremos entregando diversos consejos pr\u00e1cticos para usar correctamente la energ\u00eda y tomar los resguardos necesarios para evitar el mal uso de luces, adornos, alargadores y enchufes. Es importante que todos los productos que se utilicen tengan el sello de certificaci\u00f3n de la Superintendencia de Electricidad y Combustibles (SEC) y sean bien manipulados para evitar descargas el\u00e9ctricas o sobrecargas de consumo\u201d, indic\u00f3 Patricio Raimilla, jefe de Servicio al Cliente de Edelaysen.<\/p>\n<p style=\"text-align: justify;\">El ejecutivo enfatiz\u00f3 en que \u201cmuchos de los cortes de luz o variaciones de voltaje se generan por el sobrecalentamiento de enchufes\u201d, por lo que reiter\u00f3 el llamado a la comunidad para tener en cuenta las siguientes recomendaciones y prevenir posibles accidentes:<\/p>\n<ul style=\"text-align: justify;\">\n<li>No recargar enchufes o alargadores con exceso de luces navide\u00f1as.<\/li>\n<li>Utilizar solo luces y adornos luminosos certificados por la Superintendencia de Electricidad y Combustibles (SEC).<\/li>\n<li>No usar luces o decoraciones que tengan cables pelados o soquetes el\u00e9ctricos derretidos.<\/li>\n<li>Antes de usar, revisar que los cables de luces y decoraciones del a\u00f1o pasado est\u00e9n en buen estado.<\/li>\n<li>No instalar afuera de la vivienda luces fabricadas para uso interior.<\/li>\n<li>No dormir ni salir de la casa dejando las luces en funcionamiento, ya que se puede registrar un sobrecalentamiento.<\/li>\n<\/ul>\n<p style=\"text-align: justify;\">Finalmente, el ejecutivo record\u00f3 la importancia de mirar el entorno antes de decorar viviendas y negocios para evitar colocar todo tipo de adornos cercanos al tendido el\u00e9ctrico, agregando que, \u201cen estas fiestas, al igual que durante todo el a\u00f1o, personal de turno de nuestra empresa estar\u00e1 trabajando para resguardar el suministro de todos los vecinos en caso de ser necesario\u201d. Adem\u00e1s, reiter\u00f3 que los canales de contacto son:<\/p>\n<p style=\"text-align: justify;\">Web: <a href=\"http:\/\/www.edelaysen.cl\">www.edelaysen.cl<\/a><\/p>\n<p style=\"text-align: justify;\">contact center: 800 600 803<\/p>\n<p style=\"text-align: justify;\">Facebook: @edelaysen<\/p>\n<p style=\"text-align: justify;\">Twitter: @edelaysen<\/p>\n<\/div><\/section><\/div><div  style='height:50px' class='hr hr-invisible   avia-builder-el-6  el_after_av_one_full  el_before_av_social_share '><span class='hr-inner ' ><span class='hr-inner-style'><\/span><\/span><\/div><\/p>\n<div  class='av-social-sharing-box  avia-builder-el-7  el_after_av_hr  el_before_av_hr  '><div class='av-share-box'><h5 class='av-share-link-description av-no-toc '>Compartir esta noticia<\/h5><ul class='av-share-box-list noLightbox'><li class='av-share-link av-social-link-facebook' ><a target=\"_blank\" aria-label=\"Compartir en Facebook\" href='https:\/\/www.facebook.com\/sharer.php?u=https:\/\/radiorevelacionfm.cl\/?p=37438&#038;t=Edelaysen%20invita%20a%20la%20comunidad%20de%20la%20regi%C3%B3n%20de%20Ays%C3%A9n%20a%20celebrar%20fin%20de%20a%C3%B1o%20con%20seguridad' aria-hidden='false' data-av_icon='\ue8f3' data-av_iconfont='entypo-fontello' title='' data-avia-related-tooltip='Compartir en Facebook' rel=\"noopener\"><span class='avia_hidden_link_text'>Compartir en Facebook<\/span><\/a><\/li><li class='av-share-link av-social-link-twitter' ><a target=\"_blank\" aria-label=\"Compartir en Twitter\" href='https:\/\/twitter.com\/share?text=Edelaysen%20invita%20a%20la%20comunidad%20de%20la%20regi%C3%B3n%20de%20Ays%C3%A9n%20a%20celebrar%20fin%20de%20a%C3%B1o%20con%20seguridad&#038;url=https:\/\/radiorevelacionfm.cl\/?p=37438' aria-hidden='false' data-av_icon='\ue8f1' data-av_iconfont='entypo-fontello' title='' data-avia-related-tooltip='Compartir en Twitter' rel=\"noopener\"><span class='avia_hidden_link_text'>Compartir en Twitter<\/span><\/a><\/li><li class='av-share-link av-social-link-whatsapp' ><a target=\"_blank\" aria-label=\"Compartir en Whatsapp\" href='https:\/\/api.whatsapp.com\/send?text=https:\/\/radiorevelacionfm.cl\/?p=37438' aria-hidden='false' data-av_icon='\uf232' data-av_iconfont='entypo-fontello' title='' data-avia-related-tooltip='Compartir en Whatsapp' rel=\"noopener\"><span class='avia_hidden_link_text'>Compartir en Whatsapp<\/span><\/a><\/li><li class='av-share-link av-social-link-linkedin' ><a target=\"_blank\" aria-label=\"Compartir en LinkedIn\" href='https:\/\/linkedin.com\/shareArticle?mini=true&#038;title=Edelaysen%20invita%20a%20la%20comunidad%20de%20la%20regi%C3%B3n%20de%20Ays%C3%A9n%20a%20celebrar%20fin%20de%20a%C3%B1o%20con%20seguridad&#038;url=https:\/\/radiorevelacionfm.cl\/?p=37438' aria-hidden='false' data-av_icon='\ue8fc' data-av_iconfont='entypo-fontello' title='' data-avia-related-tooltip='Compartir en LinkedIn' rel=\"noopener\"><span class='avia_hidden_link_text'>Compartir en LinkedIn<\/span><\/a><\/li><li class='av-share-link av-social-link-mail' ><a  aria-label=\"Compartir por correo\" href='mailto:?subject=Edelaysen%20invita%20a%20la%20comunidad%20de%20la%20regi%C3%B3n%20de%20Ays%C3%A9n%20a%20celebrar%20fin%20de%20a%C3%B1o%20con%20seguridad&#038;body=https:\/\/radiorevelacionfm.cl\/?p=37438' aria-hidden='false' data-av_icon='\ue805' data-av_iconfont='entypo-fontello' title='' data-avia-related-tooltip='Compartir por correo'><span class='avia_hidden_link_text'>Compartir por correo<\/span><\/a><\/li><\/ul><\/div><\/div>\n<div  style='height:50px' class='hr hr-invisible   avia-builder-el-8  el_after_av_social_share  el_before_av_comments_list '><span class='hr-inner ' ><span class='hr-inner-style'><\/span><\/span><\/div>\n<div  class='av-buildercomment  av-blog-meta-html-info-disabled av-blog-meta-tag-disabled  '><\/div>\n","protected":false},"excerpt":{"rendered":"","protected":false},"author":1,"featured_media":37439,"comment_status":"open","ping_status":"open","sticky":false,"template":"","format":"standard","meta":{"footnotes":""},"categories":[38],"tags":[],"class_list":["post-37438","post","type-post","status-publish","format-standard","has-post-thumbnail","hentry","category-regional"],"jetpack_featured_media_url":"https:\/\/radiorevelacionfm.cl\/wp-content\/uploads\/2023\/11\/Foto-Navidad-1-1.jpeg","_links":{"self":[{"href":"https:\/\/radiorevelacionfm.cl\/index.php?rest_route=\/wp\/v2\/posts\/37438","targetHints":{"allow":["GET"]}}],"collection":[{"href":"https:\/\/radiorevelacionfm.cl\/index.php?rest_route=\/wp\/v2\/posts"}],"about":[{"href":"https:\/\/radiorevelacionfm.cl\/index.php?rest_route=\/wp\/v2\/types\/post"}],"author":[{"embeddable":true,"href":"https:\/\/radiorevelacionfm.cl\/index.php?rest_route=\/wp\/v2\/users\/1"}],"replies":[{"embeddable":true,"href":"https:\/\/radiorevelacionfm.cl\/index.php?rest_route=%2Fwp%2Fv2%2Fcomments&post=37438"}],"version-history":[{"count":1,"href":"https:\/\/radiorevelacionfm.cl\/index.php?rest_route=\/wp\/v2\/posts\/37438\/revisions"}],"predecessor-version":[{"id":37440,"href":"https:\/\/radiorevelacionfm.cl\/index.php?rest_route=\/wp\/v2\/posts\/37438\/revisions\/37440"}],"wp:featuredmedia":[{"embeddable":true,"href":"https:\/\/radiorevelacionfm.cl\/index.php?rest_route=\/wp\/v2\/media\/37439"}],"wp:attachment":[{"href":"https:\/\/radiorevelacionfm.cl\/index.php?rest_route=%2Fwp%2Fv2%2Fmedia&parent=37438"}],"wp:term":[{"taxonomy":"category","embeddable":true,"href":"https:\/\/radiorevelacionfm.cl\/index.php?rest_route=%2Fwp%2Fv2%2Fcategories&post=37438"},{"taxonomy":"post_tag","embeddable":true,"href":"https:\/\/radiorevelacionfm.cl\/index.php?rest_route=%2Fwp%2Fv2%2Ftags&post=37438"}],"curies":[{"name":"wp","href":"https:\/\/api.w.org\/{rel}","templated":true}]}}