{"id":37434,"date":"2023-11-28T09:56:01","date_gmt":"2023-11-28T12:56:01","guid":{"rendered":"https:\/\/radiorevelacionfm.cl\/?p=37434"},"modified":"2023-11-28T09:56:01","modified_gmt":"2023-11-28T12:56:01","slug":"calisto-pide-agilizar-tramitacion-para-los-comites-que-proyectan-sus-casas-en-la-chacra-g-2","status":"publish","type":"post","link":"https:\/\/radiorevelacionfm.cl\/?p=37434","title":{"rendered":"Calisto pide agilizar tramitaci\u00f3n para los comit\u00e9s que proyectan sus casas en la Chacra G 2"},"content":{"rendered":"<div class=\"flex_column av_one_full  flex_column_div av-zero-column-padding first  avia-builder-el-0  el_before_av_one_full  avia-builder-el-first  \" style='border-radius:0px; '><div  class='avia-image-container  av-styling-    avia-builder-el-1  avia-builder-el-no-sibling  avia-align-center '  itemprop=\"image\" itemscope=\"itemscope\" itemtype=\"https:\/\/schema.org\/ImageObject\"  ><div class='avia-image-container-inner'><div class='avia-image-overlay-wrap'><img decoding=\"async\" class='wp-image-37436 avia-img-lazy-loading-not-37436 avia_image' src=\"https:\/\/radiorevelacionfm.cl\/wp-content\/uploads\/2023\/11\/foto-calisto-reu-comitEs-2_optimized.jpg\" alt='' title='foto-calisto-reu-comit\u00c9s-(2)_optimized' height=\"600\" width=\"902\"  itemprop=\"thumbnailUrl\" srcset=\"https:\/\/radiorevelacionfm.cl\/wp-content\/uploads\/2023\/11\/foto-calisto-reu-comitEs-2_optimized.jpg 902w, https:\/\/radiorevelacionfm.cl\/wp-content\/uploads\/2023\/11\/foto-calisto-reu-comitEs-2_optimized-300x200.jpg 300w, https:\/\/radiorevelacionfm.cl\/wp-content\/uploads\/2023\/11\/foto-calisto-reu-comitEs-2_optimized-768x511.jpg 768w, https:\/\/radiorevelacionfm.cl\/wp-content\/uploads\/2023\/11\/foto-calisto-reu-comitEs-2_optimized-705x469.jpg 705w, https:\/\/radiorevelacionfm.cl\/wp-content\/uploads\/2023\/11\/foto-calisto-reu-comitEs-2_optimized-450x299.jpg 450w, https:\/\/radiorevelacionfm.cl\/wp-content\/uploads\/2023\/11\/foto-calisto-reu-comitEs-2_optimized-600x399.jpg 600w\" sizes=\"(max-width: 902px) 100vw, 902px\" \/><\/div><\/div><\/div><\/div><div class=\"flex_column av_one_full  flex_column_div av-zero-column-padding first  avia-builder-el-2  el_after_av_one_full  el_before_av_one_full  column-top-margin\" style='border-radius:0px; '><section class=\"av_textblock_section \"  itemscope=\"itemscope\" itemtype=\"https:\/\/schema.org\/BlogPosting\" itemprop=\"blogPost\" ><div class='avia_textblock  '   itemprop=\"text\" ><p style=\"text-align: center;\"><span style=\"font-size: 18pt;\"><b><span lang=\"ES\">Calisto pide agilizar tramitaci\u00f3n para los comit\u00e9s que proyectan sus casas en la Chacra G 2<\/span><\/b><\/span><\/p>\n<div id=\"gtx-trans\" style=\"position: absolute; left: -50px; top: 4.31534px;\">\n<div class=\"gtx-trans-icon\"><\/div>\n<\/div>\n<\/div><\/section><\/div><div class=\"flex_column av_one_full  flex_column_div av-zero-column-padding first  avia-builder-el-4  el_after_av_one_full  el_before_av_hr  column-top-margin\" style='border-radius:0px; '><section class=\"av_textblock_section \"  itemscope=\"itemscope\" itemtype=\"https:\/\/schema.org\/BlogPosting\" itemprop=\"blogPost\" ><div class='avia_textblock  '   itemprop=\"text\" ><p style=\"font-weight: 400; text-align: justify;\">El diputado Miguel \u00c1ngel Calisto particip\u00f3 este fin de semana en una masiva reuni\u00f3n con las familias de los comit\u00e9s de vivienda que proyectan sus casas en la denominada Chacra G2, \u00a0Casa Nueva, Coirones del Sur, 15 de mayo y Esperanza de la Patagonia, instancia donde plante\u00f3 la importancia de agilizar este proyecto habitacional.<\/p>\n<p style=\"font-weight: 400; text-align: justify;\">En la reuni\u00f3n participaron otras autoridades, como la Seremi de Vivienda, Paulina Ruz, la Diputada Marcia Raphael, el alcalde de Coyhaique, Carlos Gatica y el Consejero Regional Felipe Klein, entre otros.<\/p>\n<p style=\"font-weight: 400; text-align: justify;\">Seg\u00fan el diputado Calisto \u201cestos comit\u00e9s eran de la Chacra G1, pero al no alcanzar el espacio para todas las viviendas, se reubicaron en la Chacra G2. Se trata de 169 familias que proyectan su casa propia en estos terrenos y a quienes estamos apoyando para que las gestiones salgan m\u00e1s r\u00e1pido\u201d.<\/p>\n<p style=\"font-weight: 400; text-align: justify;\">\u201cEl avance de este proyecto, depende del avance de la Chacra G1. Es importante que el Ministerio de Vivienda agilice los procesos de este tremendo proyecto habitacional, porque as\u00ed tambi\u00e9n va ir avanzando la segunda parte, que es la Chacra G2. Lamentablemente, hay que lidiar con la burocracia del estado y con el exceso de tr\u00e1mites que hay que realizar para que los proyectos avancen\u201d, afirm\u00f3.<\/p>\n<p style=\"font-weight: 400; text-align: justify;\">\u201cLos terrenos ya est\u00e1n, la disposici\u00f3n de subsidios tambi\u00e9n. Esperamos tener el inicio de obras de la Chacra G 1 este a\u00f1o, para que as\u00ed la Chacra G2 tambi\u00e9n avance\u201d.<\/p>\n<p style=\"font-weight: 400; text-align: justify;\">Por su parte, Ivonne Ovalle, dirigente de los comit\u00e9s, asegur\u00f3 que \u201cestuvimos en reuni\u00f3n con el diputado Calisto que nos ha apoyado harto. Tambi\u00e9n estuvo la Seremi, el director del Serviu, el alcalde y don Felipe Klein. Hay buenas noticias, porque se est\u00e1 avanzando en la Chacra G 2, en paralelo a la Chacra G1\u201d.<\/p>\n<p style=\"font-weight: 400; text-align: justify;\">Finalmente, el presidente del Comit\u00e9 Coirones del Sur, Cristian Sobarzo, se\u00f1al\u00f3 que \u201cestuvimos junto a muchas autoridades, la mayor\u00eda que nos ha estado apoyando hace bastante tiempo. Junto a las 160 familias vamos a tratar de presionar lo m\u00e1s posible para que se agilice la ampliaci\u00f3n de la Chacra G 2, que est\u00e1 un poco retrasado. Esperamos de aqu\u00ed a fin de a\u00f1o tengamos alguna respuesta respecto a la mec\u00e1nica de suelo y levantamiento topogr\u00e1fico, para saber c\u00f3mo ser\u00e1 la distribuci\u00f3n, como as\u00ed tambi\u00e9n el tema del agua potable\u201d.<\/p>\n<\/div><\/section><\/div><div  style='height:50px' class='hr hr-invisible   avia-builder-el-6  el_after_av_one_full  el_before_av_social_share '><span class='hr-inner ' ><span class='hr-inner-style'><\/span><\/span><\/div><\/p>\n<div  class='av-social-sharing-box  avia-builder-el-7  el_after_av_hr  el_before_av_hr  '><div class='av-share-box'><h5 class='av-share-link-description av-no-toc '>Compartir esta noticia<\/h5><ul class='av-share-box-list noLightbox'><li class='av-share-link av-social-link-facebook' ><a target=\"_blank\" aria-label=\"Compartir en Facebook\" href='https:\/\/www.facebook.com\/sharer.php?u=https:\/\/radiorevelacionfm.cl\/?p=37434&#038;t=Calisto%20pide%20agilizar%20tramitaci%C3%B3n%20para%20los%20comit%C3%A9s%20que%20proyectan%20sus%20casas%20en%20la%20Chacra%20G%202' aria-hidden='false' data-av_icon='\ue8f3' data-av_iconfont='entypo-fontello' title='' data-avia-related-tooltip='Compartir en Facebook' rel=\"noopener\"><span class='avia_hidden_link_text'>Compartir en Facebook<\/span><\/a><\/li><li class='av-share-link av-social-link-twitter' ><a target=\"_blank\" aria-label=\"Compartir en Twitter\" href='https:\/\/twitter.com\/share?text=Calisto%20pide%20agilizar%20tramitaci%C3%B3n%20para%20los%20comit%C3%A9s%20que%20proyectan%20sus%20casas%20en%20la%20Chacra%20G%202&#038;url=https:\/\/radiorevelacionfm.cl\/?p=37434' aria-hidden='false' data-av_icon='\ue8f1' data-av_iconfont='entypo-fontello' title='' data-avia-related-tooltip='Compartir en Twitter' rel=\"noopener\"><span class='avia_hidden_link_text'>Compartir en Twitter<\/span><\/a><\/li><li class='av-share-link av-social-link-whatsapp' ><a target=\"_blank\" aria-label=\"Compartir en Whatsapp\" href='https:\/\/api.whatsapp.com\/send?text=https:\/\/radiorevelacionfm.cl\/?p=37434' aria-hidden='false' data-av_icon='\uf232' data-av_iconfont='entypo-fontello' title='' data-avia-related-tooltip='Compartir en Whatsapp' rel=\"noopener\"><span class='avia_hidden_link_text'>Compartir en Whatsapp<\/span><\/a><\/li><li class='av-share-link av-social-link-linkedin' ><a target=\"_blank\" aria-label=\"Compartir en LinkedIn\" href='https:\/\/linkedin.com\/shareArticle?mini=true&#038;title=Calisto%20pide%20agilizar%20tramitaci%C3%B3n%20para%20los%20comit%C3%A9s%20que%20proyectan%20sus%20casas%20en%20la%20Chacra%20G%202&#038;url=https:\/\/radiorevelacionfm.cl\/?p=37434' aria-hidden='false' data-av_icon='\ue8fc' data-av_iconfont='entypo-fontello' title='' data-avia-related-tooltip='Compartir en LinkedIn' rel=\"noopener\"><span class='avia_hidden_link_text'>Compartir en LinkedIn<\/span><\/a><\/li><li class='av-share-link av-social-link-mail' ><a  aria-label=\"Compartir por correo\" href='mailto:?subject=Calisto%20pide%20agilizar%20tramitaci%C3%B3n%20para%20los%20comit%C3%A9s%20que%20proyectan%20sus%20casas%20en%20la%20Chacra%20G%202&#038;body=https:\/\/radiorevelacionfm.cl\/?p=37434' aria-hidden='false' data-av_icon='\ue805' data-av_iconfont='entypo-fontello' title='' data-avia-related-tooltip='Compartir por correo'><span class='avia_hidden_link_text'>Compartir por correo<\/span><\/a><\/li><\/ul><\/div><\/div>\n<div  style='height:50px' class='hr hr-invisible   avia-builder-el-8  el_after_av_social_share  el_before_av_comments_list '><span class='hr-inner ' ><span class='hr-inner-style'><\/span><\/span><\/div>\n<div  class='av-buildercomment  av-blog-meta-html-info-disabled av-blog-meta-tag-disabled  '><\/div>\n","protected":false},"excerpt":{"rendered":"","protected":false},"author":1,"featured_media":37436,"comment_status":"open","ping_status":"open","sticky":false,"template":"","format":"standard","meta":{"footnotes":""},"categories":[35],"tags":[],"class_list":["post-37434","post","type-post","status-publish","format-standard","has-post-thumbnail","hentry","category-politica"],"jetpack_featured_media_url":"https:\/\/radiorevelacionfm.cl\/wp-content\/uploads\/2023\/11\/foto-calisto-reu-comitEs-2_optimized.jpg","_links":{"self":[{"href":"https:\/\/radiorevelacionfm.cl\/index.php?rest_route=\/wp\/v2\/posts\/37434","targetHints":{"allow":["GET"]}}],"collection":[{"href":"https:\/\/radiorevelacionfm.cl\/index.php?rest_route=\/wp\/v2\/posts"}],"about":[{"href":"https:\/\/radiorevelacionfm.cl\/index.php?rest_route=\/wp\/v2\/types\/post"}],"author":[{"embeddable":true,"href":"https:\/\/radiorevelacionfm.cl\/index.php?rest_route=\/wp\/v2\/users\/1"}],"replies":[{"embeddable":true,"href":"https:\/\/radiorevelacionfm.cl\/index.php?rest_route=%2Fwp%2Fv2%2Fcomments&post=37434"}],"version-history":[{"count":1,"href":"https:\/\/radiorevelacionfm.cl\/index.php?rest_route=\/wp\/v2\/posts\/37434\/revisions"}],"predecessor-version":[{"id":37437,"href":"https:\/\/radiorevelacionfm.cl\/index.php?rest_route=\/wp\/v2\/posts\/37434\/revisions\/37437"}],"wp:featuredmedia":[{"embeddable":true,"href":"https:\/\/radiorevelacionfm.cl\/index.php?rest_route=\/wp\/v2\/media\/37436"}],"wp:attachment":[{"href":"https:\/\/radiorevelacionfm.cl\/index.php?rest_route=%2Fwp%2Fv2%2Fmedia&parent=37434"}],"wp:term":[{"taxonomy":"category","embeddable":true,"href":"https:\/\/radiorevelacionfm.cl\/index.php?rest_route=%2Fwp%2Fv2%2Fcategories&post=37434"},{"taxonomy":"post_tag","embeddable":true,"href":"https:\/\/radiorevelacionfm.cl\/index.php?rest_route=%2Fwp%2Fv2%2Ftags&post=37434"}],"curies":[{"name":"wp","href":"https:\/\/api.w.org\/{rel}","templated":true}]}}