{"id":37431,"date":"2023-11-28T09:42:04","date_gmt":"2023-11-28T12:42:04","guid":{"rendered":"https:\/\/radiorevelacionfm.cl\/?p=37431"},"modified":"2023-11-28T09:42:04","modified_gmt":"2023-11-28T12:42:04","slug":"impulso-al-empleo-gobernadora-macias-firma-transferencia-de-casi-10-mil-millones-para-proyectos-municipales","status":"publish","type":"post","link":"https:\/\/radiorevelacionfm.cl\/?p=37431","title":{"rendered":"Impulso al empleo: Gobernadora Mac\u00edas firma transferencia de casi 10 mil millones para proyectos municipales"},"content":{"rendered":"<div class=\"flex_column av_one_full  flex_column_div av-zero-column-padding first  avia-builder-el-0  el_before_av_one_full  avia-builder-el-first  \" style='border-radius:0px; '><div  class='avia-image-container  av-styling-    avia-builder-el-1  avia-builder-el-no-sibling  avia-align-center '  itemprop=\"image\" itemscope=\"itemscope\" itemtype=\"https:\/\/schema.org\/ImageObject\"  ><div class='avia-image-container-inner'><div class='avia-image-overlay-wrap'><img decoding=\"async\" class='wp-image-37432 avia-img-lazy-loading-not-37432 avia_image' src=\"https:\/\/radiorevelacionfm.cl\/wp-content\/uploads\/2023\/11\/WhatsApp-Image-2023-11-27-at-5.57.10-PM-1-1.jpeg\" alt='' title='WhatsApp Image 2023-11-27 at 5.57.10 PM (1) (1)' height=\"600\" width=\"898\"  itemprop=\"thumbnailUrl\" srcset=\"https:\/\/radiorevelacionfm.cl\/wp-content\/uploads\/2023\/11\/WhatsApp-Image-2023-11-27-at-5.57.10-PM-1-1.jpeg 898w, https:\/\/radiorevelacionfm.cl\/wp-content\/uploads\/2023\/11\/WhatsApp-Image-2023-11-27-at-5.57.10-PM-1-1-300x200.jpeg 300w, https:\/\/radiorevelacionfm.cl\/wp-content\/uploads\/2023\/11\/WhatsApp-Image-2023-11-27-at-5.57.10-PM-1-1-768x513.jpeg 768w, https:\/\/radiorevelacionfm.cl\/wp-content\/uploads\/2023\/11\/WhatsApp-Image-2023-11-27-at-5.57.10-PM-1-1-705x471.jpeg 705w, https:\/\/radiorevelacionfm.cl\/wp-content\/uploads\/2023\/11\/WhatsApp-Image-2023-11-27-at-5.57.10-PM-1-1-450x301.jpeg 450w, https:\/\/radiorevelacionfm.cl\/wp-content\/uploads\/2023\/11\/WhatsApp-Image-2023-11-27-at-5.57.10-PM-1-1-600x401.jpeg 600w\" sizes=\"(max-width: 898px) 100vw, 898px\" \/><\/div><\/div><\/div><\/div><div class=\"flex_column av_one_full  flex_column_div av-zero-column-padding first  avia-builder-el-2  el_after_av_one_full  el_before_av_one_full  column-top-margin\" style='border-radius:0px; '><section class=\"av_textblock_section \"  itemscope=\"itemscope\" itemtype=\"https:\/\/schema.org\/BlogPosting\" itemprop=\"blogPost\" ><div class='avia_textblock  '   itemprop=\"text\" ><p style=\"text-align: center;\"><strong><span style=\"font-size: 18pt;\">Impulso al empleo: Gobernadora Mac\u00edas firma transferencia de casi 10 mil millones para proyectos municipales<\/span><\/strong><\/p>\n<div id=\"gtx-trans\" style=\"position: absolute; left: -50px; top: 4.31534px;\">\n<div class=\"gtx-trans-icon\"><\/div>\n<\/div>\n<\/div><\/section><\/div><div class=\"flex_column av_one_full  flex_column_div av-zero-column-padding first  avia-builder-el-4  el_after_av_one_full  el_before_av_hr  column-top-margin\" style='border-radius:0px; '><section class=\"av_textblock_section \"  itemscope=\"itemscope\" itemtype=\"https:\/\/schema.org\/BlogPosting\" itemprop=\"blogPost\" ><div class='avia_textblock  '   itemprop=\"text\" ><p dir=\"ltr\" style=\"text-align: justify;\">M\u00e1s de 9 mil millones de pesos ser\u00e1n transferidos desde el Gobierno Regional de Ays\u00e9n a los 10 municipios de la regi\u00f3n, recursos contemplados en el marco del Fondo Regional de Iniciativa Local (FRIL), los que significar\u00e1n una inyecci\u00f3n vital para la reactivaci\u00f3n econ\u00f3mica y generaci\u00f3n de empleo en toda la regi\u00f3n.<\/p>\n<p dir=\"ltr\" style=\"text-align: justify;\">Esto porque los recursos del FRIL, contemplan inversi\u00f3n en infraestructura vial y espacios p\u00fablicos, y la contrataci\u00f3n de mano de obra local como objetivos principales.<\/p>\n<p dir=\"ltr\" style=\"text-align: justify;\">Varios de los convenios de transferencia con los distintos municipios fueron firmados el pasado viernes en el GORE, tras lo cual la Gobernadora Andrea Mac\u00edas valor\u00f3 que se trate del \u00abresultado del trabajo conjunto y colaborativo entre los municipios y el Gobierno Regional. Son soluciones concretas para responder a demandas y requerimientos que surgen desde cada territorio\u00bb.<\/p>\n<p dir=\"ltr\" style=\"text-align: justify;\">Por su parte, la Consejera Regional Paula Acu\u00f1a, integrante de la comisi\u00f3n de Infraestructura del CORE valor\u00f3 justamente el objetivo econ\u00f3mico y social que tiene el FRIL: \u00abHaber aprobado estos recursos del FRIL genera empleo, genera mano de obra local en las distintas comunidades, pero adem\u00e1s viene a reactivar la econom\u00eda. Renovar espacios p\u00fablicos que hoy no est\u00e1n en las mejores condiciones pero hoy se permite que vayan mejorando\u00bb, dijo.<\/p>\n<p dir=\"ltr\" style=\"text-align: justify;\">En total son 54 iniciativas entre las diez comunas de la regi\u00f3n. Frente a esto, el presidente de la Asociaci\u00f3n Regional de Municipalidades de Ays\u00e9n (AREMU), Luperciano Mu\u00f1oz, agradeci\u00f3 \u00abal Gobierno Regional y a la Gobernadora en particular por el aumento constante y permanente que hemos tenido en proyectos FRIL\u00bb.<\/p>\n<p dir=\"ltr\" style=\"text-align: justify;\">Por su parte, el alcalde de la capital regional Coyhaique, Carlos Gatica, valor\u00f3 que estos proyectos\u00a0\u00abvan a mejorar significativamente las condiciones para poder adoptar el nuevo sistema de transporte p\u00fablico que esperamos prontamente se pueda aprobar\u00bb.<\/p>\n<p dir=\"ltr\" style=\"text-align: justify;\">Los proyectos FRIL asignados por la v\u00eda de Administraci\u00f3n Directa, significa que los Municipios dirigen desde la compra de materiales hasta la contrataci\u00f3n de la mano de obra local, a diferencia de aquellos que son licitados. Con esta serie de convenios, se calcula que 560 hombres y mujeres ver\u00e1n una oportunidad laboral.<\/p>\n<p dir=\"ltr\" style=\"text-align: justify;\">Los diez municipios de la Regi\u00f3n de Ays\u00e9n han podido realizar obras de mejoras en espacios urbanos, sedes comunitarias, espacios deportivos, entre otros. En lo que va de este a\u00f1o, con este fondo, ya se ha dispuesto de un fondo de 25.000 millones para disponer en distintas iniciativas.<\/p>\n<p dir=\"ltr\" style=\"text-align: justify;\">Cabe mencionar, que el a\u00f1o pasado a ra\u00edz de una indicaci\u00f3n del Gobierno Regional de Ays\u00e9n se logr\u00f3 aumentar el fondo por cada iniciativa de 2.500 a 3.000 UTM, es decir, aumentar a 185 millones los proyectos que presentan los municipios, lo que finalmente se traduce en mejores proyectos y m\u00e1s plazas laborales creadas.<\/p>\n<\/div><\/section><\/div><div  style='height:50px' class='hr hr-invisible   avia-builder-el-6  el_after_av_one_full  el_before_av_social_share '><span class='hr-inner ' ><span class='hr-inner-style'><\/span><\/span><\/div><\/p>\n<div  class='av-social-sharing-box  avia-builder-el-7  el_after_av_hr  el_before_av_hr  '><div class='av-share-box'><h5 class='av-share-link-description av-no-toc '>Compartir esta noticia<\/h5><ul class='av-share-box-list noLightbox'><li class='av-share-link av-social-link-facebook' ><a target=\"_blank\" aria-label=\"Compartir en Facebook\" href='https:\/\/www.facebook.com\/sharer.php?u=https:\/\/radiorevelacionfm.cl\/?p=37431&#038;t=Impulso%20al%20empleo%3A%20Gobernadora%20Mac%C3%ADas%20firma%20transferencia%20de%20casi%2010%20mil%20millones%20para%20proyectos%20municipales' aria-hidden='false' data-av_icon='\ue8f3' data-av_iconfont='entypo-fontello' title='' data-avia-related-tooltip='Compartir en Facebook' rel=\"noopener\"><span class='avia_hidden_link_text'>Compartir en Facebook<\/span><\/a><\/li><li class='av-share-link av-social-link-twitter' ><a target=\"_blank\" aria-label=\"Compartir en Twitter\" href='https:\/\/twitter.com\/share?text=Impulso%20al%20empleo%3A%20Gobernadora%20Mac%C3%ADas%20firma%20transferencia%20de%20casi%2010%20mil%20millones%20para%20proyectos%20municipales&#038;url=https:\/\/radiorevelacionfm.cl\/?p=37431' aria-hidden='false' data-av_icon='\ue8f1' data-av_iconfont='entypo-fontello' title='' data-avia-related-tooltip='Compartir en Twitter' rel=\"noopener\"><span class='avia_hidden_link_text'>Compartir en Twitter<\/span><\/a><\/li><li class='av-share-link av-social-link-whatsapp' ><a target=\"_blank\" aria-label=\"Compartir en Whatsapp\" href='https:\/\/api.whatsapp.com\/send?text=https:\/\/radiorevelacionfm.cl\/?p=37431' aria-hidden='false' data-av_icon='\uf232' data-av_iconfont='entypo-fontello' title='' data-avia-related-tooltip='Compartir en Whatsapp' rel=\"noopener\"><span class='avia_hidden_link_text'>Compartir en Whatsapp<\/span><\/a><\/li><li class='av-share-link av-social-link-linkedin' ><a target=\"_blank\" aria-label=\"Compartir en LinkedIn\" href='https:\/\/linkedin.com\/shareArticle?mini=true&#038;title=Impulso%20al%20empleo%3A%20Gobernadora%20Mac%C3%ADas%20firma%20transferencia%20de%20casi%2010%20mil%20millones%20para%20proyectos%20municipales&#038;url=https:\/\/radiorevelacionfm.cl\/?p=37431' aria-hidden='false' data-av_icon='\ue8fc' data-av_iconfont='entypo-fontello' title='' data-avia-related-tooltip='Compartir en LinkedIn' rel=\"noopener\"><span class='avia_hidden_link_text'>Compartir en LinkedIn<\/span><\/a><\/li><li class='av-share-link av-social-link-mail' ><a  aria-label=\"Compartir por correo\" href='mailto:?subject=Impulso%20al%20empleo%3A%20Gobernadora%20Mac%C3%ADas%20firma%20transferencia%20de%20casi%2010%20mil%20millones%20para%20proyectos%20municipales&#038;body=https:\/\/radiorevelacionfm.cl\/?p=37431' aria-hidden='false' data-av_icon='\ue805' data-av_iconfont='entypo-fontello' title='' data-avia-related-tooltip='Compartir por correo'><span class='avia_hidden_link_text'>Compartir por correo<\/span><\/a><\/li><\/ul><\/div><\/div>\n<div  style='height:50px' class='hr hr-invisible   avia-builder-el-8  el_after_av_social_share  el_before_av_comments_list '><span class='hr-inner ' ><span class='hr-inner-style'><\/span><\/span><\/div>\n<div  class='av-buildercomment  av-blog-meta-html-info-disabled av-blog-meta-tag-disabled  '><\/div>\n","protected":false},"excerpt":{"rendered":"","protected":false},"author":1,"featured_media":37432,"comment_status":"open","ping_status":"open","sticky":false,"template":"","format":"standard","meta":{"footnotes":""},"categories":[38],"tags":[],"class_list":["post-37431","post","type-post","status-publish","format-standard","has-post-thumbnail","hentry","category-regional"],"jetpack_featured_media_url":"https:\/\/radiorevelacionfm.cl\/wp-content\/uploads\/2023\/11\/WhatsApp-Image-2023-11-27-at-5.57.10-PM-1-1.jpeg","_links":{"self":[{"href":"https:\/\/radiorevelacionfm.cl\/index.php?rest_route=\/wp\/v2\/posts\/37431","targetHints":{"allow":["GET"]}}],"collection":[{"href":"https:\/\/radiorevelacionfm.cl\/index.php?rest_route=\/wp\/v2\/posts"}],"about":[{"href":"https:\/\/radiorevelacionfm.cl\/index.php?rest_route=\/wp\/v2\/types\/post"}],"author":[{"embeddable":true,"href":"https:\/\/radiorevelacionfm.cl\/index.php?rest_route=\/wp\/v2\/users\/1"}],"replies":[{"embeddable":true,"href":"https:\/\/radiorevelacionfm.cl\/index.php?rest_route=%2Fwp%2Fv2%2Fcomments&post=37431"}],"version-history":[{"count":1,"href":"https:\/\/radiorevelacionfm.cl\/index.php?rest_route=\/wp\/v2\/posts\/37431\/revisions"}],"predecessor-version":[{"id":37433,"href":"https:\/\/radiorevelacionfm.cl\/index.php?rest_route=\/wp\/v2\/posts\/37431\/revisions\/37433"}],"wp:featuredmedia":[{"embeddable":true,"href":"https:\/\/radiorevelacionfm.cl\/index.php?rest_route=\/wp\/v2\/media\/37432"}],"wp:attachment":[{"href":"https:\/\/radiorevelacionfm.cl\/index.php?rest_route=%2Fwp%2Fv2%2Fmedia&parent=37431"}],"wp:term":[{"taxonomy":"category","embeddable":true,"href":"https:\/\/radiorevelacionfm.cl\/index.php?rest_route=%2Fwp%2Fv2%2Fcategories&post=37431"},{"taxonomy":"post_tag","embeddable":true,"href":"https:\/\/radiorevelacionfm.cl\/index.php?rest_route=%2Fwp%2Fv2%2Ftags&post=37431"}],"curies":[{"name":"wp","href":"https:\/\/api.w.org\/{rel}","templated":true}]}}