{"id":37426,"date":"2023-11-27T18:34:44","date_gmt":"2023-11-27T21:34:44","guid":{"rendered":"https:\/\/radiorevelacionfm.cl\/?p=37426"},"modified":"2023-11-27T18:34:44","modified_gmt":"2023-11-27T21:34:44","slug":"organizan-multiples-conversatorios-sobre-conflictos-socioambientales-de-la-region","status":"publish","type":"post","link":"https:\/\/radiorevelacionfm.cl\/?p=37426","title":{"rendered":"Organizan m\u00faltiples conversatorios sobre conflictos socioambientales de la regi\u00f3n"},"content":{"rendered":"<div class=\"flex_column av_one_full  flex_column_div av-zero-column-padding first  avia-builder-el-0  el_before_av_one_full  avia-builder-el-first  \" style='border-radius:0px; '><div  class='avia-image-container  av-styling-    avia-builder-el-1  avia-builder-el-no-sibling  avia-align-center '  itemprop=\"image\" itemscope=\"itemscope\" itemtype=\"https:\/\/schema.org\/ImageObject\"  ><div class='avia-image-container-inner'><div class='avia-image-overlay-wrap'><img decoding=\"async\" class='wp-image-37427 avia-img-lazy-loading-not-37427 avia_image' src=\"https:\/\/radiorevelacionfm.cl\/wp-content\/uploads\/2023\/11\/puerto-guadal-1_optimized-1.jpeg\" alt='' title='puerto-guadal-(1)_optimized (1)' height=\"800\" width=\"800\"  itemprop=\"thumbnailUrl\" srcset=\"https:\/\/radiorevelacionfm.cl\/wp-content\/uploads\/2023\/11\/puerto-guadal-1_optimized-1.jpeg 800w, https:\/\/radiorevelacionfm.cl\/wp-content\/uploads\/2023\/11\/puerto-guadal-1_optimized-1-300x300.jpeg 300w, https:\/\/radiorevelacionfm.cl\/wp-content\/uploads\/2023\/11\/puerto-guadal-1_optimized-1-80x80.jpeg 80w, https:\/\/radiorevelacionfm.cl\/wp-content\/uploads\/2023\/11\/puerto-guadal-1_optimized-1-768x768.jpeg 768w, https:\/\/radiorevelacionfm.cl\/wp-content\/uploads\/2023\/11\/puerto-guadal-1_optimized-1-36x36.jpeg 36w, https:\/\/radiorevelacionfm.cl\/wp-content\/uploads\/2023\/11\/puerto-guadal-1_optimized-1-180x180.jpeg 180w, https:\/\/radiorevelacionfm.cl\/wp-content\/uploads\/2023\/11\/puerto-guadal-1_optimized-1-705x705.jpeg 705w, https:\/\/radiorevelacionfm.cl\/wp-content\/uploads\/2023\/11\/puerto-guadal-1_optimized-1-120x120.jpeg 120w, https:\/\/radiorevelacionfm.cl\/wp-content\/uploads\/2023\/11\/puerto-guadal-1_optimized-1-450x450.jpeg 450w, https:\/\/radiorevelacionfm.cl\/wp-content\/uploads\/2023\/11\/puerto-guadal-1_optimized-1-600x600.jpeg 600w, https:\/\/radiorevelacionfm.cl\/wp-content\/uploads\/2023\/11\/puerto-guadal-1_optimized-1-100x100.jpeg 100w\" sizes=\"(max-width: 800px) 100vw, 800px\" \/><\/div><\/div><\/div><\/div><div class=\"flex_column av_one_full  flex_column_div av-zero-column-padding first  avia-builder-el-2  el_after_av_one_full  el_before_av_one_full  column-top-margin\" style='border-radius:0px; '><section class=\"av_textblock_section \"  itemscope=\"itemscope\" itemtype=\"https:\/\/schema.org\/BlogPosting\" itemprop=\"blogPost\" ><div class='avia_textblock  '   itemprop=\"text\" ><p style=\"text-align: center;\"><span style=\"font-size: 18pt;\"><b><span lang=\"ES\">Organizan m<\/span><\/b><b><span lang=\"X-NONE\">\u00faltiples conversatorios sobre conflictos socioambientales de la regi\u00f3n<\/span><\/b><\/span><\/p>\n<div id=\"gtx-trans\" style=\"position: absolute; left: -50px; top: 4.31534px;\">\n<div class=\"gtx-trans-icon\"><\/div>\n<\/div>\n<\/div><\/section><\/div><div class=\"flex_column av_one_full  flex_column_div av-zero-column-padding first  avia-builder-el-4  el_after_av_one_full  el_before_av_hr  column-top-margin\" style='border-radius:0px; '><section class=\"av_textblock_section \"  itemscope=\"itemscope\" itemtype=\"https:\/\/schema.org\/BlogPosting\" itemprop=\"blogPost\" ><div class='avia_textblock  '   itemprop=\"text\" ><p class=\"v1gmail-MsoListParagraph\" style=\"text-align: justify;\"><i><span lang=\"ES\">ONG FIMA junto a CODESA y la Agrupaci\u00f3n Ays\u00e9n Reserva de Vida se han unido para actualizar la informaci<\/span><\/i><i><span lang=\"X-NONE\">\u00f3n de las acciones legales y administrativas que se han llevado adelante, as\u00ed como el estado del arte de la discusi\u00f3n en torno a las salmoneras en las \u00e1reas protegidas, las centrales hidroel\u00e9ctricas, los megaloteos, explotaci\u00f3n del sphagnum y el Servicio de Biodiversidad y \u00c1reas Protegidas.<\/span><\/i><\/p>\n<p class=\"v1MsoNormal\" style=\"text-align: justify;\"><span lang=\"ES\">Una serie de conversatorios sobre conflictos socioambientales que ocurren en distintos territorios de la regi<\/span><span lang=\"X-NONE\">\u00f3n de Ays\u00e9n se desarrollar\u00e1n desde este lunes y hasta el viernes.\u00a0<span class=\"v1gmail-Apple-converted-space\">\u00a0<\/span>Los encuentros son realizados por abogados de ONG FIMA junto a directivos de la Corporaci\u00f3n Privada para el Desarrollo de Ays\u00e9n (CODESA) y la Agrupaci\u00f3n Ays\u00e9n Reserva de Vida, que han impulsado m\u00faltiples acciones de difusi\u00f3n, incidencia pol\u00edtica y adem\u00e1s de acciones legales y administrativas.<\/span><\/p>\n<p class=\"v1MsoNormal\" style=\"text-align: justify;\"><span lang=\"X-NONE\">Este<span class=\"v1gmail-Apple-converted-space\">\u00a0<\/span>lunes, a partir de las 18 horas en la sede comunitaria de<span class=\"v1gmail-Apple-converted-space\">\u00a0<\/span>Puerto Guadal, se desarrollar\u00e1 la charla<span class=\"v1gmail-Apple-converted-space\">\u00a0<\/span>\u00ab<i>Sistema mediano General Carrera y proyecto hidroel\u00e9ctrico Los Maquis: Una mirada desde el Acuerdo de Escaz\u00fa\u00bb<\/i><i>.<\/i>\u00a0<span class=\"v1gmail-Apple-converted-space\">\u00a0<\/span>En \u00e9sta, se cuenta con el apoyo de la organizaci\u00f3n local Los Maquis Libre.\u00a0<span class=\"v1gmail-Apple-converted-space\">\u00a0<\/span><\/span><\/p>\n<p class=\"v1MsoNormal\" style=\"text-align: justify;\"><span lang=\"X-NONE\">El<span class=\"v1gmail-Apple-converted-space\">\u00a0<\/span>martes, en tanto, la AG Hielo Norte est\u00e1 convocando a un di\u00e1logo en<span class=\"v1gmail-Apple-converted-space\">\u00a0<\/span>Puerto R\u00edo Tranquilo<span class=\"v1gmail-Apple-converted-space\">\u00a0<\/span>a las 19 horas tambi\u00e9n en la sede comunitaria para abordar la presencia de las<span class=\"v1gmail-Apple-converted-space\">\u00a0<\/span>salmoneras en el Parque Nacional Laguna San Rafael y otras \u00e1reas protegidas, loteos, central Los Maquis y la ley que crea el Servicio de Biodiversidad y \u00c1reas Protegidas.<\/span><\/p>\n<p class=\"v1MsoNormal\" style=\"text-align: justify;\"><span lang=\"X-NONE\">En<span class=\"v1gmail-Apple-converted-space\">\u00a0<\/span>Coyhaique<span class=\"v1gmail-Apple-converted-space\">\u00a0<\/span>el conversatorio ser\u00e1 el<span class=\"v1gmail-Apple-converted-space\">\u00a0<\/span>jueves<span class=\"v1gmail-Apple-converted-space\">\u00a0<\/span>a las 19:15 horas en la tienda Villacleta Patagonia (Horn 40, local 212, segundo piso), con el tema<span class=\"v1gmail-Apple-converted-space\">\u00a0<\/span>\u00ab<i>Conflictos socioambientales en Ays\u00e9n: Perspectivas desde las organizaciones del territorio<\/i>\u00ab.\u00a0<span class=\"v1gmail-Apple-converted-space\">\u00a0<\/span><\/span><\/p>\n<p class=\"v1MsoNormal\" style=\"text-align: justify;\"><span lang=\"X-NONE\">El t\u00e9rmino de la gira ser\u00e1 el<span class=\"v1gmail-Apple-converted-space\">\u00a0<\/span>viernes<span class=\"v1gmail-Apple-converted-space\">\u00a0<\/span>en la casa de la cultura de Puerto Ays\u00e9n a las 18:30 horas, en conjunto con AyCiencia, donde se abordar\u00e1<span class=\"v1gmail-Apple-converted-space\">\u00a0<\/span>\u00ab<i>Turberas en peligro: Explotaci\u00f3n de sphagnum y avance de megaloteos en Ays\u00e9n<\/i>\u00ab.<\/span><\/p>\n<p class=\"v1MsoNormal\" style=\"text-align: justify;\"><span lang=\"X-NONE\">Desde las organizaciones se invit\u00f3 a todos y todas las interesadas a sumarse a estas jornadas de conversaci\u00f3n que ser\u00e1n una oportunidad para informarse sobre el estado del arte de algunos aspectos de materia socioambiental en Ays\u00e9n.<\/span><\/p>\n<\/div><\/section><\/div><div  style='height:50px' class='hr hr-invisible   avia-builder-el-6  el_after_av_one_full  el_before_av_social_share '><span class='hr-inner ' ><span class='hr-inner-style'><\/span><\/span><\/div><\/p>\n<div  class='av-social-sharing-box  avia-builder-el-7  el_after_av_hr  el_before_av_hr  '><div class='av-share-box'><h5 class='av-share-link-description av-no-toc '>Compartir esta noticia<\/h5><ul class='av-share-box-list noLightbox'><li class='av-share-link av-social-link-facebook' ><a target=\"_blank\" aria-label=\"Compartir en Facebook\" href='https:\/\/www.facebook.com\/sharer.php?u=https:\/\/radiorevelacionfm.cl\/?p=37426&#038;t=Organizan%20m%C3%BAltiples%20conversatorios%20sobre%20conflictos%20socioambientales%20de%20la%20regi%C3%B3n' aria-hidden='false' data-av_icon='\ue8f3' data-av_iconfont='entypo-fontello' title='' data-avia-related-tooltip='Compartir en Facebook' rel=\"noopener\"><span class='avia_hidden_link_text'>Compartir en Facebook<\/span><\/a><\/li><li class='av-share-link av-social-link-twitter' ><a target=\"_blank\" aria-label=\"Compartir en Twitter\" href='https:\/\/twitter.com\/share?text=Organizan%20m%C3%BAltiples%20conversatorios%20sobre%20conflictos%20socioambientales%20de%20la%20regi%C3%B3n&#038;url=https:\/\/radiorevelacionfm.cl\/?p=37426' aria-hidden='false' data-av_icon='\ue8f1' data-av_iconfont='entypo-fontello' title='' data-avia-related-tooltip='Compartir en Twitter' rel=\"noopener\"><span class='avia_hidden_link_text'>Compartir en Twitter<\/span><\/a><\/li><li class='av-share-link av-social-link-whatsapp' ><a target=\"_blank\" aria-label=\"Compartir en Whatsapp\" href='https:\/\/api.whatsapp.com\/send?text=https:\/\/radiorevelacionfm.cl\/?p=37426' aria-hidden='false' data-av_icon='\uf232' data-av_iconfont='entypo-fontello' title='' data-avia-related-tooltip='Compartir en Whatsapp' rel=\"noopener\"><span class='avia_hidden_link_text'>Compartir en Whatsapp<\/span><\/a><\/li><li class='av-share-link av-social-link-linkedin' ><a target=\"_blank\" aria-label=\"Compartir en LinkedIn\" href='https:\/\/linkedin.com\/shareArticle?mini=true&#038;title=Organizan%20m%C3%BAltiples%20conversatorios%20sobre%20conflictos%20socioambientales%20de%20la%20regi%C3%B3n&#038;url=https:\/\/radiorevelacionfm.cl\/?p=37426' aria-hidden='false' data-av_icon='\ue8fc' data-av_iconfont='entypo-fontello' title='' data-avia-related-tooltip='Compartir en LinkedIn' rel=\"noopener\"><span class='avia_hidden_link_text'>Compartir en LinkedIn<\/span><\/a><\/li><li class='av-share-link av-social-link-mail' ><a  aria-label=\"Compartir por correo\" href='mailto:?subject=Organizan%20m%C3%BAltiples%20conversatorios%20sobre%20conflictos%20socioambientales%20de%20la%20regi%C3%B3n&#038;body=https:\/\/radiorevelacionfm.cl\/?p=37426' aria-hidden='false' data-av_icon='\ue805' data-av_iconfont='entypo-fontello' title='' data-avia-related-tooltip='Compartir por correo'><span class='avia_hidden_link_text'>Compartir por correo<\/span><\/a><\/li><\/ul><\/div><\/div>\n<div  style='height:50px' class='hr hr-invisible   avia-builder-el-8  el_after_av_social_share  el_before_av_comments_list '><span class='hr-inner ' ><span class='hr-inner-style'><\/span><\/span><\/div>\n<div  class='av-buildercomment  av-blog-meta-html-info-disabled av-blog-meta-tag-disabled  '><\/div>\n","protected":false},"excerpt":{"rendered":"","protected":false},"author":1,"featured_media":37427,"comment_status":"open","ping_status":"open","sticky":false,"template":"","format":"standard","meta":{"footnotes":""},"categories":[39],"tags":[],"class_list":["post-37426","post","type-post","status-publish","format-standard","has-post-thumbnail","hentry","category-medio-ambiente"],"jetpack_featured_media_url":"https:\/\/radiorevelacionfm.cl\/wp-content\/uploads\/2023\/11\/puerto-guadal-1_optimized-1.jpeg","_links":{"self":[{"href":"https:\/\/radiorevelacionfm.cl\/index.php?rest_route=\/wp\/v2\/posts\/37426","targetHints":{"allow":["GET"]}}],"collection":[{"href":"https:\/\/radiorevelacionfm.cl\/index.php?rest_route=\/wp\/v2\/posts"}],"about":[{"href":"https:\/\/radiorevelacionfm.cl\/index.php?rest_route=\/wp\/v2\/types\/post"}],"author":[{"embeddable":true,"href":"https:\/\/radiorevelacionfm.cl\/index.php?rest_route=\/wp\/v2\/users\/1"}],"replies":[{"embeddable":true,"href":"https:\/\/radiorevelacionfm.cl\/index.php?rest_route=%2Fwp%2Fv2%2Fcomments&post=37426"}],"version-history":[{"count":1,"href":"https:\/\/radiorevelacionfm.cl\/index.php?rest_route=\/wp\/v2\/posts\/37426\/revisions"}],"predecessor-version":[{"id":37428,"href":"https:\/\/radiorevelacionfm.cl\/index.php?rest_route=\/wp\/v2\/posts\/37426\/revisions\/37428"}],"wp:featuredmedia":[{"embeddable":true,"href":"https:\/\/radiorevelacionfm.cl\/index.php?rest_route=\/wp\/v2\/media\/37427"}],"wp:attachment":[{"href":"https:\/\/radiorevelacionfm.cl\/index.php?rest_route=%2Fwp%2Fv2%2Fmedia&parent=37426"}],"wp:term":[{"taxonomy":"category","embeddable":true,"href":"https:\/\/radiorevelacionfm.cl\/index.php?rest_route=%2Fwp%2Fv2%2Fcategories&post=37426"},{"taxonomy":"post_tag","embeddable":true,"href":"https:\/\/radiorevelacionfm.cl\/index.php?rest_route=%2Fwp%2Fv2%2Ftags&post=37426"}],"curies":[{"name":"wp","href":"https:\/\/api.w.org\/{rel}","templated":true}]}}