{"id":37420,"date":"2023-11-27T18:02:22","date_gmt":"2023-11-27T21:02:22","guid":{"rendered":"https:\/\/radiorevelacionfm.cl\/?p=37420"},"modified":"2023-11-27T18:09:50","modified_gmt":"2023-11-27T21:09:50","slug":"en-el-mes-de-la-no-violencia-inauguran-centro-de-la-mujer-en-puerto-aysen","status":"publish","type":"post","link":"https:\/\/radiorevelacionfm.cl\/?p=37420","title":{"rendered":"En el mes de la No Violencia inauguran Centro de la Mujer en Puerto Ays\u00e9n"},"content":{"rendered":"<div class=\"flex_column av_one_full  flex_column_div av-zero-column-padding first  avia-builder-el-0  el_before_av_one_full  avia-builder-el-first  \" style='border-radius:0px; '><div  class='avia-image-container  av-styling-    avia-builder-el-1  avia-builder-el-no-sibling  avia-align-center '  itemprop=\"image\" itemscope=\"itemscope\" itemtype=\"https:\/\/schema.org\/ImageObject\"  ><div class='avia-image-container-inner'><div class='avia-image-overlay-wrap'><img decoding=\"async\" class='wp-image-37423 avia-img-lazy-loading-not-37423 avia_image' src=\"https:\/\/radiorevelacionfm.cl\/wp-content\/uploads\/2023\/11\/inaugracion-centro-2-1_optimized-1.jpg\" alt='' title='inaugracion-centro-2-(1)_optimized (1)' height=\"600\" width=\"1067\"  itemprop=\"thumbnailUrl\" srcset=\"https:\/\/radiorevelacionfm.cl\/wp-content\/uploads\/2023\/11\/inaugracion-centro-2-1_optimized-1.jpg 1067w, https:\/\/radiorevelacionfm.cl\/wp-content\/uploads\/2023\/11\/inaugracion-centro-2-1_optimized-1-300x169.jpg 300w, https:\/\/radiorevelacionfm.cl\/wp-content\/uploads\/2023\/11\/inaugracion-centro-2-1_optimized-1-1030x579.jpg 1030w, https:\/\/radiorevelacionfm.cl\/wp-content\/uploads\/2023\/11\/inaugracion-centro-2-1_optimized-1-768x432.jpg 768w, https:\/\/radiorevelacionfm.cl\/wp-content\/uploads\/2023\/11\/inaugracion-centro-2-1_optimized-1-705x396.jpg 705w, https:\/\/radiorevelacionfm.cl\/wp-content\/uploads\/2023\/11\/inaugracion-centro-2-1_optimized-1-450x253.jpg 450w, https:\/\/radiorevelacionfm.cl\/wp-content\/uploads\/2023\/11\/inaugracion-centro-2-1_optimized-1-600x337.jpg 600w\" sizes=\"(max-width: 1067px) 100vw, 1067px\" \/><\/div><\/div><\/div><\/div><div class=\"flex_column av_one_full  flex_column_div av-zero-column-padding first  avia-builder-el-2  el_after_av_one_full  el_before_av_one_full  column-top-margin\" style='border-radius:0px; '><section class=\"av_textblock_section \"  itemscope=\"itemscope\" itemtype=\"https:\/\/schema.org\/BlogPosting\" itemprop=\"blogPost\" ><div class='avia_textblock  '   itemprop=\"text\" ><p style=\"text-align: center;\"><strong><span style=\"font-size: 18pt;\">En el mes de la No Violencia inauguran Centro de la Mujer en Puerto Ays\u00e9n<\/span><\/strong><\/p>\n<div id=\"gtx-trans\" style=\"position: absolute; left: -50px; top: 4.31534px;\">\n<div class=\"gtx-trans-icon\"><\/div>\n<\/div>\n<\/div><\/section><\/div><\/p>\n<div class=\"flex_column av_one_full  flex_column_div av-zero-column-padding first  avia-builder-el-4  el_after_av_one_full  el_before_av_hr  column-top-margin\" style='border-radius:0px; '><section class=\"av_textblock_section \"  itemscope=\"itemscope\" itemtype=\"https:\/\/schema.org\/BlogPosting\" itemprop=\"blogPost\" ><div class='avia_textblock  '   itemprop=\"text\" ><p style=\"text-align: justify;\">En la actualidad, este centro funciona gracias a un convenio entre Sernameg y la Municipalidad de Ays\u00e9n, adem\u00e1s, posee una cobertura provincial.<\/p>\n<p style=\"text-align: justify;\">La jornada fue la instancia propicia para reconocer el rol que cada una de las personas cumple en el Centro de la Mujer, sumado a un reconocimiento especial para la profesora Patricia Araya quien junto a otro docente de m\u00fasica, brindaron un mini concierto a los asistentes.<\/p>\n<p style=\"text-align: justify;\">En una significativa ceremonia, autoridades regionales, provinciales y locales, encabezadas por el Alcalde Julio Uribe, la Directora Regional de Sernameg Patricia Baeza, el Delegado Provincial Jorge D\u00edaz, representantes de las polic\u00edas y empresas de la zona, se reunieron para inaugurar el Centro de la Mujer, que ahora se ubica en calle Serrano Montaner, muy pr\u00f3ximo a la arteria principal de Puerto Ays\u00e9n.<\/p>\n<p style=\"text-align: justify;\">Este espacio ofrece atenci\u00f3n psicosocial a mujeres que han sido v\u00edctimas de violencia intrafamiliar con sus actuales o ex parejas, adem\u00e1s, este recinto posee cobertura provincial, abarcando las comunas de Ays\u00e9n, Cisnes y Guaitecas.<\/p>\n<p style=\"text-align: justify;\">Junto con relevar el enorme trabajo del equipo del Centro de la Mujer, el Alcalde Julio Uribe, destac\u00f3 el hecho de que ahora cuentan con un espacio amplio, con la privacidad que consideran los casos y significa tambi\u00e9n una mejora en las condiciones labores y de atenci\u00f3n a las usuarias. \u201cInaugurando este Centro de la Mujer, instancia que sirvi\u00f3 tambi\u00e9n para felicitar a cada una de las trabajadoras y trabajadores que ac\u00e1 se desempe\u00f1an, debido a la gran labor hacia la comunidad que hoy se est\u00e1 entregando. Felices todo por esta inauguraci\u00f3n y por la puesta en marcha de un nuevo Centro de la Mujer\u201d.<\/p>\n<p style=\"text-align: justify;\">Por su parte, la Directora Regional de Sernameg, Patricia Baeza, resalt\u00f3 que ahora este tipo de centro que atiende a mujeres v\u00edctimas de violencia, han adoptado nuevas modalidades y pueden funcionar gracias al convenio vigente, en este caso, con la Municipalidad de Ays\u00e9n.<\/p>\n<p style=\"text-align: justify;\">\u201cTenemos un convenio como Servicio Nacional de la Mujer y Equidad de G\u00e9nero con el Municipio de Ays\u00e9n, el cual, nos permite generar un traspaso de recursos para poder instalar estos centros de atenci\u00f3n, que est\u00e1n enfocados en atender a mujeres v\u00edctimas de violencia, brindar apoyo, informaci\u00f3n, contenci\u00f3n, para una atenci\u00f3n integral en t\u00e9rminos de violencia. Estamos justamente como Servicio Nacional de la Mujer y Equidad de G\u00e9nero, transitando nuevos modelos de intervenci\u00f3n, que est\u00e1n enfocados ahora en seguridad, prevenci\u00f3n y con un enfoque comunitario\u201d.<\/p>\n<p style=\"text-align: justify;\">La coordinadora del Centro de la Mujer de Puerto Ays\u00e9n, Carla D\u00edaz, explico bajo que metodolog\u00edas realizan su labor.<\/p>\n<p style=\"text-align: justify;\">\u201cNosotros trabajamos con dos l\u00edneas, la l\u00ednea de atenci\u00f3n, protecci\u00f3n y reparaci\u00f3n, adem\u00e1s, con el \u00e1rea de prevenci\u00f3n. Nosotras estamos encargadas de trabajar con todas las mujeres que han sufrido violencia intrafamiliar en contexto de pareja o ex pareja, mayores de 18 a\u00f1os, tambi\u00e9n apoyamos en el \u00e1mbito reparatorio, ya sea, psicol\u00f3gico, legal, tambi\u00e9n tenemos trabajadora social, donde se hacen las primeras entrevistas. Este nuevo espacio, nos ayuda a tener pr\u00e1cticamente un hogar tanto para nosotros como las mujeres que atendemos, porque es un espacio m\u00e1s amplio, la infraestructura es m\u00e1s c\u00f3moda, para poder tener un trabajo digno con ellas\u201d.<\/p>\n<p style=\"text-align: justify;\">La jornada fue la instancia propicia para reconocer el rol que cada una de las personas cumple en el Centro de la Mujer, sumado a un reconocimiento especial para la profesora Patricia Araya, quien, junto a otro docente de m\u00fasica, brindaron un mini concierto a los asistentes.<\/p>\n<p style=\"text-align: justify;\">El Centro de La Mujer de Puerto Ays\u00e9n, que mantiene cobertura provincial, cuenta actualmente con psic\u00f3loga, trabajadora social, abogado, monitora, funcionaria dedicada al \u00e1rea de prevenci\u00f3n, personal administrativo y auxiliar de aseo.<\/p>\n<\/div><\/section><\/div>\n<div  style='height:50px' class='hr hr-invisible   avia-builder-el-6  el_after_av_one_full  el_before_av_social_share '><span class='hr-inner ' ><span class='hr-inner-style'><\/span><\/span><\/div>\n<div  class='av-social-sharing-box  avia-builder-el-7  el_after_av_hr  el_before_av_hr  '><div class='av-share-box'><h5 class='av-share-link-description av-no-toc '>Compartir esta noticia<\/h5><ul class='av-share-box-list noLightbox'><li class='av-share-link av-social-link-facebook' ><a target=\"_blank\" aria-label=\"Compartir en Facebook\" href='https:\/\/www.facebook.com\/sharer.php?u=https:\/\/radiorevelacionfm.cl\/?p=37420&#038;t=En%20el%20mes%20de%20la%20No%20Violencia%20inauguran%20Centro%20de%20la%20Mujer%20en%20Puerto%20Ays%C3%A9n' aria-hidden='false' data-av_icon='\ue8f3' data-av_iconfont='entypo-fontello' title='' data-avia-related-tooltip='Compartir en Facebook' rel=\"noopener\"><span class='avia_hidden_link_text'>Compartir en Facebook<\/span><\/a><\/li><li class='av-share-link av-social-link-twitter' ><a target=\"_blank\" aria-label=\"Compartir en Twitter\" href='https:\/\/twitter.com\/share?text=En%20el%20mes%20de%20la%20No%20Violencia%20inauguran%20Centro%20de%20la%20Mujer%20en%20Puerto%20Ays%C3%A9n&#038;url=https:\/\/radiorevelacionfm.cl\/?p=37420' aria-hidden='false' data-av_icon='\ue8f1' data-av_iconfont='entypo-fontello' title='' data-avia-related-tooltip='Compartir en Twitter' rel=\"noopener\"><span class='avia_hidden_link_text'>Compartir en Twitter<\/span><\/a><\/li><li class='av-share-link av-social-link-whatsapp' ><a target=\"_blank\" aria-label=\"Compartir en Whatsapp\" href='https:\/\/api.whatsapp.com\/send?text=https:\/\/radiorevelacionfm.cl\/?p=37420' aria-hidden='false' data-av_icon='\uf232' data-av_iconfont='entypo-fontello' title='' data-avia-related-tooltip='Compartir en Whatsapp' rel=\"noopener\"><span class='avia_hidden_link_text'>Compartir en Whatsapp<\/span><\/a><\/li><li class='av-share-link av-social-link-linkedin' ><a target=\"_blank\" aria-label=\"Compartir en LinkedIn\" href='https:\/\/linkedin.com\/shareArticle?mini=true&#038;title=En%20el%20mes%20de%20la%20No%20Violencia%20inauguran%20Centro%20de%20la%20Mujer%20en%20Puerto%20Ays%C3%A9n&#038;url=https:\/\/radiorevelacionfm.cl\/?p=37420' aria-hidden='false' data-av_icon='\ue8fc' data-av_iconfont='entypo-fontello' title='' data-avia-related-tooltip='Compartir en LinkedIn' rel=\"noopener\"><span class='avia_hidden_link_text'>Compartir en LinkedIn<\/span><\/a><\/li><li class='av-share-link av-social-link-mail' ><a  aria-label=\"Compartir por correo\" href='mailto:?subject=En%20el%20mes%20de%20la%20No%20Violencia%20inauguran%20Centro%20de%20la%20Mujer%20en%20Puerto%20Ays%C3%A9n&#038;body=https:\/\/radiorevelacionfm.cl\/?p=37420' aria-hidden='false' data-av_icon='\ue805' data-av_iconfont='entypo-fontello' title='' data-avia-related-tooltip='Compartir por correo'><span class='avia_hidden_link_text'>Compartir por correo<\/span><\/a><\/li><\/ul><\/div><\/div>\n<div  style='height:50px' class='hr hr-invisible   avia-builder-el-8  el_after_av_social_share  el_before_av_comments_list '><span class='hr-inner ' ><span class='hr-inner-style'><\/span><\/span><\/div>\n<div  class='av-buildercomment  av-blog-meta-html-info-disabled av-blog-meta-tag-disabled  '><\/div>\n","protected":false},"excerpt":{"rendered":"","protected":false},"author":1,"featured_media":37423,"comment_status":"open","ping_status":"open","sticky":false,"template":"","format":"standard","meta":{"footnotes":""},"categories":[38],"tags":[],"class_list":["post-37420","post","type-post","status-publish","format-standard","has-post-thumbnail","hentry","category-regional"],"jetpack_featured_media_url":"https:\/\/radiorevelacionfm.cl\/wp-content\/uploads\/2023\/11\/inaugracion-centro-2-1_optimized-1.jpg","_links":{"self":[{"href":"https:\/\/radiorevelacionfm.cl\/index.php?rest_route=\/wp\/v2\/posts\/37420","targetHints":{"allow":["GET"]}}],"collection":[{"href":"https:\/\/radiorevelacionfm.cl\/index.php?rest_route=\/wp\/v2\/posts"}],"about":[{"href":"https:\/\/radiorevelacionfm.cl\/index.php?rest_route=\/wp\/v2\/types\/post"}],"author":[{"embeddable":true,"href":"https:\/\/radiorevelacionfm.cl\/index.php?rest_route=\/wp\/v2\/users\/1"}],"replies":[{"embeddable":true,"href":"https:\/\/radiorevelacionfm.cl\/index.php?rest_route=%2Fwp%2Fv2%2Fcomments&post=37420"}],"version-history":[{"count":3,"href":"https:\/\/radiorevelacionfm.cl\/index.php?rest_route=\/wp\/v2\/posts\/37420\/revisions"}],"predecessor-version":[{"id":37425,"href":"https:\/\/radiorevelacionfm.cl\/index.php?rest_route=\/wp\/v2\/posts\/37420\/revisions\/37425"}],"wp:featuredmedia":[{"embeddable":true,"href":"https:\/\/radiorevelacionfm.cl\/index.php?rest_route=\/wp\/v2\/media\/37423"}],"wp:attachment":[{"href":"https:\/\/radiorevelacionfm.cl\/index.php?rest_route=%2Fwp%2Fv2%2Fmedia&parent=37420"}],"wp:term":[{"taxonomy":"category","embeddable":true,"href":"https:\/\/radiorevelacionfm.cl\/index.php?rest_route=%2Fwp%2Fv2%2Fcategories&post=37420"},{"taxonomy":"post_tag","embeddable":true,"href":"https:\/\/radiorevelacionfm.cl\/index.php?rest_route=%2Fwp%2Fv2%2Ftags&post=37420"}],"curies":[{"name":"wp","href":"https:\/\/api.w.org\/{rel}","templated":true}]}}