{"id":37418,"date":"2023-11-27T19:50:00","date_gmt":"2023-11-27T22:50:00","guid":{"rendered":"https:\/\/radiorevelacionfm.cl\/?p=37418"},"modified":"2023-11-27T19:50:00","modified_gmt":"2023-11-27T22:50:00","slug":"con-1-859-inscritos-en-aysen-comienza-aplicacion-de-la-prueba-de-acceso-a-la-educacion-superior-paes","status":"publish","type":"post","link":"https:\/\/radiorevelacionfm.cl\/?p=37418","title":{"rendered":"Con 1.859 inscritos en Ays\u00e9n comienza aplicaci\u00f3n de la Prueba de Acceso a la Educaci\u00f3n Superior (PAES)"},"content":{"rendered":"<div class=\"flex_column av_one_full  flex_column_div av-zero-column-padding first  avia-builder-el-0  el_before_av_one_full  avia-builder-el-first  \" style='border-radius:0px; '><div  class='avia-image-container  av-styling-    avia-builder-el-1  avia-builder-el-no-sibling  avia-align-center '  itemprop=\"image\" itemscope=\"itemscope\" itemtype=\"https:\/\/schema.org\/ImageObject\"  ><div class='avia-image-container-inner'><div class='avia-image-overlay-wrap'><img decoding=\"async\" class='wp-image-12969 avia-img-lazy-loading-not-12969 avia_image' src=\"https:\/\/radiorevelacionfm.cl\/wp-content\/uploads\/2022\/01\/PAES-1-1.jpg\" alt='' title='PAES (1) (1)' height=\"600\" width=\"900\"  itemprop=\"thumbnailUrl\" srcset=\"https:\/\/radiorevelacionfm.cl\/wp-content\/uploads\/2022\/01\/PAES-1-1.jpg 900w, https:\/\/radiorevelacionfm.cl\/wp-content\/uploads\/2022\/01\/PAES-1-1-300x200.jpg 300w, https:\/\/radiorevelacionfm.cl\/wp-content\/uploads\/2022\/01\/PAES-1-1-768x512.jpg 768w, https:\/\/radiorevelacionfm.cl\/wp-content\/uploads\/2022\/01\/PAES-1-1-705x470.jpg 705w, https:\/\/radiorevelacionfm.cl\/wp-content\/uploads\/2022\/01\/PAES-1-1-600x400.jpg 600w\" sizes=\"(max-width: 900px) 100vw, 900px\" \/><\/div><\/div><\/div><\/div><div class=\"flex_column av_one_full  flex_column_div av-zero-column-padding first  avia-builder-el-2  el_after_av_one_full  el_before_av_one_full  column-top-margin\" style='border-radius:0px; '><section class=\"av_textblock_section \"  itemscope=\"itemscope\" itemtype=\"https:\/\/schema.org\/BlogPosting\" itemprop=\"blogPost\" ><div class='avia_textblock  '   itemprop=\"text\" ><p style=\"text-align: center;\"><strong><span style=\"font-size: 18pt;\">Con 1.859 inscritos en Ays\u00e9n comienza aplicaci\u00f3n de la Prueba de Acceso a la Educaci\u00f3n Superior (PAES) <\/span><\/strong><\/p>\n<div id=\"gtx-trans\" style=\"position: absolute; left: -50px; top: 4.31534px;\">\n<div class=\"gtx-trans-icon\"><\/div>\n<\/div>\n<\/div><\/section><\/div><div class=\"flex_column av_one_full  flex_column_div av-zero-column-padding first  avia-builder-el-4  el_after_av_one_full  el_before_av_hr  column-top-margin\" style='border-radius:0px; '><section class=\"av_textblock_section \"  itemscope=\"itemscope\" itemtype=\"https:\/\/schema.org\/BlogPosting\" itemprop=\"blogPost\" ><div class='avia_textblock  '   itemprop=\"text\" ><p class=\"v1MsoNormal\" style=\"text-align: justify;\">Un total de 287.599 inscritos comenzar\u00e1n a rendir la tarde de este lunes la Prueba de Acceso a la Educaci\u00f3n Superior (PAES) para la admisi\u00f3n 2024. Son 12.386 personas inscritas m\u00e1s que el a\u00f1o pasado, lo que representa un aumento del 4,5%.<\/p>\n<p class=\"v1MsoNormal\" style=\"text-align: justify;\">El proceso se realizar\u00e1 en 196 sedes (o comunas) y 758 locales de rendici\u00f3n en todo Chile. Uno de esos locales es el Liceo Eugenio Pereira Salas, de Pedro Aguirre Cerda, que este lunes fue visitado por autoridades nacionales para supervisar la instalaci\u00f3n de los equipos para la aplicaci\u00f3n de las pruebas. La visita cont\u00f3 con la presencia del subsecretario de Educaci\u00f3n Superior, V\u00edctor Orellana; el vicerrector de Asuntos Acad\u00e9micos de la Universidad de Chile, Claudio Pastenes; y la directora del DEMRE, Leonor Varas.<\/p>\n<p class=\"v1MsoNormal\" style=\"text-align: justify;\">La Seremi de Educaci\u00f3n de Ays\u00e9n Isabel Garrido inform\u00f3 que en la Regi\u00f3n de Ays\u00e9n hay 1.859 inscritos para rendir las pruebas en 15 locales de aplicaci\u00f3n distribuidos desde Melinka a Villa O\u00b4Higgins.<\/p>\n<p class=\"v1MsoNormal\" style=\"text-align: justify;\">\u201cPara nuestro gobierno es de suma importancia consolidar hacia un sistema que avance hacia una mayor equidad. La PAES mide competencias y habilidades complejas, no conocimientos memoristicos c\u00f3mo las pruebas anteriores. Los resultados de la PAES muestran que predice mejor el desempe\u00f1o en la educaci\u00f3n superior y adem\u00e1s reduce brechas sociales\u201d, coment\u00f3 la titular de Educaci\u00f3n en la regi\u00f3n..<\/p>\n<p class=\"v1MsoNormal\" style=\"text-align: justify;\">Isabel Garrido agreg\u00f3 que \u201cEste es un hito clave para la continuidad de las trayectorias educativas de las y los estudiantes, por lo que les invitamos a informarse a trav\u00e9s de nuestros canales del Mineduc, a fin de que tomen decisiones bien informadas y puedan dar la prueba sin inconvenientes. Les invitamos a vivir este momento con tranquilidad y con la certeza de que el proceso de aplicaci\u00f3n de las pruebas es preparado por el DEMRE y el Mineduc, para asegurar que quienes las rinden lo hagan en igualdad de condiciones\u201d.<\/p>\n<\/div><\/section><\/div><div  style='height:50px' class='hr hr-invisible   avia-builder-el-6  el_after_av_one_full  el_before_av_social_share '><span class='hr-inner ' ><span class='hr-inner-style'><\/span><\/span><\/div><\/p>\n<div  class='av-social-sharing-box  avia-builder-el-7  el_after_av_hr  el_before_av_hr  '><div class='av-share-box'><h5 class='av-share-link-description av-no-toc '>Compartir esta noticia<\/h5><ul class='av-share-box-list noLightbox'><li class='av-share-link av-social-link-facebook' ><a target=\"_blank\" aria-label=\"Compartir en Facebook\" href='https:\/\/www.facebook.com\/sharer.php?u=https:\/\/radiorevelacionfm.cl\/?p=37418&#038;t=Con%201.859%20inscritos%20en%20Ays%C3%A9n%20comienza%20aplicaci%C3%B3n%20de%20la%20Prueba%20de%20Acceso%20a%20la%20Educaci%C3%B3n%20Superior%20%28PAES%29' aria-hidden='false' data-av_icon='\ue8f3' data-av_iconfont='entypo-fontello' title='' data-avia-related-tooltip='Compartir en Facebook' rel=\"noopener\"><span class='avia_hidden_link_text'>Compartir en Facebook<\/span><\/a><\/li><li class='av-share-link av-social-link-twitter' ><a target=\"_blank\" aria-label=\"Compartir en Twitter\" href='https:\/\/twitter.com\/share?text=Con%201.859%20inscritos%20en%20Ays%C3%A9n%20comienza%20aplicaci%C3%B3n%20de%20la%20Prueba%20de%20Acceso%20a%20la%20Educaci%C3%B3n%20Superior%20%28PAES%29&#038;url=https:\/\/radiorevelacionfm.cl\/?p=37418' aria-hidden='false' data-av_icon='\ue8f1' data-av_iconfont='entypo-fontello' title='' data-avia-related-tooltip='Compartir en Twitter' rel=\"noopener\"><span class='avia_hidden_link_text'>Compartir en Twitter<\/span><\/a><\/li><li class='av-share-link av-social-link-whatsapp' ><a target=\"_blank\" aria-label=\"Compartir en Whatsapp\" href='https:\/\/api.whatsapp.com\/send?text=https:\/\/radiorevelacionfm.cl\/?p=37418' aria-hidden='false' data-av_icon='\uf232' data-av_iconfont='entypo-fontello' title='' data-avia-related-tooltip='Compartir en Whatsapp' rel=\"noopener\"><span class='avia_hidden_link_text'>Compartir en Whatsapp<\/span><\/a><\/li><li class='av-share-link av-social-link-linkedin' ><a target=\"_blank\" aria-label=\"Compartir en LinkedIn\" href='https:\/\/linkedin.com\/shareArticle?mini=true&#038;title=Con%201.859%20inscritos%20en%20Ays%C3%A9n%20comienza%20aplicaci%C3%B3n%20de%20la%20Prueba%20de%20Acceso%20a%20la%20Educaci%C3%B3n%20Superior%20%28PAES%29&#038;url=https:\/\/radiorevelacionfm.cl\/?p=37418' aria-hidden='false' data-av_icon='\ue8fc' data-av_iconfont='entypo-fontello' title='' data-avia-related-tooltip='Compartir en LinkedIn' rel=\"noopener\"><span class='avia_hidden_link_text'>Compartir en LinkedIn<\/span><\/a><\/li><li class='av-share-link av-social-link-mail' ><a  aria-label=\"Compartir por correo\" href='mailto:?subject=Con%201.859%20inscritos%20en%20Ays%C3%A9n%20comienza%20aplicaci%C3%B3n%20de%20la%20Prueba%20de%20Acceso%20a%20la%20Educaci%C3%B3n%20Superior%20%28PAES%29&#038;body=https:\/\/radiorevelacionfm.cl\/?p=37418' aria-hidden='false' data-av_icon='\ue805' data-av_iconfont='entypo-fontello' title='' data-avia-related-tooltip='Compartir por correo'><span class='avia_hidden_link_text'>Compartir por correo<\/span><\/a><\/li><\/ul><\/div><\/div>\n<div  style='height:50px' class='hr hr-invisible   avia-builder-el-8  el_after_av_social_share  el_before_av_comments_list '><span class='hr-inner ' ><span class='hr-inner-style'><\/span><\/span><\/div>\n<div  class='av-buildercomment  av-blog-meta-html-info-disabled av-blog-meta-tag-disabled  '><\/div>\n","protected":false},"excerpt":{"rendered":"","protected":false},"author":1,"featured_media":12969,"comment_status":"open","ping_status":"open","sticky":false,"template":"","format":"standard","meta":{"footnotes":""},"categories":[49],"tags":[],"class_list":["post-37418","post","type-post","status-publish","format-standard","has-post-thumbnail","hentry","category-educacion"],"jetpack_featured_media_url":"https:\/\/radiorevelacionfm.cl\/wp-content\/uploads\/2022\/01\/PAES-1-1.jpg","_links":{"self":[{"href":"https:\/\/radiorevelacionfm.cl\/index.php?rest_route=\/wp\/v2\/posts\/37418","targetHints":{"allow":["GET"]}}],"collection":[{"href":"https:\/\/radiorevelacionfm.cl\/index.php?rest_route=\/wp\/v2\/posts"}],"about":[{"href":"https:\/\/radiorevelacionfm.cl\/index.php?rest_route=\/wp\/v2\/types\/post"}],"author":[{"embeddable":true,"href":"https:\/\/radiorevelacionfm.cl\/index.php?rest_route=\/wp\/v2\/users\/1"}],"replies":[{"embeddable":true,"href":"https:\/\/radiorevelacionfm.cl\/index.php?rest_route=%2Fwp%2Fv2%2Fcomments&post=37418"}],"version-history":[{"count":1,"href":"https:\/\/radiorevelacionfm.cl\/index.php?rest_route=\/wp\/v2\/posts\/37418\/revisions"}],"predecessor-version":[{"id":37419,"href":"https:\/\/radiorevelacionfm.cl\/index.php?rest_route=\/wp\/v2\/posts\/37418\/revisions\/37419"}],"wp:featuredmedia":[{"embeddable":true,"href":"https:\/\/radiorevelacionfm.cl\/index.php?rest_route=\/wp\/v2\/media\/12969"}],"wp:attachment":[{"href":"https:\/\/radiorevelacionfm.cl\/index.php?rest_route=%2Fwp%2Fv2%2Fmedia&parent=37418"}],"wp:term":[{"taxonomy":"category","embeddable":true,"href":"https:\/\/radiorevelacionfm.cl\/index.php?rest_route=%2Fwp%2Fv2%2Fcategories&post=37418"},{"taxonomy":"post_tag","embeddable":true,"href":"https:\/\/radiorevelacionfm.cl\/index.php?rest_route=%2Fwp%2Fv2%2Ftags&post=37418"}],"curies":[{"name":"wp","href":"https:\/\/api.w.org\/{rel}","templated":true}]}}