{"id":37415,"date":"2023-11-27T16:31:45","date_gmt":"2023-11-27T19:31:45","guid":{"rendered":"https:\/\/radiorevelacionfm.cl\/?p=37415"},"modified":"2023-11-27T16:31:45","modified_gmt":"2023-11-27T19:31:45","slug":"con-enfasis-en-la-importancia-de-la-denuncia-se-realizo-consejo-de-seguridad-publica-en-manihuales","status":"publish","type":"post","link":"https:\/\/radiorevelacionfm.cl\/?p=37415","title":{"rendered":"Con \u00e9nfasis en la importancia de la denuncia se realiz\u00f3 Consejo de Seguridad P\u00fablica en Ma\u00f1ihuales"},"content":{"rendered":"<div class=\"flex_column av_one_full  flex_column_div av-zero-column-padding first  avia-builder-el-0  el_before_av_one_full  avia-builder-el-first  \" style='border-radius:0px; '><div  class='avia-image-container  av-styling-    avia-builder-el-1  avia-builder-el-no-sibling  avia-align-center '  itemprop=\"image\" itemscope=\"itemscope\" itemtype=\"https:\/\/schema.org\/ImageObject\"  ><div class='avia-image-container-inner'><div class='avia-image-overlay-wrap'><img decoding=\"async\" class='wp-image-37416 avia-img-lazy-loading-not-37416 avia_image' src=\"https:\/\/radiorevelacionfm.cl\/wp-content\/uploads\/2023\/11\/seguridad-publica-maNihuales-2-1_optimized-1.jpg\" alt='' title='seguridad-publica-ma\u00d1ihuales-2-(1)_optimized (1)' height=\"600\" width=\"1067\"  itemprop=\"thumbnailUrl\" srcset=\"https:\/\/radiorevelacionfm.cl\/wp-content\/uploads\/2023\/11\/seguridad-publica-maNihuales-2-1_optimized-1.jpg 1067w, https:\/\/radiorevelacionfm.cl\/wp-content\/uploads\/2023\/11\/seguridad-publica-maNihuales-2-1_optimized-1-300x169.jpg 300w, https:\/\/radiorevelacionfm.cl\/wp-content\/uploads\/2023\/11\/seguridad-publica-maNihuales-2-1_optimized-1-1030x579.jpg 1030w, https:\/\/radiorevelacionfm.cl\/wp-content\/uploads\/2023\/11\/seguridad-publica-maNihuales-2-1_optimized-1-768x432.jpg 768w, https:\/\/radiorevelacionfm.cl\/wp-content\/uploads\/2023\/11\/seguridad-publica-maNihuales-2-1_optimized-1-705x396.jpg 705w, https:\/\/radiorevelacionfm.cl\/wp-content\/uploads\/2023\/11\/seguridad-publica-maNihuales-2-1_optimized-1-450x253.jpg 450w, https:\/\/radiorevelacionfm.cl\/wp-content\/uploads\/2023\/11\/seguridad-publica-maNihuales-2-1_optimized-1-600x337.jpg 600w\" sizes=\"(max-width: 1067px) 100vw, 1067px\" \/><\/div><\/div><\/div><\/div><div class=\"flex_column av_one_full  flex_column_div av-zero-column-padding first  avia-builder-el-2  el_after_av_one_full  el_before_av_one_full  column-top-margin\" style='border-radius:0px; '><section class=\"av_textblock_section \"  itemscope=\"itemscope\" itemtype=\"https:\/\/schema.org\/BlogPosting\" itemprop=\"blogPost\" ><div class='avia_textblock  '   itemprop=\"text\" ><p style=\"text-align: center;\"><strong><span style=\"font-size: 18pt;\">Con \u00e9nfasis en la importancia de la denuncia se realiz\u00f3 Consejo de Seguridad P\u00fablica en Ma\u00f1ihuales<\/span><\/strong><\/p>\n<div id=\"gtx-trans\" style=\"position: absolute; left: -50px; top: 4.31534px;\">\n<div class=\"gtx-trans-icon\"><\/div>\n<\/div>\n<\/div><\/section><\/div><div class=\"flex_column av_one_full  flex_column_div av-zero-column-padding first  avia-builder-el-4  el_after_av_one_full  el_before_av_hr  column-top-margin\" style='border-radius:0px; '><section class=\"av_textblock_section \"  itemscope=\"itemscope\" itemtype=\"https:\/\/schema.org\/BlogPosting\" itemprop=\"blogPost\" ><div class='avia_textblock  '   itemprop=\"text\" ><p style=\"text-align: justify;\"><em>Algunos delitos de robo que se han registrado en las \u00faltimas semanas y las posibles acciones preventivas, fueron los puntos centrales de la jornada.<\/em><\/p>\n<p style=\"text-align: justify;\">En Villa Ma\u00f1ihuales sesion\u00f3 el Consejo Comunal de Seguridad P\u00fablica, ocasi\u00f3n en la que hubo servicios p\u00fablicos con representaci\u00f3n regional, provincial y comunal, las polic\u00edas, el Ministerio Publico y organizaciones vecinales de la localidad.<\/p>\n<p style=\"text-align: justify;\">La instancia de di\u00e1logo fue presidida por el Alcalde de la comuna de Ays\u00e9n, Julio Uribe Alvarado, quien destac\u00f3 la posibilidad de poner sobre la mesa el tema de seguridad p\u00fablica, donde los organismos respondieron a cada una de las inquietudes de la comunidad.<\/p>\n<p style=\"text-align: justify;\">\u201cCreo que se dio respuesta a todo y se buscan las soluciones entre todas las unidades, eso habla muy bien de estos Consejos, que los podamos realizar en los territorios, en este caso, hoy en Villa Ma\u00f1ihuales. Hemos salido todos muy conformes en cuanto a las respuestas y al trabajo de las diversas entidades. Agradecer la asistencia de los vecinos, representados por sus dirigentes y la preocupaci\u00f3n por tener un Ma\u00f1ihuales m\u00e1s seguro\u201d.<\/p>\n<p style=\"text-align: justify;\">Soledad Yaguna, coordinadora macro \u2013 comunal de la coordinaci\u00f3n regional de la Subsecretaria de Prevenci\u00f3n del Delito, rescat\u00f3 lo importante que es la descentralizaci\u00f3n en las sesiones del Consejo Comunal de Seguridad P\u00fablica.<\/p>\n<p style=\"text-align: justify;\">\u201cEstamos bien contentos de que el Consejo Comunal que sesiona mensualmente en la ciudad de Puerto Ays\u00e9n, se haya podido desplazar a la localidad de Ma\u00f1ihuales. Nosotros como coordinaci\u00f3n regional estuvimos en la ma\u00f1ana difundiendo nuestro programa denuncia seguro y otras actividades relacionadas a la comuna. Particularmente el tema de la denuncia es un tema que queremos potenciar, sabemos que no hay un n\u00famero de denuncias, pero eso puede, no significar necesariamente que haya o no un delito y lo que estamos tratando de potenciar es el numero #4242, que es para realizar denuncias cien por ciento an\u00f3nimas, de manera gratuita y 24\/7, se pueden realizar desde celulares o tambi\u00e9n por la p\u00e1gina web\u201d.<\/p>\n<p style=\"text-align: justify;\">El fiscal jefe de Puerto Ays\u00e9n, Pedro Poblete, remarc\u00f3 la importancia de la denuncia y que los planteamientos nazcan de la ciudadan\u00eda en estas instancias de di\u00e1logo.<\/p>\n<p style=\"text-align: justify;\">\u201cSiempre es bueno tener reuniones con las bases vecinales, comunales, a fin de establecer cu\u00e1les son las necesidades que tienen ellos en cuanto protecci\u00f3n y sobre todo a la realizaci\u00f3n del trabajo que efect\u00faan cotidianamente las polic\u00edas y la fiscal\u00eda en ese sentido. Respecto a la importancia de la denuncia, muchas veces no nos damos cuenta de que el solo hecho de poner en conocimiento de la autoridad las cosas que nos afectan, los delitos que sufrimos, nos permiten generar acciones o decisiones por parte de las entidades encargadas de la prevenci\u00f3n de la seguridad p\u00fablica. Eso significa que, pueden existir camionetas circulando en las noches, mayor dotaci\u00f3n de recursos policiales, por eso es importante\u201d.<\/p>\n<p style=\"text-align: justify;\">El subcomisario de los servicios de la Segunda Comisaria de Carabineros, Capit\u00e1n Jaime Esparza, valid\u00f3 la interacci\u00f3n con la comunidad, tendiente a mejorar el trabajo en seguridad p\u00fablica.<\/p>\n<p style=\"text-align: justify;\">\u201cQue se celebre el Consejo de Seguridad Comunal en Ma\u00f1ihuales, es la instancia perfecta para que la comunidad logre interactuar, en donde todos los estamentos institucionales que tenemos responsabilidad en seguridad, podamos darles respuestas concretas y en terreno a la comunidad. Es as\u00ed que, en cuanto a las diferentes inquietudes, como lo son los delitos de robo, el llamado permanente a la comunidad es a denunciar, lo que nos permite, entre otras cosas, entregar los insumos al Ministerio Publico para investigar los delitos\u201d.<\/p>\n<p style=\"text-align: justify;\">En la reuni\u00f3n, los vecinos y dirigentes de Ma\u00f1ihuales, pudieron de manera directa plantear los mayores inconvenientes y hechos que afectan a la comunidad. Es as\u00ed que, Edith Contreras, presidenta de la junta de vecinos Ribera Norte, afirm\u00f3 que fue \u201cmuy buena la reuni\u00f3n, productiva, se plantearon varias cosas que ten\u00edamos como dirigentes y ojal\u00e1 seguir trabajando en conjunto porque la verdad es que seguridad tiene que estar en conjunto a Carabineros y venir a realizar hartas rondas. Por ello, es muy importante que vengan ac\u00e1 todas las autoridades y conversen con nosotros, para que se haga saber lo que est\u00e1 pasando en Ma\u00f1ihuales\u201d.<\/p>\n<p style=\"text-align: justify;\">En las \u00faltimas semanas se han registrado algunos delitos de robo en Ma\u00f1ihuales y ante el requerimiento de los dirigentes vecinales, se coordin\u00f3 desde la Municipalidad de Ays\u00e9n el desarrollo de esta sesi\u00f3n del Consejo Comunal de Seguridad P\u00fablica, con el objetivo de establecer compromisos y reforzar el trabajo preventivo en el territorio.<\/p>\n<\/div><\/section><\/div><div  style='height:50px' class='hr hr-invisible   avia-builder-el-6  el_after_av_one_full  el_before_av_social_share '><span class='hr-inner ' ><span class='hr-inner-style'><\/span><\/span><\/div><\/p>\n<div  class='av-social-sharing-box  avia-builder-el-7  el_after_av_hr  el_before_av_hr  '><div class='av-share-box'><h5 class='av-share-link-description av-no-toc '>Compartir esta noticia<\/h5><ul class='av-share-box-list noLightbox'><li class='av-share-link av-social-link-facebook' ><a target=\"_blank\" aria-label=\"Compartir en Facebook\" href='https:\/\/www.facebook.com\/sharer.php?u=https:\/\/radiorevelacionfm.cl\/?p=37415&#038;t=Con%20%C3%A9nfasis%20en%20la%20importancia%20de%20la%20denuncia%20se%20realiz%C3%B3%20Consejo%20de%20Seguridad%20P%C3%BAblica%20en%20Ma%C3%B1ihuales' aria-hidden='false' data-av_icon='\ue8f3' data-av_iconfont='entypo-fontello' title='' data-avia-related-tooltip='Compartir en Facebook' rel=\"noopener\"><span class='avia_hidden_link_text'>Compartir en Facebook<\/span><\/a><\/li><li class='av-share-link av-social-link-twitter' ><a target=\"_blank\" aria-label=\"Compartir en Twitter\" href='https:\/\/twitter.com\/share?text=Con%20%C3%A9nfasis%20en%20la%20importancia%20de%20la%20denuncia%20se%20realiz%C3%B3%20Consejo%20de%20Seguridad%20P%C3%BAblica%20en%20Ma%C3%B1ihuales&#038;url=https:\/\/radiorevelacionfm.cl\/?p=37415' aria-hidden='false' data-av_icon='\ue8f1' data-av_iconfont='entypo-fontello' title='' data-avia-related-tooltip='Compartir en Twitter' rel=\"noopener\"><span class='avia_hidden_link_text'>Compartir en Twitter<\/span><\/a><\/li><li class='av-share-link av-social-link-whatsapp' ><a target=\"_blank\" aria-label=\"Compartir en Whatsapp\" href='https:\/\/api.whatsapp.com\/send?text=https:\/\/radiorevelacionfm.cl\/?p=37415' aria-hidden='false' data-av_icon='\uf232' data-av_iconfont='entypo-fontello' title='' data-avia-related-tooltip='Compartir en Whatsapp' rel=\"noopener\"><span class='avia_hidden_link_text'>Compartir en Whatsapp<\/span><\/a><\/li><li class='av-share-link av-social-link-linkedin' ><a target=\"_blank\" aria-label=\"Compartir en LinkedIn\" href='https:\/\/linkedin.com\/shareArticle?mini=true&#038;title=Con%20%C3%A9nfasis%20en%20la%20importancia%20de%20la%20denuncia%20se%20realiz%C3%B3%20Consejo%20de%20Seguridad%20P%C3%BAblica%20en%20Ma%C3%B1ihuales&#038;url=https:\/\/radiorevelacionfm.cl\/?p=37415' aria-hidden='false' data-av_icon='\ue8fc' data-av_iconfont='entypo-fontello' title='' data-avia-related-tooltip='Compartir en LinkedIn' rel=\"noopener\"><span class='avia_hidden_link_text'>Compartir en LinkedIn<\/span><\/a><\/li><li class='av-share-link av-social-link-mail' ><a  aria-label=\"Compartir por correo\" href='mailto:?subject=Con%20%C3%A9nfasis%20en%20la%20importancia%20de%20la%20denuncia%20se%20realiz%C3%B3%20Consejo%20de%20Seguridad%20P%C3%BAblica%20en%20Ma%C3%B1ihuales&#038;body=https:\/\/radiorevelacionfm.cl\/?p=37415' aria-hidden='false' data-av_icon='\ue805' data-av_iconfont='entypo-fontello' title='' data-avia-related-tooltip='Compartir por correo'><span class='avia_hidden_link_text'>Compartir por correo<\/span><\/a><\/li><\/ul><\/div><\/div>\n<div  style='height:50px' class='hr hr-invisible   avia-builder-el-8  el_after_av_social_share  el_before_av_comments_list '><span class='hr-inner ' ><span class='hr-inner-style'><\/span><\/span><\/div>\n<div  class='av-buildercomment  av-blog-meta-html-info-disabled av-blog-meta-tag-disabled  '><\/div>\n","protected":false},"excerpt":{"rendered":"","protected":false},"author":1,"featured_media":37416,"comment_status":"open","ping_status":"open","sticky":false,"template":"","format":"standard","meta":{"footnotes":""},"categories":[38],"tags":[],"class_list":["post-37415","post","type-post","status-publish","format-standard","has-post-thumbnail","hentry","category-regional"],"jetpack_featured_media_url":"https:\/\/radiorevelacionfm.cl\/wp-content\/uploads\/2023\/11\/seguridad-publica-maNihuales-2-1_optimized-1.jpg","_links":{"self":[{"href":"https:\/\/radiorevelacionfm.cl\/index.php?rest_route=\/wp\/v2\/posts\/37415","targetHints":{"allow":["GET"]}}],"collection":[{"href":"https:\/\/radiorevelacionfm.cl\/index.php?rest_route=\/wp\/v2\/posts"}],"about":[{"href":"https:\/\/radiorevelacionfm.cl\/index.php?rest_route=\/wp\/v2\/types\/post"}],"author":[{"embeddable":true,"href":"https:\/\/radiorevelacionfm.cl\/index.php?rest_route=\/wp\/v2\/users\/1"}],"replies":[{"embeddable":true,"href":"https:\/\/radiorevelacionfm.cl\/index.php?rest_route=%2Fwp%2Fv2%2Fcomments&post=37415"}],"version-history":[{"count":1,"href":"https:\/\/radiorevelacionfm.cl\/index.php?rest_route=\/wp\/v2\/posts\/37415\/revisions"}],"predecessor-version":[{"id":37417,"href":"https:\/\/radiorevelacionfm.cl\/index.php?rest_route=\/wp\/v2\/posts\/37415\/revisions\/37417"}],"wp:featuredmedia":[{"embeddable":true,"href":"https:\/\/radiorevelacionfm.cl\/index.php?rest_route=\/wp\/v2\/media\/37416"}],"wp:attachment":[{"href":"https:\/\/radiorevelacionfm.cl\/index.php?rest_route=%2Fwp%2Fv2%2Fmedia&parent=37415"}],"wp:term":[{"taxonomy":"category","embeddable":true,"href":"https:\/\/radiorevelacionfm.cl\/index.php?rest_route=%2Fwp%2Fv2%2Fcategories&post=37415"},{"taxonomy":"post_tag","embeddable":true,"href":"https:\/\/radiorevelacionfm.cl\/index.php?rest_route=%2Fwp%2Fv2%2Ftags&post=37415"}],"curies":[{"name":"wp","href":"https:\/\/api.w.org\/{rel}","templated":true}]}}