{"id":37412,"date":"2023-11-27T20:32:13","date_gmt":"2023-11-27T23:32:13","guid":{"rendered":"https:\/\/radiorevelacionfm.cl\/?p=37412"},"modified":"2023-11-27T20:32:13","modified_gmt":"2023-11-27T23:32:13","slug":"jardin-sobre-ruedas-realiza-encuentro-con-familias-de-la-region-de-aysen","status":"publish","type":"post","link":"https:\/\/radiorevelacionfm.cl\/?p=37412","title":{"rendered":"Jard\u00edn Sobre Ruedas realiza encuentro con familias de la regi\u00f3n de Ays\u00e9n"},"content":{"rendered":"<div class=\"flex_column av_one_full  flex_column_div av-zero-column-padding first  avia-builder-el-0  el_before_av_one_full  avia-builder-el-first  \" style='border-radius:0px; '><div  class='avia-image-container  av-styling-    avia-builder-el-1  avia-builder-el-no-sibling  avia-align-center '  itemprop=\"image\" itemscope=\"itemscope\" itemtype=\"https:\/\/schema.org\/ImageObject\"  ><div class='avia-image-container-inner'><div class='avia-image-overlay-wrap'><img decoding=\"async\" class='wp-image-37413 avia-img-lazy-loading-not-37413 avia_image' src=\"https:\/\/radiorevelacionfm.cl\/wp-content\/uploads\/2023\/11\/1-100-2_optimized-1.jpg\" alt='' title='1-(100)-(2)_optimized (1)' height=\"600\" width=\"1004\"  itemprop=\"thumbnailUrl\" srcset=\"https:\/\/radiorevelacionfm.cl\/wp-content\/uploads\/2023\/11\/1-100-2_optimized-1.jpg 1004w, https:\/\/radiorevelacionfm.cl\/wp-content\/uploads\/2023\/11\/1-100-2_optimized-1-300x179.jpg 300w, https:\/\/radiorevelacionfm.cl\/wp-content\/uploads\/2023\/11\/1-100-2_optimized-1-768x459.jpg 768w, https:\/\/radiorevelacionfm.cl\/wp-content\/uploads\/2023\/11\/1-100-2_optimized-1-705x421.jpg 705w, https:\/\/radiorevelacionfm.cl\/wp-content\/uploads\/2023\/11\/1-100-2_optimized-1-450x269.jpg 450w, https:\/\/radiorevelacionfm.cl\/wp-content\/uploads\/2023\/11\/1-100-2_optimized-1-600x359.jpg 600w\" sizes=\"(max-width: 1004px) 100vw, 1004px\" \/><\/div><\/div><\/div><\/div><div class=\"flex_column av_one_full  flex_column_div av-zero-column-padding first  avia-builder-el-2  el_after_av_one_full  el_before_av_one_full  column-top-margin\" style='border-radius:0px; '><section class=\"av_textblock_section \"  itemscope=\"itemscope\" itemtype=\"https:\/\/schema.org\/BlogPosting\" itemprop=\"blogPost\" ><div class='avia_textblock  '   itemprop=\"text\" ><p style=\"text-align: center;\"><strong><span style=\"font-size: 18pt;\">Jard\u00edn Sobre Ruedas realiza encuentro con familias de la regi\u00f3n de Ays\u00e9n<\/span><\/strong><\/p>\n<div id=\"gtx-trans\" style=\"position: absolute; left: -50px; top: 4.31534px;\">\n<div class=\"gtx-trans-icon\"><\/div>\n<\/div>\n<\/div><\/section><\/div><div class=\"flex_column av_one_full  flex_column_div av-zero-column-padding first  avia-builder-el-4  el_after_av_one_full  el_before_av_hr  column-top-margin\" style='border-radius:0px; '><section class=\"av_textblock_section \"  itemscope=\"itemscope\" itemtype=\"https:\/\/schema.org\/BlogPosting\" itemprop=\"blogPost\" ><div class='avia_textblock  '   itemprop=\"text\" ><p style=\"font-weight: 400; text-align: justify;\">Por octavo a\u00f1o consecutivo Fundaci\u00f3n Integra de la regi\u00f3n de Ays\u00e9n llev\u00f3 a cabo el encuentro regional del Jard\u00edn Sobre Ruedas (JSR). Dicha actividad reuni\u00f3 a familias y ni\u00f1os de Ma\u00f1ihuales, \u00d1irehuao, Arroyo El Gato y Coyhaique -que forman parte de esta Modalidad No Convencional- espacio en el cual se desarrollaron actividades, juegos y reflexiones respeto de la importancia que tienen las familias en la educaci\u00f3n inicial de sus hijos e hijas en los primeros a\u00f1os de vida.<\/p>\n<p style=\"font-weight: 400; text-align: justify;\">Leticia Araya Norambuena, directora regional de Fundaci\u00f3n Integra destac\u00f3 la importancia de este espacio recalcando que \u201cse agradece la motivaci\u00f3n y el compromiso de las familias para estas actividades\u201d, reforzando que \u201cuna de las mayores fortalezas que tiene esta modalidad es el rol que tienen las familias para que los procesos educativos alcancen sus objetivos\u201d.<\/p>\n<p style=\"font-weight: 400; text-align: justify;\">La actividad se desarroll\u00f3 en Alto Baguales y cont\u00f3 con la participaci\u00f3n cercana a las 60 personas y con la asistencia de representantes de las cuatro localidades en las que el Jard\u00edn Sobre Ruedas presta este servicio as\u00ed como de funcionarios de la Oficina Regional.<\/p>\n<p style=\"font-weight: 400; text-align: justify;\">Joselyn Orellana Delgado, directora y educadora de esta modalidad destac\u00f3 que \u201ceste es un trabajo (el encuentro) que se hace con mucho cari\u00f1o. Estamos trabajando en equipo y respaldados por la Oficina Regional y con el apoyo de las familias\u201d. Del mismo modo destac\u00f3 que \u201cnuestro sello educativo es la f\u00e9rrea alianza con las familias y en esta actividad se est\u00e1 viendo. Las familias la est\u00e1n pasando bien y con actividades preparadas para los ni\u00f1os\u201d.<\/p>\n<p style=\"font-weight: 400; text-align: justify;\">Desde Fundaci\u00f3n Integra recalcan el rol que cumple la familia en la educaci\u00f3n de los ni\u00f1os donde los estos se constituyen en el sustento de esta modalidad, pues su presencia permite fortalecer la instancia educativa al compartir cada encuentro con sus hijas e hijos, adem\u00e1s de participar activamente de las de las experiencias, con el prop\u00f3sito de aprender nuevas estrategias y favorecer los aprendizajes de sus ni\u00f1os y ni\u00f1as e enriquecer sus pr\u00e1cticas de crianzas.<\/p>\n<p style=\"font-weight: 400; text-align: justify;\">Jimena Ulloa, apoderada de Arroyo El Gato valor\u00f3 este espacio recalcando que \u201cfue s\u00faper bueno y una instancia para poder compartir con otras mam\u00e1s (y pap\u00e1s) donde pudimos conocer otras experiencias y donde los ni\u00f1os(as) tambi\u00e9n pudieron disfrutar con otros ni\u00f1os(as)\u201d.<\/p>\n<p style=\"font-weight: 400; text-align: justify;\">Una opini\u00f3n similar sobre el trabajo que desarrolla el Jard\u00edn Sobre Ruedas tiene Patricia Bravo de Coyhaique quien destac\u00f3 el rol del Jard\u00edn Sobre Ruedas enfatizando que \u201cla modalidad de la t\u00eda Joselyn y el t\u00edo Luis (conductor animador) es espectacular. Mi hija de a poco se fue adaptando a esta modalidad y ahora llega al jard\u00edn sin ning\u00fan problema, pero eso se debe al trabajo espectacular que ellos realizan. Todo mi respeto para ellos porque son unos t\u00edos espectaculares\u201d.<\/p>\n<p style=\"font-weight: 400; text-align: justify;\">Cabe recordar que el Jard\u00edn Sobre Ruedas, trabaja en 4 localidades de la regi\u00f3n como lo son \u00d1irehuao, Arroyo El Gato, Ma\u00f1ihuales y Coyhaique y cuyo prop\u00f3sito es ofrecer a ni\u00f1os y ni\u00f1as de educaci\u00f3n inicial de calidad, pertinente a sus necesidades e intereses y caracter\u00edsticas de aprendizaje, a trav\u00e9s de un trabajo en conjunto con las familias y la comunidad local en que se emplaza.<\/p>\n<p style=\"font-weight: 400; text-align: justify;\">Con 33 a\u00f1os de experiencia y m\u00e1s de 1.200 salas cuna y jardines infantiles gratuitos en todo el pa\u00eds, Fundaci\u00f3n Integra trabaja para lograr el desarrollo integral, bienestar y aprendizajes significativos de ni\u00f1os y ni\u00f1as, poniendo a su disposici\u00f3n espacios educativos diversos, estimulantes y de calidad.<\/p>\n<\/div><\/section><\/div><div  style='height:50px' class='hr hr-invisible   avia-builder-el-6  el_after_av_one_full  el_before_av_social_share '><span class='hr-inner ' ><span class='hr-inner-style'><\/span><\/span><\/div><\/p>\n<div  class='av-social-sharing-box  avia-builder-el-7  el_after_av_hr  el_before_av_hr  '><div class='av-share-box'><h5 class='av-share-link-description av-no-toc '>Compartir esta noticia<\/h5><ul class='av-share-box-list noLightbox'><li class='av-share-link av-social-link-facebook' ><a target=\"_blank\" aria-label=\"Compartir en Facebook\" href='https:\/\/www.facebook.com\/sharer.php?u=https:\/\/radiorevelacionfm.cl\/?p=37412&#038;t=Jard%C3%ADn%20Sobre%20Ruedas%20realiza%20encuentro%20con%20familias%20de%20la%20regi%C3%B3n%20de%20Ays%C3%A9n' aria-hidden='false' data-av_icon='\ue8f3' data-av_iconfont='entypo-fontello' title='' data-avia-related-tooltip='Compartir en Facebook' rel=\"noopener\"><span class='avia_hidden_link_text'>Compartir en Facebook<\/span><\/a><\/li><li class='av-share-link av-social-link-twitter' ><a target=\"_blank\" aria-label=\"Compartir en Twitter\" href='https:\/\/twitter.com\/share?text=Jard%C3%ADn%20Sobre%20Ruedas%20realiza%20encuentro%20con%20familias%20de%20la%20regi%C3%B3n%20de%20Ays%C3%A9n&#038;url=https:\/\/radiorevelacionfm.cl\/?p=37412' aria-hidden='false' data-av_icon='\ue8f1' data-av_iconfont='entypo-fontello' title='' data-avia-related-tooltip='Compartir en Twitter' rel=\"noopener\"><span class='avia_hidden_link_text'>Compartir en Twitter<\/span><\/a><\/li><li class='av-share-link av-social-link-whatsapp' ><a target=\"_blank\" aria-label=\"Compartir en Whatsapp\" href='https:\/\/api.whatsapp.com\/send?text=https:\/\/radiorevelacionfm.cl\/?p=37412' aria-hidden='false' data-av_icon='\uf232' data-av_iconfont='entypo-fontello' title='' data-avia-related-tooltip='Compartir en Whatsapp' rel=\"noopener\"><span class='avia_hidden_link_text'>Compartir en Whatsapp<\/span><\/a><\/li><li class='av-share-link av-social-link-linkedin' ><a target=\"_blank\" aria-label=\"Compartir en LinkedIn\" href='https:\/\/linkedin.com\/shareArticle?mini=true&#038;title=Jard%C3%ADn%20Sobre%20Ruedas%20realiza%20encuentro%20con%20familias%20de%20la%20regi%C3%B3n%20de%20Ays%C3%A9n&#038;url=https:\/\/radiorevelacionfm.cl\/?p=37412' aria-hidden='false' data-av_icon='\ue8fc' data-av_iconfont='entypo-fontello' title='' data-avia-related-tooltip='Compartir en LinkedIn' rel=\"noopener\"><span class='avia_hidden_link_text'>Compartir en LinkedIn<\/span><\/a><\/li><li class='av-share-link av-social-link-mail' ><a  aria-label=\"Compartir por correo\" href='mailto:?subject=Jard%C3%ADn%20Sobre%20Ruedas%20realiza%20encuentro%20con%20familias%20de%20la%20regi%C3%B3n%20de%20Ays%C3%A9n&#038;body=https:\/\/radiorevelacionfm.cl\/?p=37412' aria-hidden='false' data-av_icon='\ue805' data-av_iconfont='entypo-fontello' title='' data-avia-related-tooltip='Compartir por correo'><span class='avia_hidden_link_text'>Compartir por correo<\/span><\/a><\/li><\/ul><\/div><\/div>\n<div  style='height:50px' class='hr hr-invisible   avia-builder-el-8  el_after_av_social_share  el_before_av_comments_list '><span class='hr-inner ' ><span class='hr-inner-style'><\/span><\/span><\/div>\n<div  class='av-buildercomment  av-blog-meta-html-info-disabled av-blog-meta-tag-disabled  '><\/div>\n","protected":false},"excerpt":{"rendered":"","protected":false},"author":1,"featured_media":37413,"comment_status":"open","ping_status":"open","sticky":false,"template":"","format":"standard","meta":{"footnotes":""},"categories":[49],"tags":[],"class_list":["post-37412","post","type-post","status-publish","format-standard","has-post-thumbnail","hentry","category-educacion"],"jetpack_featured_media_url":"https:\/\/radiorevelacionfm.cl\/wp-content\/uploads\/2023\/11\/1-100-2_optimized-1.jpg","_links":{"self":[{"href":"https:\/\/radiorevelacionfm.cl\/index.php?rest_route=\/wp\/v2\/posts\/37412","targetHints":{"allow":["GET"]}}],"collection":[{"href":"https:\/\/radiorevelacionfm.cl\/index.php?rest_route=\/wp\/v2\/posts"}],"about":[{"href":"https:\/\/radiorevelacionfm.cl\/index.php?rest_route=\/wp\/v2\/types\/post"}],"author":[{"embeddable":true,"href":"https:\/\/radiorevelacionfm.cl\/index.php?rest_route=\/wp\/v2\/users\/1"}],"replies":[{"embeddable":true,"href":"https:\/\/radiorevelacionfm.cl\/index.php?rest_route=%2Fwp%2Fv2%2Fcomments&post=37412"}],"version-history":[{"count":2,"href":"https:\/\/radiorevelacionfm.cl\/index.php?rest_route=\/wp\/v2\/posts\/37412\/revisions"}],"predecessor-version":[{"id":37441,"href":"https:\/\/radiorevelacionfm.cl\/index.php?rest_route=\/wp\/v2\/posts\/37412\/revisions\/37441"}],"wp:featuredmedia":[{"embeddable":true,"href":"https:\/\/radiorevelacionfm.cl\/index.php?rest_route=\/wp\/v2\/media\/37413"}],"wp:attachment":[{"href":"https:\/\/radiorevelacionfm.cl\/index.php?rest_route=%2Fwp%2Fv2%2Fmedia&parent=37412"}],"wp:term":[{"taxonomy":"category","embeddable":true,"href":"https:\/\/radiorevelacionfm.cl\/index.php?rest_route=%2Fwp%2Fv2%2Fcategories&post=37412"},{"taxonomy":"post_tag","embeddable":true,"href":"https:\/\/radiorevelacionfm.cl\/index.php?rest_route=%2Fwp%2Fv2%2Ftags&post=37412"}],"curies":[{"name":"wp","href":"https:\/\/api.w.org\/{rel}","templated":true}]}}