{"id":37409,"date":"2023-11-27T15:09:38","date_gmt":"2023-11-27T18:09:38","guid":{"rendered":"https:\/\/radiorevelacionfm.cl\/?p=37409"},"modified":"2023-11-27T15:09:38","modified_gmt":"2023-11-27T18:09:38","slug":"inician-construccion-de-nueva-etapa-de-obras-fluviales-en-el-rio-aysen","status":"publish","type":"post","link":"https:\/\/radiorevelacionfm.cl\/?p=37409","title":{"rendered":"Inician construcci\u00f3n de nueva etapa de obras fluviales en el R\u00edo Ays\u00e9n"},"content":{"rendered":"<div class=\"flex_column av_one_full  flex_column_div av-zero-column-padding first  avia-builder-el-0  el_before_av_one_full  avia-builder-el-first  \" style='border-radius:0px; '><div  class='avia-image-container  av-styling-    avia-builder-el-1  avia-builder-el-no-sibling  avia-align-center '  itemprop=\"image\" itemscope=\"itemscope\" itemtype=\"https:\/\/schema.org\/ImageObject\"  ><div class='avia-image-container-inner'><div class='avia-image-overlay-wrap'><img decoding=\"async\" class='wp-image-37410 avia-img-lazy-loading-not-37410 avia_image' src=\"https:\/\/radiorevelacionfm.cl\/wp-content\/uploads\/2023\/11\/img_20231123_122017051_hdr-1_optimized.jpg\" alt='' title='img_20231123_122017051_hdr-(1)_optimized' height=\"600\" width=\"800\"  itemprop=\"thumbnailUrl\" srcset=\"https:\/\/radiorevelacionfm.cl\/wp-content\/uploads\/2023\/11\/img_20231123_122017051_hdr-1_optimized.jpg 800w, https:\/\/radiorevelacionfm.cl\/wp-content\/uploads\/2023\/11\/img_20231123_122017051_hdr-1_optimized-300x225.jpg 300w, https:\/\/radiorevelacionfm.cl\/wp-content\/uploads\/2023\/11\/img_20231123_122017051_hdr-1_optimized-768x576.jpg 768w, https:\/\/radiorevelacionfm.cl\/wp-content\/uploads\/2023\/11\/img_20231123_122017051_hdr-1_optimized-705x529.jpg 705w, https:\/\/radiorevelacionfm.cl\/wp-content\/uploads\/2023\/11\/img_20231123_122017051_hdr-1_optimized-450x338.jpg 450w, https:\/\/radiorevelacionfm.cl\/wp-content\/uploads\/2023\/11\/img_20231123_122017051_hdr-1_optimized-600x450.jpg 600w\" sizes=\"(max-width: 800px) 100vw, 800px\" \/><\/div><\/div><\/div><\/div><div class=\"flex_column av_one_full  flex_column_div av-zero-column-padding first  avia-builder-el-2  el_after_av_one_full  el_before_av_one_full  column-top-margin\" style='border-radius:0px; '><section class=\"av_textblock_section \"  itemscope=\"itemscope\" itemtype=\"https:\/\/schema.org\/BlogPosting\" itemprop=\"blogPost\" ><div class='avia_textblock  '   itemprop=\"text\" ><p style=\"text-align: center;\"><strong><span style=\"font-size: 18pt;\">Inician construcci\u00f3n de nueva etapa de obras fluviales en el R\u00edo Ays\u00e9n<\/span><\/strong><\/p>\n<div id=\"gtx-trans\" style=\"position: absolute; left: -50px; top: 4.31534px;\">\n<div class=\"gtx-trans-icon\"><\/div>\n<\/div>\n<\/div><\/section><\/div><div class=\"flex_column av_one_full  flex_column_div av-zero-column-padding first  avia-builder-el-4  el_after_av_one_full  el_before_av_hr  column-top-margin\" style='border-radius:0px; '><section class=\"av_textblock_section \"  itemscope=\"itemscope\" itemtype=\"https:\/\/schema.org\/BlogPosting\" itemprop=\"blogPost\" ><div class='avia_textblock  '   itemprop=\"text\" ><p class=\"v1MsoNormal\" style=\"text-align: justify;\">Evitar la erosi\u00f3n en las riberas del R\u00edo Ays\u00e9n y resguardar la seguridad de las personas frente a eventuales inundaciones, por aumento \u00a0de caudal, son algunos de los beneficios que reportan las obras de control y defensa fluvial, desarrolladas por la Direcci\u00f3n de Obras Hidr\u00e1ulicas del Ministerio de Obras P\u00fablicas.<\/p>\n<p class=\"v1MsoNormal\" style=\"text-align: justify;\">De acuerdo a lo expresado por el Director Regional de la DOH, Francisco Real, ya se han invertido alrededor de $3 mil millones de pesos en las diversas obras \u00a0de enrocado ejecutadas a lo largo del tiempo, en ambas riberas \u00a0del r\u00edo.<\/p>\n<p class=\"v1MsoNormal\" style=\"text-align: justify;\">La nueva etapa de construcci\u00f3n, en el sector Polideportivo de Puerto Ays\u00e9n, se inici\u00f3 recientemente con la entrega formal de terreno a la empresa contratista, encargada de consolidar los 270 metros de longitud que proyecta el enrocado en esa zona del sector Ribera Sur.<\/p>\n<p class=\"v1MsoNormal\" style=\"text-align: justify;\">\u00abEl objetivo de estas obras es poder resguardar a los vecinos de alguna crecida de r\u00edo o desprendimiento de terreno, por lo que seguimos avanzando en nuestras obras de defensas fluviales, limpieza y encauzamiento de r\u00edos, pensando siempre en mejorar la calidad de vida de cada uno de los habitantes de nuestra Regi\u00f3n\u00bb, indic\u00f3 Francisco \u00a0Real.<\/p>\n<p class=\"v1MsoNormal\" style=\"text-align: justify;\">Por su parte, el Delegado Presidencial Provincial de Ays\u00e9n, Jorge D\u00edaz Guzm\u00e1n, expres\u00f3 que \u00abes muy importante el desarrollo de estas obras para consolidar, en primer lugar, las costaneras en ambas riberas del r\u00edo, ofreciendo seguridad a las personas que viven en el \u00e1rea circundante. Pero otra parte y fundamentalmente, la idea es que el r\u00edo Ays\u00e9n se pueda incorporar a la vida ciudadana, accediendo a la pr\u00e1ctica de deportes n\u00e1uticos o la pesca deportiva, por ejemplo. Estamos, por ende, muy satisfechos con esta nueva inversi\u00f3n que nos permite ir consolidando esta importante \u00e1rea \u00a0urban\u00edstica y paisaj\u00edstica de la ciudad\u00bb, recalc\u00f3.<\/p>\n<p class=\"v1MsoNormal\" style=\"text-align: justify;\">La inversi\u00f3n espec\u00edfica para esta nueva etapa de construcci\u00f3n de defensas fluviales en el R\u00edo Ays\u00e9n alcanza los $477 millones de pesos, tiene un plazo de duraci\u00f3n de 6 meses y est\u00e1 a cargo de su ejecuci\u00f3n la Empresa \u00abCatalina Vargas Antisoly\u00bb.<\/p>\n<\/div><\/section><\/div><div  style='height:50px' class='hr hr-invisible   avia-builder-el-6  el_after_av_one_full  el_before_av_social_share '><span class='hr-inner ' ><span class='hr-inner-style'><\/span><\/span><\/div><\/p>\n<div  class='av-social-sharing-box  avia-builder-el-7  el_after_av_hr  el_before_av_hr  '><div class='av-share-box'><h5 class='av-share-link-description av-no-toc '>Compartir esta noticia<\/h5><ul class='av-share-box-list noLightbox'><li class='av-share-link av-social-link-facebook' ><a target=\"_blank\" aria-label=\"Compartir en Facebook\" href='https:\/\/www.facebook.com\/sharer.php?u=https:\/\/radiorevelacionfm.cl\/?p=37409&#038;t=Inician%20construcci%C3%B3n%20de%20nueva%20etapa%20de%20obras%20fluviales%20en%20el%20R%C3%ADo%20Ays%C3%A9n' aria-hidden='false' data-av_icon='\ue8f3' data-av_iconfont='entypo-fontello' title='' data-avia-related-tooltip='Compartir en Facebook' rel=\"noopener\"><span class='avia_hidden_link_text'>Compartir en Facebook<\/span><\/a><\/li><li class='av-share-link av-social-link-twitter' ><a target=\"_blank\" aria-label=\"Compartir en Twitter\" href='https:\/\/twitter.com\/share?text=Inician%20construcci%C3%B3n%20de%20nueva%20etapa%20de%20obras%20fluviales%20en%20el%20R%C3%ADo%20Ays%C3%A9n&#038;url=https:\/\/radiorevelacionfm.cl\/?p=37409' aria-hidden='false' data-av_icon='\ue8f1' data-av_iconfont='entypo-fontello' title='' data-avia-related-tooltip='Compartir en Twitter' rel=\"noopener\"><span class='avia_hidden_link_text'>Compartir en Twitter<\/span><\/a><\/li><li class='av-share-link av-social-link-whatsapp' ><a target=\"_blank\" aria-label=\"Compartir en Whatsapp\" href='https:\/\/api.whatsapp.com\/send?text=https:\/\/radiorevelacionfm.cl\/?p=37409' aria-hidden='false' data-av_icon='\uf232' data-av_iconfont='entypo-fontello' title='' data-avia-related-tooltip='Compartir en Whatsapp' rel=\"noopener\"><span class='avia_hidden_link_text'>Compartir en Whatsapp<\/span><\/a><\/li><li class='av-share-link av-social-link-linkedin' ><a target=\"_blank\" aria-label=\"Compartir en LinkedIn\" href='https:\/\/linkedin.com\/shareArticle?mini=true&#038;title=Inician%20construcci%C3%B3n%20de%20nueva%20etapa%20de%20obras%20fluviales%20en%20el%20R%C3%ADo%20Ays%C3%A9n&#038;url=https:\/\/radiorevelacionfm.cl\/?p=37409' aria-hidden='false' data-av_icon='\ue8fc' data-av_iconfont='entypo-fontello' title='' data-avia-related-tooltip='Compartir en LinkedIn' rel=\"noopener\"><span class='avia_hidden_link_text'>Compartir en LinkedIn<\/span><\/a><\/li><li class='av-share-link av-social-link-mail' ><a  aria-label=\"Compartir por correo\" href='mailto:?subject=Inician%20construcci%C3%B3n%20de%20nueva%20etapa%20de%20obras%20fluviales%20en%20el%20R%C3%ADo%20Ays%C3%A9n&#038;body=https:\/\/radiorevelacionfm.cl\/?p=37409' aria-hidden='false' data-av_icon='\ue805' data-av_iconfont='entypo-fontello' title='' data-avia-related-tooltip='Compartir por correo'><span class='avia_hidden_link_text'>Compartir por correo<\/span><\/a><\/li><\/ul><\/div><\/div>\n<div  style='height:50px' class='hr hr-invisible   avia-builder-el-8  el_after_av_social_share  el_before_av_comments_list '><span class='hr-inner ' ><span class='hr-inner-style'><\/span><\/span><\/div>\n<div  class='av-buildercomment  av-blog-meta-html-info-disabled av-blog-meta-tag-disabled  '><\/div>\n","protected":false},"excerpt":{"rendered":"","protected":false},"author":1,"featured_media":37410,"comment_status":"open","ping_status":"open","sticky":false,"template":"","format":"standard","meta":{"footnotes":""},"categories":[38],"tags":[],"class_list":["post-37409","post","type-post","status-publish","format-standard","has-post-thumbnail","hentry","category-regional"],"jetpack_featured_media_url":"https:\/\/radiorevelacionfm.cl\/wp-content\/uploads\/2023\/11\/img_20231123_122017051_hdr-1_optimized.jpg","_links":{"self":[{"href":"https:\/\/radiorevelacionfm.cl\/index.php?rest_route=\/wp\/v2\/posts\/37409","targetHints":{"allow":["GET"]}}],"collection":[{"href":"https:\/\/radiorevelacionfm.cl\/index.php?rest_route=\/wp\/v2\/posts"}],"about":[{"href":"https:\/\/radiorevelacionfm.cl\/index.php?rest_route=\/wp\/v2\/types\/post"}],"author":[{"embeddable":true,"href":"https:\/\/radiorevelacionfm.cl\/index.php?rest_route=\/wp\/v2\/users\/1"}],"replies":[{"embeddable":true,"href":"https:\/\/radiorevelacionfm.cl\/index.php?rest_route=%2Fwp%2Fv2%2Fcomments&post=37409"}],"version-history":[{"count":1,"href":"https:\/\/radiorevelacionfm.cl\/index.php?rest_route=\/wp\/v2\/posts\/37409\/revisions"}],"predecessor-version":[{"id":37411,"href":"https:\/\/radiorevelacionfm.cl\/index.php?rest_route=\/wp\/v2\/posts\/37409\/revisions\/37411"}],"wp:featuredmedia":[{"embeddable":true,"href":"https:\/\/radiorevelacionfm.cl\/index.php?rest_route=\/wp\/v2\/media\/37410"}],"wp:attachment":[{"href":"https:\/\/radiorevelacionfm.cl\/index.php?rest_route=%2Fwp%2Fv2%2Fmedia&parent=37409"}],"wp:term":[{"taxonomy":"category","embeddable":true,"href":"https:\/\/radiorevelacionfm.cl\/index.php?rest_route=%2Fwp%2Fv2%2Fcategories&post=37409"},{"taxonomy":"post_tag","embeddable":true,"href":"https:\/\/radiorevelacionfm.cl\/index.php?rest_route=%2Fwp%2Fv2%2Ftags&post=37409"}],"curies":[{"name":"wp","href":"https:\/\/api.w.org\/{rel}","templated":true}]}}