{"id":37400,"date":"2023-11-27T10:00:22","date_gmt":"2023-11-27T13:00:22","guid":{"rendered":"https:\/\/radiorevelacionfm.cl\/?p=37400"},"modified":"2023-11-27T10:00:22","modified_gmt":"2023-11-27T13:00:22","slug":"sag-recuerda-el-30-de-noviembre-vence-el-plazo-para-realizar-la-declaracion-de-existencia-animal-dea","status":"publish","type":"post","link":"https:\/\/radiorevelacionfm.cl\/?p=37400","title":{"rendered":"SAG recuerda: El 30 de noviembre vence el plazo para realizar la Declaraci\u00f3n de Existencia Animal (DEA)"},"content":{"rendered":"<div class=\"flex_column av_one_full  flex_column_div av-zero-column-padding first  avia-builder-el-0  el_before_av_one_full  avia-builder-el-first  \" style='border-radius:0px; '><div  class='avia-image-container  av-styling-    avia-builder-el-1  avia-builder-el-no-sibling  avia-align-center '  itemprop=\"image\" itemscope=\"itemscope\" itemtype=\"https:\/\/schema.org\/ImageObject\"  ><div class='avia-image-container-inner'><div class='avia-image-overlay-wrap'><img decoding=\"async\" class='wp-image-37402 avia-img-lazy-loading-not-37402 avia_image' src=\"https:\/\/radiorevelacionfm.cl\/wp-content\/uploads\/2023\/11\/1000154740-1_optimized.jpg\" alt='' title='1000154740-(1)_optimized' height=\"600\" width=\"794\"  itemprop=\"thumbnailUrl\" srcset=\"https:\/\/radiorevelacionfm.cl\/wp-content\/uploads\/2023\/11\/1000154740-1_optimized.jpg 794w, https:\/\/radiorevelacionfm.cl\/wp-content\/uploads\/2023\/11\/1000154740-1_optimized-300x227.jpg 300w, https:\/\/radiorevelacionfm.cl\/wp-content\/uploads\/2023\/11\/1000154740-1_optimized-768x580.jpg 768w, https:\/\/radiorevelacionfm.cl\/wp-content\/uploads\/2023\/11\/1000154740-1_optimized-705x533.jpg 705w, https:\/\/radiorevelacionfm.cl\/wp-content\/uploads\/2023\/11\/1000154740-1_optimized-450x340.jpg 450w, https:\/\/radiorevelacionfm.cl\/wp-content\/uploads\/2023\/11\/1000154740-1_optimized-600x453.jpg 600w\" sizes=\"(max-width: 794px) 100vw, 794px\" \/><\/div><\/div><\/div><\/div><div class=\"flex_column av_one_full  flex_column_div av-zero-column-padding first  avia-builder-el-2  el_after_av_one_full  el_before_av_one_full  column-top-margin\" style='border-radius:0px; '><section class=\"av_textblock_section \"  itemscope=\"itemscope\" itemtype=\"https:\/\/schema.org\/BlogPosting\" itemprop=\"blogPost\" ><div class='avia_textblock  '   itemprop=\"text\" ><p style=\"text-align: center;\"><span style=\"font-size: 18pt;\"><strong>SAG recuerda: El 30 de noviembre vence el plazo para realizar la Declaraci\u00f3n de Existencia Animal (DEA)<\/strong><\/span><\/p>\n<div id=\"gtx-trans\" style=\"position: absolute; left: -50px; top: 4.31534px;\">\n<div class=\"gtx-trans-icon\"><\/div>\n<\/div>\n<\/div><\/section><\/div><div class=\"flex_column av_one_full  flex_column_div av-zero-column-padding first  avia-builder-el-4  el_after_av_one_full  el_before_av_hr  column-top-margin\" style='border-radius:0px; '><section class=\"av_textblock_section \"  itemscope=\"itemscope\" itemtype=\"https:\/\/schema.org\/BlogPosting\" itemprop=\"blogPost\" ><div class='avia_textblock  '   itemprop=\"text\" ><p style=\"text-align: justify;\">El pr\u00f3ximo 30 de noviembre vence el plazo para que los ganaderos realicen su Declaraci\u00f3n de Existencia Animal (DEA) 2023, un tr\u00e1mite obligatorio que forma parte del Programa Oficial de Trazabilidad Animal ejecutado por el Servicio Agr\u00edcola y Ganadero del Ministerio de Agricultura.<\/p>\n<p style=\"text-align: justify;\">\u00a0La declaratoria busca recopilar informaci\u00f3n\u00a0 de animales presentes en los predios, por especie y categor\u00edas.\u00a0 Adem\u00e1s, contar con la DEA actualizada anualmente es un requisito para la obtenci\u00f3n del formulario de movimiento animal (FMA), para la compra de dispositivos de identificaci\u00f3n individual oficial (DIIO) y para la mantenci\u00f3n de certificaciones prediales como PABCO, entre otros.<\/p>\n<p style=\"text-align: justify;\">Por esta raz\u00f3n, el SAG hace un llamado a los productores a informarse y acercarse a las oficinas sectoriales presentes en Ays\u00e9n para cumplir con la normativa antes de que expire el plazo.<\/p>\n<p style=\"text-align: justify;\">\u00abLa DEA se realiza a trav\u00e9s de un formulario donde los productores informan las existencias de animales de todas las especies productivas presentes en su predio. Esto permite conocer el n\u00famero de animales vivos en la regi\u00f3n con el objetivo de gestionar de manera m\u00e1s efectiva la salud animal y garantizar la seguridad alimentaria de los productos elaborados en la regi\u00f3n y el pa\u00eds\u00bb, sostuvo Valeria Carrasco S\u00e1ez, directora regional (s) del SAG.<\/p>\n<p style=\"text-align: justify;\">En este sentido el Seremi de Agricultura, Alan Espinoza Ortiz junto con destacar que este tr\u00e1mite es crucial recoger\u00a0 informaci\u00f3n para tomar decisiones, resalt\u00f3 la implementaci\u00f3n durante este 2023 del Programa de Apoyo a la Trazabilidad de la Peque\u00f1a Ganader\u00eda, financiado por el Gobierno Regional y su Consejo.<\/p>\n<p style=\"text-align: justify;\">\u00abCon un enfoque en la agricultura familiar campesina el SAG ha impulsado\u00a0 el programa de identificaci\u00f3n bovina por medio de 20 t\u00e9cnicos y profesionales que han\u00a0 realizado labores de identificaci\u00f3n,\u00a0 registro\u00a0 y capacitaci\u00f3n a productores\/as desde La Junta hasta Villa O\u2019Higgins.\u00a0 La informaci\u00f3n recogida a trav\u00e9s de esta declaraci\u00f3n es crucial para tomar decisiones respecto a programas de vigilancia sanitaria, as\u00ed como en caso de emergencias, permitiendo una respuesta oportuna por parte de los organismos del Estado\u00bb, subray\u00f3 el Seremi.<\/p>\n<p style=\"text-align: justify;\">Declarar la Existencia Animal no tiene costo para el productor y el tr\u00e1mite se puede realizar en todas las oficinas sectoriales del SAG en la regi\u00f3n. Adem\u00e1s, aquellos productores que cuenten con una clave de acceso asignada pueden realizar el tr\u00e1mite de manera online en la plataforma SIPECweb.<\/p>\n<p style=\"text-align: justify;\">La informaci\u00f3n proporcionada por cada productor es confidencial, y aquellos que no realicen este tr\u00e1mite se arriesgan a multas que van desde 1 a 1000 UTM. Adem\u00e1s, no podr\u00e1n solicitar el Formulario de Movimiento Animal (FMA) en el SAG, un documento necesario para movilizar animales en la regi\u00f3n y el pa\u00eds, y que tambi\u00e9n es requisito para aquellos que necesiten comprar DIIO (aretes) para identificar sus animales.<\/p>\n<p style=\"text-align: justify;\">A solo d\u00edas de finalizar el plazo, m\u00e1s del 65% de los productores de la regi\u00f3n han completado su Declaraci\u00f3n de Existencia Animal 2023.<\/p>\n<\/div><\/section><\/div><div  style='height:50px' class='hr hr-invisible   avia-builder-el-6  el_after_av_one_full  el_before_av_social_share '><span class='hr-inner ' ><span class='hr-inner-style'><\/span><\/span><\/div><\/p>\n<div  class='av-social-sharing-box  avia-builder-el-7  el_after_av_hr  el_before_av_hr  '><div class='av-share-box'><h5 class='av-share-link-description av-no-toc '>Compartir esta noticia<\/h5><ul class='av-share-box-list noLightbox'><li class='av-share-link av-social-link-facebook' ><a target=\"_blank\" aria-label=\"Compartir en Facebook\" href='https:\/\/www.facebook.com\/sharer.php?u=https:\/\/radiorevelacionfm.cl\/?p=37400&#038;t=SAG%20recuerda%3A%20El%2030%20de%20noviembre%20vence%20el%20plazo%20para%20realizar%20la%20Declaraci%C3%B3n%20de%20Existencia%20Animal%20%28DEA%29' aria-hidden='false' data-av_icon='\ue8f3' data-av_iconfont='entypo-fontello' title='' data-avia-related-tooltip='Compartir en Facebook' rel=\"noopener\"><span class='avia_hidden_link_text'>Compartir en Facebook<\/span><\/a><\/li><li class='av-share-link av-social-link-twitter' ><a target=\"_blank\" aria-label=\"Compartir en Twitter\" href='https:\/\/twitter.com\/share?text=SAG%20recuerda%3A%20El%2030%20de%20noviembre%20vence%20el%20plazo%20para%20realizar%20la%20Declaraci%C3%B3n%20de%20Existencia%20Animal%20%28DEA%29&#038;url=https:\/\/radiorevelacionfm.cl\/?p=37400' aria-hidden='false' data-av_icon='\ue8f1' data-av_iconfont='entypo-fontello' title='' data-avia-related-tooltip='Compartir en Twitter' rel=\"noopener\"><span class='avia_hidden_link_text'>Compartir en Twitter<\/span><\/a><\/li><li class='av-share-link av-social-link-whatsapp' ><a target=\"_blank\" aria-label=\"Compartir en Whatsapp\" href='https:\/\/api.whatsapp.com\/send?text=https:\/\/radiorevelacionfm.cl\/?p=37400' aria-hidden='false' data-av_icon='\uf232' data-av_iconfont='entypo-fontello' title='' data-avia-related-tooltip='Compartir en Whatsapp' rel=\"noopener\"><span class='avia_hidden_link_text'>Compartir en Whatsapp<\/span><\/a><\/li><li class='av-share-link av-social-link-linkedin' ><a target=\"_blank\" aria-label=\"Compartir en LinkedIn\" href='https:\/\/linkedin.com\/shareArticle?mini=true&#038;title=SAG%20recuerda%3A%20El%2030%20de%20noviembre%20vence%20el%20plazo%20para%20realizar%20la%20Declaraci%C3%B3n%20de%20Existencia%20Animal%20%28DEA%29&#038;url=https:\/\/radiorevelacionfm.cl\/?p=37400' aria-hidden='false' data-av_icon='\ue8fc' data-av_iconfont='entypo-fontello' title='' data-avia-related-tooltip='Compartir en LinkedIn' rel=\"noopener\"><span class='avia_hidden_link_text'>Compartir en LinkedIn<\/span><\/a><\/li><li class='av-share-link av-social-link-mail' ><a  aria-label=\"Compartir por correo\" href='mailto:?subject=SAG%20recuerda%3A%20El%2030%20de%20noviembre%20vence%20el%20plazo%20para%20realizar%20la%20Declaraci%C3%B3n%20de%20Existencia%20Animal%20%28DEA%29&#038;body=https:\/\/radiorevelacionfm.cl\/?p=37400' aria-hidden='false' data-av_icon='\ue805' data-av_iconfont='entypo-fontello' title='' data-avia-related-tooltip='Compartir por correo'><span class='avia_hidden_link_text'>Compartir por correo<\/span><\/a><\/li><\/ul><\/div><\/div>\n<div  style='height:50px' class='hr hr-invisible   avia-builder-el-8  el_after_av_social_share  el_before_av_comments_list '><span class='hr-inner ' ><span class='hr-inner-style'><\/span><\/span><\/div>\n<div  class='av-buildercomment  av-blog-meta-html-info-disabled av-blog-meta-tag-disabled  '><\/div>\n","protected":false},"excerpt":{"rendered":"","protected":false},"author":1,"featured_media":37402,"comment_status":"open","ping_status":"open","sticky":false,"template":"","format":"standard","meta":{"footnotes":""},"categories":[58],"tags":[],"class_list":["post-37400","post","type-post","status-publish","format-standard","has-post-thumbnail","hentry","category-agricultura"],"jetpack_featured_media_url":"https:\/\/radiorevelacionfm.cl\/wp-content\/uploads\/2023\/11\/1000154740-1_optimized.jpg","_links":{"self":[{"href":"https:\/\/radiorevelacionfm.cl\/index.php?rest_route=\/wp\/v2\/posts\/37400","targetHints":{"allow":["GET"]}}],"collection":[{"href":"https:\/\/radiorevelacionfm.cl\/index.php?rest_route=\/wp\/v2\/posts"}],"about":[{"href":"https:\/\/radiorevelacionfm.cl\/index.php?rest_route=\/wp\/v2\/types\/post"}],"author":[{"embeddable":true,"href":"https:\/\/radiorevelacionfm.cl\/index.php?rest_route=\/wp\/v2\/users\/1"}],"replies":[{"embeddable":true,"href":"https:\/\/radiorevelacionfm.cl\/index.php?rest_route=%2Fwp%2Fv2%2Fcomments&post=37400"}],"version-history":[{"count":1,"href":"https:\/\/radiorevelacionfm.cl\/index.php?rest_route=\/wp\/v2\/posts\/37400\/revisions"}],"predecessor-version":[{"id":37403,"href":"https:\/\/radiorevelacionfm.cl\/index.php?rest_route=\/wp\/v2\/posts\/37400\/revisions\/37403"}],"wp:featuredmedia":[{"embeddable":true,"href":"https:\/\/radiorevelacionfm.cl\/index.php?rest_route=\/wp\/v2\/media\/37402"}],"wp:attachment":[{"href":"https:\/\/radiorevelacionfm.cl\/index.php?rest_route=%2Fwp%2Fv2%2Fmedia&parent=37400"}],"wp:term":[{"taxonomy":"category","embeddable":true,"href":"https:\/\/radiorevelacionfm.cl\/index.php?rest_route=%2Fwp%2Fv2%2Fcategories&post=37400"},{"taxonomy":"post_tag","embeddable":true,"href":"https:\/\/radiorevelacionfm.cl\/index.php?rest_route=%2Fwp%2Fv2%2Ftags&post=37400"}],"curies":[{"name":"wp","href":"https:\/\/api.w.org\/{rel}","templated":true}]}}