{"id":37394,"date":"2023-11-27T10:24:47","date_gmt":"2023-11-27T13:24:47","guid":{"rendered":"https:\/\/radiorevelacionfm.cl\/?p=37394"},"modified":"2023-11-27T10:24:47","modified_gmt":"2023-11-27T13:24:47","slug":"minvu-abrio-ultimo-llamado-2023-para-postular-al-subsidio-para-sectores-medios","status":"publish","type":"post","link":"https:\/\/radiorevelacionfm.cl\/?p=37394","title":{"rendered":"Minvu abri\u00f3 \u00faltimo llamado 2023 para postular al subsidio para sectores medios"},"content":{"rendered":"<div class=\"flex_column av_one_full  flex_column_div av-zero-column-padding first  avia-builder-el-0  el_before_av_one_full  avia-builder-el-first  \" style='border-radius:0px; '><div  class='avia-image-container  av-styling-    avia-builder-el-1  avia-builder-el-no-sibling  avia-align-center '  itemprop=\"image\" itemscope=\"itemscope\" itemtype=\"https:\/\/schema.org\/ImageObject\"  ><div class='avia-image-container-inner'><div class='avia-image-overlay-wrap'><img decoding=\"async\" class='wp-image-37395 avia-img-lazy-loading-not-37395 avia_image' src=\"https:\/\/radiorevelacionfm.cl\/wp-content\/uploads\/2023\/11\/foto-archivo-casas-coyhaique-1_optimized-1.jpg\" alt='' title='foto-archivo-casas-coyhaique-(1)_optimized (1)' height=\"600\" width=\"830\"  itemprop=\"thumbnailUrl\" srcset=\"https:\/\/radiorevelacionfm.cl\/wp-content\/uploads\/2023\/11\/foto-archivo-casas-coyhaique-1_optimized-1.jpg 830w, https:\/\/radiorevelacionfm.cl\/wp-content\/uploads\/2023\/11\/foto-archivo-casas-coyhaique-1_optimized-1-300x217.jpg 300w, https:\/\/radiorevelacionfm.cl\/wp-content\/uploads\/2023\/11\/foto-archivo-casas-coyhaique-1_optimized-1-768x555.jpg 768w, https:\/\/radiorevelacionfm.cl\/wp-content\/uploads\/2023\/11\/foto-archivo-casas-coyhaique-1_optimized-1-705x510.jpg 705w, https:\/\/radiorevelacionfm.cl\/wp-content\/uploads\/2023\/11\/foto-archivo-casas-coyhaique-1_optimized-1-450x325.jpg 450w, https:\/\/radiorevelacionfm.cl\/wp-content\/uploads\/2023\/11\/foto-archivo-casas-coyhaique-1_optimized-1-600x434.jpg 600w\" sizes=\"(max-width: 830px) 100vw, 830px\" \/><\/div><\/div><\/div><\/div><div class=\"flex_column av_one_full  flex_column_div av-zero-column-padding first  avia-builder-el-2  el_after_av_one_full  el_before_av_one_full  column-top-margin\" style='border-radius:0px; '><section class=\"av_textblock_section \"  itemscope=\"itemscope\" itemtype=\"https:\/\/schema.org\/BlogPosting\" itemprop=\"blogPost\" ><div class='avia_textblock  '   itemprop=\"text\" ><p style=\"text-align: center;\"><strong><span style=\"font-size: 18pt;\">Minvu abri\u00f3 \u00faltimo llamado 2023 para postular al subsidio para sectores medios<\/span><\/strong><\/p>\n<div id=\"gtx-trans\" style=\"position: absolute; left: -50px; top: 4.31534px;\">\n<div class=\"gtx-trans-icon\"><\/div>\n<\/div>\n<\/div><\/section><\/div><div class=\"flex_column av_one_full  flex_column_div av-zero-column-padding first  avia-builder-el-4  el_after_av_one_full  el_before_av_hr  column-top-margin\" style='border-radius:0px; '><section class=\"av_textblock_section \"  itemscope=\"itemscope\" itemtype=\"https:\/\/schema.org\/BlogPosting\" itemprop=\"blogPost\" ><div class='avia_textblock  '   itemprop=\"text\" ><p style=\"text-align: justify;\">Hasta las 16:00 horas del pr\u00f3ximo jueves 30 de noviembre permanecer\u00e1 abierto el segundo llamado de este a\u00f1o para que las personas de sectores emergentes y medios puedan postular al subsidio que les permite comprar una vivienda nueva o usada, o construir una vivienda en sitio propio, en sectores urbanos o rurales de todo el pa\u00eds.<\/p>\n<p style=\"text-align: justify;\">As\u00ed lo dio a conocer la Seremi de Vivienda y Urbanismo, Paulina Ruz Delf\u00edn quien record\u00f3 que este subsidio, tambi\u00e9n conocido como DS 1, est\u00e1 enfocado a apoyar a las familias que no tienen casa propia, pero s\u00ed poseen capacidad de ahorro y posibilidad de complementar el valor de una vivienda con recursos propios o con un cr\u00e9dito hipotecario.<\/p>\n<p style=\"text-align: justify;\">Precis\u00f3 Paulina Ruz que en esta ocasi\u00f3n las postulaciones a este subsidio se deben hacer por internet, 100% en l\u00ednea, a trav\u00e9s de un <em>banner<\/em> o recuadro que est\u00e1 disponible en el sitio web del Ministerio de Vivienda <a href=\"http:\/\/www.minvu.cl\">www.minvu.cl<\/a>. \u201cComo ha dicho nuestro Ministro Carlos Montes, este subsidio est\u00e1 pensado en aquellas familias de sectores emergentes y medios que hist\u00f3ricamente no han recibido la atenci\u00f3n que necesitan y requieren de un apoyo del Estado para acceder a la vivienda propia. Es por eso que, en el contexto de nuestro Plan de Emergencia Habitacional, hemos impulsado nuevas medidas para apoyar a estas familias, como el Programa de Garant\u00edas de Apoyo a la Vivienda, conocido tambi\u00e9n como Fogaes, que permite acceder al cr\u00e9dito con solo el 10% del pie, o la recientemente aprobada ley que crea un beneficio tributario para la compra de viviendas, el que alcanza hasta un mill\u00f3n de pesos por cinco a\u00f1os\u201d, puntualiz\u00f3.<\/p>\n<p style=\"text-align: justify;\">En ese contexto la Seremi de Vivienda hizo un llamado a la comunidad para estar informados y aprovechar esta buena oportunidad de acceder a la vivienda propia. \u201cEl proceso de postulaci\u00f3n se abri\u00f3 esta semana y se cierra el pr\u00f3ximo jueves 30 de noviembre, por lo que invitamos a nuestras familias de sectores medios de toda la regi\u00f3n a estar informados y postular v\u00eda on line en las fechas antes se\u00f1aladas, o sea hasta el 30 de noviembre, siempre tomando en cuenta los requisitos que se han informado o que pueden averiguar en la p\u00e1gina de internet del Ministerio de Vivienda o en las oficinas del Serviu de todo el pa\u00eds. En el caso de nuestra regi\u00f3n pueden llamar o dirigirse a nuestras oficinas Serviu de Coyhaique o en las delegaciones de Puerto Ays\u00e9n y Cochrane, donde los funcionarios les orientar\u00e1n, les ayudar\u00e1n en su tr\u00e1mite y les aclarar\u00e1n todas las duras respecto de los requisitos y los pasos a seguir en este proceso\u201d, afirm\u00f3.<\/p>\n<p style=\"text-align: justify;\">Respecto a los montos del subsidio en nuestra regi\u00f3n, este depender\u00e1 de la modalidad y tramo al que postule el interesado.<\/p>\n<p style=\"text-align: justify;\"><strong>Para comprar una vivienda<\/strong>: En el tramo 1, el subsidio alcanza los 750 UF (20 millones) para adquirir viviendas de hasta 1200 UF (43 millones de pesos) El ahorro es de 30 UF (1 mill\u00f3n 100 mil pesos, aprox.). En el tramo 2, el subsidio va desde 400 a 700 UF (14 millones 600 mil pesos a 25 millones 550 mil pesos) para adquirir viviendas de hasta 1.800 UF (65 millones 700 mil pesos). El ahorro m\u00ednimo es de 40 UF (1 mill\u00f3n 460 mil pesos). En el tramo 3, el subsidio va desde 400 a 550 (14 millones 600 mil pesos a 20 millones) para adquirir una vivienda de hasta 2600 UF (94 millones 900 mil pesos) El Ahorro es de 80 UF (2 millones 920 mil pesos, aprox.)<\/p>\n<p style=\"text-align: justify;\"><strong>Para construir una vivienda<\/strong>: En el Tramo 2 el subsidio alcanza los 750 UF (27 millones de pesos, aproximadamente), para construir una vivienda de hasta 1600 UF (58 millones 400 mil). El ahorro m\u00ednimo es de 30 UF (1 mill\u00f3n 100 mil pesos, aprox.). En el Tramo 3 el subsidio alcanza las 550 UF (20 millones de pesos, aprox.) para construir una vivienda de hasta 2200 UF (80 millones de pesos, aprox.) El ahorro m\u00ednimo es de 50 UF (1 mill\u00f3n 800 mil pesos, aprox.)<\/p>\n<p style=\"text-align: justify;\">Entre los requisitos generales para postular al subsidio de sectores medios, se cuentan: Tener m\u00ednimo 18 a\u00f1os; Contar con C\u00e9dula de Identidad (Personas extranjeras con C. I. para extranjeros vigente); Acreditar cuenta de ahorro con al menos 12 meses de antig\u00fcedad; Contar con el ahorro m\u00ednimo de acuerdo al tramo postulaci\u00f3n, depositado en la cuenta de ahorro para la vivienda, al \u00faltimo d\u00eda h\u00e1bil del mes anterior al de la postulaci\u00f3n; Estar inscrito en el Registro Social de Hogares y no superar el porcentaje de calificaci\u00f3n socioecon\u00f3mica que exige la alternativa del tramo al que postula.<\/p>\n<p style=\"text-align: justify;\">En caso de dudas sobre requisitos, detalles del programa o asistencia para la postulaci\u00f3n, las familias pueden comunicarse al tel\u00e9fono Minvu Al\u00f3 (600 901 11 11 desde tel\u00e9fono fijo o al\u00a002 2 901 11 11 desde celular) o acercase a las oficinas Serviu de Coyhaique, Puerto Ays\u00e9n o Cochrane.<\/p>\n<\/div><\/section><\/div><div  style='height:50px' class='hr hr-invisible   avia-builder-el-6  el_after_av_one_full  el_before_av_social_share '><span class='hr-inner ' ><span class='hr-inner-style'><\/span><\/span><\/div><\/p>\n<div  class='av-social-sharing-box  avia-builder-el-7  el_after_av_hr  el_before_av_hr  '><div class='av-share-box'><h5 class='av-share-link-description av-no-toc '>Compartir esta noticia<\/h5><ul class='av-share-box-list noLightbox'><li class='av-share-link av-social-link-facebook' ><a target=\"_blank\" aria-label=\"Compartir en Facebook\" href='https:\/\/www.facebook.com\/sharer.php?u=https:\/\/radiorevelacionfm.cl\/?p=37394&#038;t=Minvu%20abri%C3%B3%20%C3%BAltimo%20llamado%202023%20para%20postular%20al%20subsidio%20para%20sectores%20medios' aria-hidden='false' data-av_icon='\ue8f3' data-av_iconfont='entypo-fontello' title='' data-avia-related-tooltip='Compartir en Facebook' rel=\"noopener\"><span class='avia_hidden_link_text'>Compartir en Facebook<\/span><\/a><\/li><li class='av-share-link av-social-link-twitter' ><a target=\"_blank\" aria-label=\"Compartir en Twitter\" href='https:\/\/twitter.com\/share?text=Minvu%20abri%C3%B3%20%C3%BAltimo%20llamado%202023%20para%20postular%20al%20subsidio%20para%20sectores%20medios&#038;url=https:\/\/radiorevelacionfm.cl\/?p=37394' aria-hidden='false' data-av_icon='\ue8f1' data-av_iconfont='entypo-fontello' title='' data-avia-related-tooltip='Compartir en Twitter' rel=\"noopener\"><span class='avia_hidden_link_text'>Compartir en Twitter<\/span><\/a><\/li><li class='av-share-link av-social-link-whatsapp' ><a target=\"_blank\" aria-label=\"Compartir en Whatsapp\" href='https:\/\/api.whatsapp.com\/send?text=https:\/\/radiorevelacionfm.cl\/?p=37394' aria-hidden='false' data-av_icon='\uf232' data-av_iconfont='entypo-fontello' title='' data-avia-related-tooltip='Compartir en Whatsapp' rel=\"noopener\"><span class='avia_hidden_link_text'>Compartir en Whatsapp<\/span><\/a><\/li><li class='av-share-link av-social-link-linkedin' ><a target=\"_blank\" aria-label=\"Compartir en LinkedIn\" href='https:\/\/linkedin.com\/shareArticle?mini=true&#038;title=Minvu%20abri%C3%B3%20%C3%BAltimo%20llamado%202023%20para%20postular%20al%20subsidio%20para%20sectores%20medios&#038;url=https:\/\/radiorevelacionfm.cl\/?p=37394' aria-hidden='false' data-av_icon='\ue8fc' data-av_iconfont='entypo-fontello' title='' data-avia-related-tooltip='Compartir en LinkedIn' rel=\"noopener\"><span class='avia_hidden_link_text'>Compartir en LinkedIn<\/span><\/a><\/li><li class='av-share-link av-social-link-mail' ><a  aria-label=\"Compartir por correo\" href='mailto:?subject=Minvu%20abri%C3%B3%20%C3%BAltimo%20llamado%202023%20para%20postular%20al%20subsidio%20para%20sectores%20medios&#038;body=https:\/\/radiorevelacionfm.cl\/?p=37394' aria-hidden='false' data-av_icon='\ue805' data-av_iconfont='entypo-fontello' title='' data-avia-related-tooltip='Compartir por correo'><span class='avia_hidden_link_text'>Compartir por correo<\/span><\/a><\/li><\/ul><\/div><\/div>\n<div  style='height:50px' class='hr hr-invisible   avia-builder-el-8  el_after_av_social_share  el_before_av_comments_list '><span class='hr-inner ' ><span class='hr-inner-style'><\/span><\/span><\/div>\n<div  class='av-buildercomment  av-blog-meta-html-info-disabled av-blog-meta-tag-disabled  '><\/div>\n","protected":false},"excerpt":{"rendered":"","protected":false},"author":1,"featured_media":37395,"comment_status":"open","ping_status":"open","sticky":false,"template":"","format":"standard","meta":{"footnotes":""},"categories":[57],"tags":[],"class_list":["post-37394","post","type-post","status-publish","format-standard","has-post-thumbnail","hentry","category-vivienda"],"jetpack_featured_media_url":"https:\/\/radiorevelacionfm.cl\/wp-content\/uploads\/2023\/11\/foto-archivo-casas-coyhaique-1_optimized-1.jpg","_links":{"self":[{"href":"https:\/\/radiorevelacionfm.cl\/index.php?rest_route=\/wp\/v2\/posts\/37394","targetHints":{"allow":["GET"]}}],"collection":[{"href":"https:\/\/radiorevelacionfm.cl\/index.php?rest_route=\/wp\/v2\/posts"}],"about":[{"href":"https:\/\/radiorevelacionfm.cl\/index.php?rest_route=\/wp\/v2\/types\/post"}],"author":[{"embeddable":true,"href":"https:\/\/radiorevelacionfm.cl\/index.php?rest_route=\/wp\/v2\/users\/1"}],"replies":[{"embeddable":true,"href":"https:\/\/radiorevelacionfm.cl\/index.php?rest_route=%2Fwp%2Fv2%2Fcomments&post=37394"}],"version-history":[{"count":1,"href":"https:\/\/radiorevelacionfm.cl\/index.php?rest_route=\/wp\/v2\/posts\/37394\/revisions"}],"predecessor-version":[{"id":37396,"href":"https:\/\/radiorevelacionfm.cl\/index.php?rest_route=\/wp\/v2\/posts\/37394\/revisions\/37396"}],"wp:featuredmedia":[{"embeddable":true,"href":"https:\/\/radiorevelacionfm.cl\/index.php?rest_route=\/wp\/v2\/media\/37395"}],"wp:attachment":[{"href":"https:\/\/radiorevelacionfm.cl\/index.php?rest_route=%2Fwp%2Fv2%2Fmedia&parent=37394"}],"wp:term":[{"taxonomy":"category","embeddable":true,"href":"https:\/\/radiorevelacionfm.cl\/index.php?rest_route=%2Fwp%2Fv2%2Fcategories&post=37394"},{"taxonomy":"post_tag","embeddable":true,"href":"https:\/\/radiorevelacionfm.cl\/index.php?rest_route=%2Fwp%2Fv2%2Ftags&post=37394"}],"curies":[{"name":"wp","href":"https:\/\/api.w.org\/{rel}","templated":true}]}}