{"id":37391,"date":"2023-11-27T12:16:56","date_gmt":"2023-11-27T15:16:56","guid":{"rendered":"https:\/\/radiorevelacionfm.cl\/?p=37391"},"modified":"2023-11-27T12:16:56","modified_gmt":"2023-11-27T15:16:56","slug":"senadores-sandoval-y-ordenes-realizan-gestiones-para-finalmente-concretar-esperada-unidad-de-hemodinamia-en-hospital-regional","status":"publish","type":"post","link":"https:\/\/radiorevelacionfm.cl\/?p=37391","title":{"rendered":"Senadores Sandoval y \u00d3rdenes realizan gestiones para finalmente concretar esperada Unidad de Hemodinamia en Hospital Regional"},"content":{"rendered":"<div class=\"flex_column av_one_full  flex_column_div av-zero-column-padding first  avia-builder-el-0  el_before_av_one_full  avia-builder-el-first  \" style='border-radius:0px; '><div  class='avia-image-container  av-styling-    avia-builder-el-1  avia-builder-el-no-sibling  avia-align-center '  itemprop=\"image\" itemscope=\"itemscope\" itemtype=\"https:\/\/schema.org\/ImageObject\"  ><div class='avia-image-container-inner'><div class='avia-image-overlay-wrap'><img decoding=\"async\" class='wp-image-37392 avia-img-lazy-loading-not-37392 avia_image' src=\"https:\/\/radiorevelacionfm.cl\/wp-content\/uploads\/2023\/11\/con-ministra-de-salud-1_optimized.jpg\" alt='' title='con-ministra-de-salud-(1)_optimized' height=\"600\" width=\"945\"  itemprop=\"thumbnailUrl\" srcset=\"https:\/\/radiorevelacionfm.cl\/wp-content\/uploads\/2023\/11\/con-ministra-de-salud-1_optimized.jpg 945w, https:\/\/radiorevelacionfm.cl\/wp-content\/uploads\/2023\/11\/con-ministra-de-salud-1_optimized-300x190.jpg 300w, https:\/\/radiorevelacionfm.cl\/wp-content\/uploads\/2023\/11\/con-ministra-de-salud-1_optimized-768x488.jpg 768w, https:\/\/radiorevelacionfm.cl\/wp-content\/uploads\/2023\/11\/con-ministra-de-salud-1_optimized-705x448.jpg 705w, https:\/\/radiorevelacionfm.cl\/wp-content\/uploads\/2023\/11\/con-ministra-de-salud-1_optimized-450x286.jpg 450w, https:\/\/radiorevelacionfm.cl\/wp-content\/uploads\/2023\/11\/con-ministra-de-salud-1_optimized-600x381.jpg 600w\" sizes=\"(max-width: 945px) 100vw, 945px\" \/><\/div><\/div><\/div><\/div><div class=\"flex_column av_one_full  flex_column_div av-zero-column-padding first  avia-builder-el-2  el_after_av_one_full  el_before_av_one_full  column-top-margin\" style='border-radius:0px; '><section class=\"av_textblock_section \"  itemscope=\"itemscope\" itemtype=\"https:\/\/schema.org\/BlogPosting\" itemprop=\"blogPost\" ><div class='avia_textblock  '   itemprop=\"text\" ><p style=\"text-align: center;\"><span style=\"font-size: 18pt;\"><strong>Senadores Sandoval y \u00d3rdenes realizan gestiones para finalmente concretar esperada Unidad de Hemodinamia en Hospital Regional <\/strong><\/span><\/p>\n<div id=\"gtx-trans\" style=\"position: absolute; left: -50px; top: 4.31534px;\">\n<div class=\"gtx-trans-icon\"><\/div>\n<\/div>\n<\/div><\/section><\/div><div class=\"flex_column av_one_full  flex_column_div av-zero-column-padding first  avia-builder-el-4  el_after_av_one_full  el_before_av_hr  column-top-margin\" style='border-radius:0px; '><section class=\"av_textblock_section \"  itemscope=\"itemscope\" itemtype=\"https:\/\/schema.org\/BlogPosting\" itemprop=\"blogPost\" ><div class='avia_textblock  '   itemprop=\"text\" ><p style=\"text-align: justify;\"><em>Gestiones se vienen realizando desde 2021, momento en que ya se hab\u00eda logrado tanto la pertinencia t\u00e9cnica como econ\u00f3mica para llevar adelante la iniciativa.<\/em><\/p>\n<p style=\"text-align: justify;\">\u201cHemos reflotado con la senadora Ximena \u00d3rdenes un tema significativo para la salud de la regi\u00f3n de Ays\u00e9n, como es la instalaci\u00f3n de una unidad de Hemodinamia en el Hospital Regional\u201d. As\u00ed lo afirm\u00f3 el senador David Sandoval, luego de las reuniones sostenidas en los \u00faltimos d\u00edas, en el marco de la discusi\u00f3n de Presupuesto 2024, con los ministros de Hacienda, Mario Marcel y de Salud, Ximena Aguilera, a quienes plantearon la necesidad de finalmente concretar esta iniciativa, considerando que permitir\u00eda enfrentar de mejor manera una de las principales causas de muerte en la regi\u00f3n, como son los accidentes cardiovasculares.<\/p>\n<p style=\"text-align: justify;\">En 2021, ambos parlamentarios realizaron distintas gestiones -entre ellas una visita al Hospital del T\u00f3rax en Santiago para conocer en terreno c\u00f3mo opera la unidad-, logrando a fines de ese a\u00f1o el compromiso t\u00e9cnico y econ\u00f3mico del Gobierno para poner en marcha la iniciativa. \u201cEsto ya lo ten\u00edamos resuelto (\u2026) pero por la mala gesti\u00f3n del Servicio de Salud de la \u00e9poca no se logr\u00f3 avanzar, a pesar de que ten\u00edamos la pertinencia t\u00e9cnica del ministerio de Salud y el financiamiento asignado por el Ministerio de Hacienda (a trav\u00e9s de la direcci\u00f3n de Presupuesto)\u201d, record\u00f3 el senador Sandoval.<\/p>\n<p style=\"text-align: justify;\">En esa l\u00ednea, el legislador enfatiz\u00f3 que la adquisici\u00f3n del equipamiento (angi\u00f3grafo) es fundamental para poder atender adecuadamente a aquellas personas que sufran este tipo de problemas. \u201cAl no contar con esta infraestructura obliga a traslados, secuelas, entre otros. Es un proyecto de una tremenda necesidad de salud y esperamos avanzar en su concreci\u00f3n\u201d, se\u00f1al\u00f3.<\/p>\n<p style=\"text-align: justify;\">Sandoval fue enf\u00e1tico en se\u00f1alar que \u201cno podemos perder por segunda vez esta oportunidad para la regi\u00f3n de Ays\u00e9n\u201d, manifestando por lo mismo sus reparos a la alternativa que considera el propio SSA, que es la construcci\u00f3n de los m\u00f3dulos cr\u00edticos, que incluyen esta unidad de Hemodinamia. \u201cEso implicar\u00eda que reci\u00e9n en cinco a\u00f1os m\u00e1s se podr\u00eda contar con esta unidad. Pero esta oportunidad no la podemos perder\u201d, recalc\u00f3.<\/p>\n<p style=\"text-align: justify;\">Por su parte, la senadora Ximena \u00d3rdenes subray\u00f3 la urgencia de contar con un angiografo en la regi\u00f3n de Ays\u00e9n. \u201cHoy, ante accidentes cardiovasculares, la respuesta institucional es un traslado aerom\u00e9dico y eso es lo que queremos evitar, porque no es una soluci\u00f3n; complica al usuario, a la familia y nunca se obtienen buenos resultados\u201d, se\u00f1al\u00f3 la parlamentaria, recordando la deuda que el Ejecutivo tiene con la regi\u00f3n con los pacientes cardiovasculares y con los profesionales que han integrado la unidad de cardiolog\u00eda del Hospital Regional.<\/p>\n<p style=\"text-align: justify;\">Junto con esto, la senadora \u00d3rdenes sostuvo que esto m\u00e1s que una solicitud, es una urgencia para la regi\u00f3n. \u201cLo que estamos exigiendo es que se cumpla con el compromiso de que la regi\u00f3n de Ays\u00e9n cuente con un dispositivo para el diagn\u00f3stico y tratamiento de enfermedades cardiovasculares\u201d, concluy\u00f3.<\/p>\n<p style=\"text-align: justify;\">En tanto, la ministra de Salud, Ximena Aguilera, se\u00f1al\u00f3 que en el mes de diciembre dispuso que viaje a la regi\u00f3n el jefe de inversiones del MINSAL para ver c\u00f3mo se puede acelerar la adquisici\u00f3n del angiografo.<\/p>\n<\/div><\/section><\/div><div  style='height:50px' class='hr hr-invisible   avia-builder-el-6  el_after_av_one_full  el_before_av_social_share '><span class='hr-inner ' ><span class='hr-inner-style'><\/span><\/span><\/div><\/p>\n<div  class='av-social-sharing-box  avia-builder-el-7  el_after_av_hr  el_before_av_hr  '><div class='av-share-box'><h5 class='av-share-link-description av-no-toc '>Compartir esta noticia<\/h5><ul class='av-share-box-list noLightbox'><li class='av-share-link av-social-link-facebook' ><a target=\"_blank\" aria-label=\"Compartir en Facebook\" href='https:\/\/www.facebook.com\/sharer.php?u=https:\/\/radiorevelacionfm.cl\/?p=37391&#038;t=Senadores%20Sandoval%20y%20%C3%93rdenes%20realizan%20gestiones%20para%20finalmente%20concretar%20esperada%20Unidad%20de%20Hemodinamia%20en%20Hospital%20Regional' aria-hidden='false' data-av_icon='\ue8f3' data-av_iconfont='entypo-fontello' title='' data-avia-related-tooltip='Compartir en Facebook' rel=\"noopener\"><span class='avia_hidden_link_text'>Compartir en Facebook<\/span><\/a><\/li><li class='av-share-link av-social-link-twitter' ><a target=\"_blank\" aria-label=\"Compartir en Twitter\" href='https:\/\/twitter.com\/share?text=Senadores%20Sandoval%20y%20%C3%93rdenes%20realizan%20gestiones%20para%20finalmente%20concretar%20esperada%20Unidad%20de%20Hemodinamia%20en%20Hospital%20Regional&#038;url=https:\/\/radiorevelacionfm.cl\/?p=37391' aria-hidden='false' data-av_icon='\ue8f1' data-av_iconfont='entypo-fontello' title='' data-avia-related-tooltip='Compartir en Twitter' rel=\"noopener\"><span class='avia_hidden_link_text'>Compartir en Twitter<\/span><\/a><\/li><li class='av-share-link av-social-link-whatsapp' ><a target=\"_blank\" aria-label=\"Compartir en Whatsapp\" href='https:\/\/api.whatsapp.com\/send?text=https:\/\/radiorevelacionfm.cl\/?p=37391' aria-hidden='false' data-av_icon='\uf232' data-av_iconfont='entypo-fontello' title='' data-avia-related-tooltip='Compartir en Whatsapp' rel=\"noopener\"><span class='avia_hidden_link_text'>Compartir en Whatsapp<\/span><\/a><\/li><li class='av-share-link av-social-link-linkedin' ><a target=\"_blank\" aria-label=\"Compartir en LinkedIn\" href='https:\/\/linkedin.com\/shareArticle?mini=true&#038;title=Senadores%20Sandoval%20y%20%C3%93rdenes%20realizan%20gestiones%20para%20finalmente%20concretar%20esperada%20Unidad%20de%20Hemodinamia%20en%20Hospital%20Regional&#038;url=https:\/\/radiorevelacionfm.cl\/?p=37391' aria-hidden='false' data-av_icon='\ue8fc' data-av_iconfont='entypo-fontello' title='' data-avia-related-tooltip='Compartir en LinkedIn' rel=\"noopener\"><span class='avia_hidden_link_text'>Compartir en LinkedIn<\/span><\/a><\/li><li class='av-share-link av-social-link-mail' ><a  aria-label=\"Compartir por correo\" href='mailto:?subject=Senadores%20Sandoval%20y%20%C3%93rdenes%20realizan%20gestiones%20para%20finalmente%20concretar%20esperada%20Unidad%20de%20Hemodinamia%20en%20Hospital%20Regional&#038;body=https:\/\/radiorevelacionfm.cl\/?p=37391' aria-hidden='false' data-av_icon='\ue805' data-av_iconfont='entypo-fontello' title='' data-avia-related-tooltip='Compartir por correo'><span class='avia_hidden_link_text'>Compartir por correo<\/span><\/a><\/li><\/ul><\/div><\/div>\n<div  style='height:50px' class='hr hr-invisible   avia-builder-el-8  el_after_av_social_share  el_before_av_comments_list '><span class='hr-inner ' ><span class='hr-inner-style'><\/span><\/span><\/div>\n<div  class='av-buildercomment  av-blog-meta-html-info-disabled av-blog-meta-tag-disabled  '><\/div>\n","protected":false},"excerpt":{"rendered":"","protected":false},"author":1,"featured_media":37392,"comment_status":"open","ping_status":"open","sticky":false,"template":"","format":"standard","meta":{"footnotes":""},"categories":[35],"tags":[],"class_list":["post-37391","post","type-post","status-publish","format-standard","has-post-thumbnail","hentry","category-politica"],"jetpack_featured_media_url":"https:\/\/radiorevelacionfm.cl\/wp-content\/uploads\/2023\/11\/con-ministra-de-salud-1_optimized.jpg","_links":{"self":[{"href":"https:\/\/radiorevelacionfm.cl\/index.php?rest_route=\/wp\/v2\/posts\/37391","targetHints":{"allow":["GET"]}}],"collection":[{"href":"https:\/\/radiorevelacionfm.cl\/index.php?rest_route=\/wp\/v2\/posts"}],"about":[{"href":"https:\/\/radiorevelacionfm.cl\/index.php?rest_route=\/wp\/v2\/types\/post"}],"author":[{"embeddable":true,"href":"https:\/\/radiorevelacionfm.cl\/index.php?rest_route=\/wp\/v2\/users\/1"}],"replies":[{"embeddable":true,"href":"https:\/\/radiorevelacionfm.cl\/index.php?rest_route=%2Fwp%2Fv2%2Fcomments&post=37391"}],"version-history":[{"count":1,"href":"https:\/\/radiorevelacionfm.cl\/index.php?rest_route=\/wp\/v2\/posts\/37391\/revisions"}],"predecessor-version":[{"id":37393,"href":"https:\/\/radiorevelacionfm.cl\/index.php?rest_route=\/wp\/v2\/posts\/37391\/revisions\/37393"}],"wp:featuredmedia":[{"embeddable":true,"href":"https:\/\/radiorevelacionfm.cl\/index.php?rest_route=\/wp\/v2\/media\/37392"}],"wp:attachment":[{"href":"https:\/\/radiorevelacionfm.cl\/index.php?rest_route=%2Fwp%2Fv2%2Fmedia&parent=37391"}],"wp:term":[{"taxonomy":"category","embeddable":true,"href":"https:\/\/radiorevelacionfm.cl\/index.php?rest_route=%2Fwp%2Fv2%2Fcategories&post=37391"},{"taxonomy":"post_tag","embeddable":true,"href":"https:\/\/radiorevelacionfm.cl\/index.php?rest_route=%2Fwp%2Fv2%2Ftags&post=37391"}],"curies":[{"name":"wp","href":"https:\/\/api.w.org\/{rel}","templated":true}]}}