{"id":37388,"date":"2023-11-26T21:40:56","date_gmt":"2023-11-27T00:40:56","guid":{"rendered":"https:\/\/radiorevelacionfm.cl\/?p=37388"},"modified":"2023-11-26T21:40:56","modified_gmt":"2023-11-27T00:40:56","slug":"consejero-abello-falta-de-inversion-regional-se-palpita-en-los-territorios-muchas-personas-con-necesidad-de-lograr-un-empleo","status":"publish","type":"post","link":"https:\/\/radiorevelacionfm.cl\/?p=37388","title":{"rendered":"Consejero Abello: Falta de inversi\u00f3n regional se palpita en los territorios, muchas personas con necesidad de lograr un empleo"},"content":{"rendered":"<div class=\"flex_column av_one_full  flex_column_div av-zero-column-padding first  avia-builder-el-0  el_before_av_one_full  avia-builder-el-first  \" style='border-radius:0px; '><div  class='avia-image-container  av-styling-    avia-builder-el-1  avia-builder-el-no-sibling  avia-align-center '  itemprop=\"image\" itemscope=\"itemscope\" itemtype=\"https:\/\/schema.org\/ImageObject\"  ><div class='avia-image-container-inner'><div class='avia-image-overlay-wrap'><img decoding=\"async\" class='wp-image-37389 avia-img-lazy-loading-not-37389 avia_image' src=\"https:\/\/radiorevelacionfm.cl\/wp-content\/uploads\/2023\/11\/Consejero-Abello-2023-11-15-1.jpeg\" alt='' title='Consejero Abello 2023-11-15 (1)' height=\"606\" width=\"899\"  itemprop=\"thumbnailUrl\" srcset=\"https:\/\/radiorevelacionfm.cl\/wp-content\/uploads\/2023\/11\/Consejero-Abello-2023-11-15-1.jpeg 899w, https:\/\/radiorevelacionfm.cl\/wp-content\/uploads\/2023\/11\/Consejero-Abello-2023-11-15-1-300x202.jpeg 300w, https:\/\/radiorevelacionfm.cl\/wp-content\/uploads\/2023\/11\/Consejero-Abello-2023-11-15-1-768x518.jpeg 768w, https:\/\/radiorevelacionfm.cl\/wp-content\/uploads\/2023\/11\/Consejero-Abello-2023-11-15-1-705x475.jpeg 705w, https:\/\/radiorevelacionfm.cl\/wp-content\/uploads\/2023\/11\/Consejero-Abello-2023-11-15-1-450x303.jpeg 450w, https:\/\/radiorevelacionfm.cl\/wp-content\/uploads\/2023\/11\/Consejero-Abello-2023-11-15-1-600x404.jpeg 600w\" sizes=\"(max-width: 899px) 100vw, 899px\" \/><\/div><\/div><\/div><\/div><div class=\"flex_column av_one_full  flex_column_div av-zero-column-padding first  avia-builder-el-2  el_after_av_one_full  el_before_av_one_full  column-top-margin\" style='border-radius:0px; '><section class=\"av_textblock_section \"  itemscope=\"itemscope\" itemtype=\"https:\/\/schema.org\/BlogPosting\" itemprop=\"blogPost\" ><div class='avia_textblock  '   itemprop=\"text\" ><p style=\"text-align: center;\"><strong><span style=\"font-size: 18pt;\">Consejero Abello: Falta de inversi\u00f3n regional se palpita en los territorios, muchas personas con necesidad de lograr un empleo<\/span><\/strong><\/p>\n<div id=\"gtx-trans\" style=\"position: absolute; left: -50px; top: 4.31534px;\">\n<div class=\"gtx-trans-icon\"><\/div>\n<\/div>\n<\/div><\/section><\/div><div class=\"flex_column av_one_full  flex_column_div av-zero-column-padding first  avia-builder-el-4  el_after_av_one_full  el_before_av_hr  column-top-margin\" style='border-radius:0px; '><section class=\"av_textblock_section \"  itemscope=\"itemscope\" itemtype=\"https:\/\/schema.org\/BlogPosting\" itemprop=\"blogPost\" ><div class='avia_textblock  '   itemprop=\"text\" ><p style=\"text-align: justify;\">La baja ejecuci\u00f3n presupuestaria en servicios clave como el Ministerio de Obras P\u00fablicas (MOP), SERVIU, Salud y Gore Ays\u00e9n, adem\u00e1s de la falta de avance en proyectos evidencian una situaci\u00f3n preocupante en la regi\u00f3n de Ays\u00e9n. Por ello se ha convocado a estos servicios p\u00fablicos a la Comisi\u00f3n de Presupuesto e Inversiones del Consejo Regional para entender estas problem\u00e1ticas.<\/p>\n<p style=\"text-align: justify;\">El presidente de la Comisi\u00f3n\u00a0 el Consejero Jorge Abello, destac\u00f3 \u201cla colaboraci\u00f3n entre los servicios p\u00fablicos, el Gobierno Regional y los municipios es fundamental para agilizar la ejecuci\u00f3n de proyectos y asegurar que los recursos asignados se traduzcan en mejoras tangibles para la comunidad, impulsando el desarrollo econ\u00f3mico y reduciendo el desempleo en la regi\u00f3n. Por otra parte destac\u00f3 el Consejero Abello \u201ces esencial que los recursos asignados, especialmente los provenientes del FRIL de Emergencia Empleo, se utilicen de manera eficiente y r\u00e1pida para estimular la econom\u00eda local por parte de los municipios y abordar la necesidad de empleo.<\/p>\n<p style=\"text-align: justify;\">Finalmente enfatiz\u00f3 el Consejero Jorge Abello \u201cel gobierno debe involucrarse activamente para identificar las razones detr\u00e1s de la baja ejecuci\u00f3n presupuestaria y tomar medidas correctivas. La falta de inversi\u00f3n est\u00e1 contribuyendo al aumento del desempleo, por lo que se necesitan estrategias focalizadas en generar empleo y reactivar la econom\u00eda regional puntualiz\u00f3 Abello\u201d.<\/p>\n<\/div><\/section><\/div><div  style='height:50px' class='hr hr-invisible   avia-builder-el-6  el_after_av_one_full  el_before_av_social_share '><span class='hr-inner ' ><span class='hr-inner-style'><\/span><\/span><\/div><\/p>\n<div  class='av-social-sharing-box  avia-builder-el-7  el_after_av_hr  el_before_av_hr  '><div class='av-share-box'><h5 class='av-share-link-description av-no-toc '>Compartir esta noticia<\/h5><ul class='av-share-box-list noLightbox'><li class='av-share-link av-social-link-facebook' ><a target=\"_blank\" aria-label=\"Compartir en Facebook\" href='https:\/\/www.facebook.com\/sharer.php?u=https:\/\/radiorevelacionfm.cl\/?p=37388&#038;t=Consejero%20Abello%3A%20Falta%20de%20inversi%C3%B3n%20regional%20se%20palpita%20en%20los%20territorios%2C%20muchas%20personas%20con%20necesidad%20de%20lograr%20un%20empleo' aria-hidden='false' data-av_icon='\ue8f3' data-av_iconfont='entypo-fontello' title='' data-avia-related-tooltip='Compartir en Facebook' rel=\"noopener\"><span class='avia_hidden_link_text'>Compartir en Facebook<\/span><\/a><\/li><li class='av-share-link av-social-link-twitter' ><a target=\"_blank\" aria-label=\"Compartir en Twitter\" href='https:\/\/twitter.com\/share?text=Consejero%20Abello%3A%20Falta%20de%20inversi%C3%B3n%20regional%20se%20palpita%20en%20los%20territorios%2C%20muchas%20personas%20con%20necesidad%20de%20lograr%20un%20empleo&#038;url=https:\/\/radiorevelacionfm.cl\/?p=37388' aria-hidden='false' data-av_icon='\ue8f1' data-av_iconfont='entypo-fontello' title='' data-avia-related-tooltip='Compartir en Twitter' rel=\"noopener\"><span class='avia_hidden_link_text'>Compartir en Twitter<\/span><\/a><\/li><li class='av-share-link av-social-link-whatsapp' ><a target=\"_blank\" aria-label=\"Compartir en Whatsapp\" href='https:\/\/api.whatsapp.com\/send?text=https:\/\/radiorevelacionfm.cl\/?p=37388' aria-hidden='false' data-av_icon='\uf232' data-av_iconfont='entypo-fontello' title='' data-avia-related-tooltip='Compartir en Whatsapp' rel=\"noopener\"><span class='avia_hidden_link_text'>Compartir en Whatsapp<\/span><\/a><\/li><li class='av-share-link av-social-link-linkedin' ><a target=\"_blank\" aria-label=\"Compartir en LinkedIn\" href='https:\/\/linkedin.com\/shareArticle?mini=true&#038;title=Consejero%20Abello%3A%20Falta%20de%20inversi%C3%B3n%20regional%20se%20palpita%20en%20los%20territorios%2C%20muchas%20personas%20con%20necesidad%20de%20lograr%20un%20empleo&#038;url=https:\/\/radiorevelacionfm.cl\/?p=37388' aria-hidden='false' data-av_icon='\ue8fc' data-av_iconfont='entypo-fontello' title='' data-avia-related-tooltip='Compartir en LinkedIn' rel=\"noopener\"><span class='avia_hidden_link_text'>Compartir en LinkedIn<\/span><\/a><\/li><li class='av-share-link av-social-link-mail' ><a  aria-label=\"Compartir por correo\" href='mailto:?subject=Consejero%20Abello%3A%20Falta%20de%20inversi%C3%B3n%20regional%20se%20palpita%20en%20los%20territorios%2C%20muchas%20personas%20con%20necesidad%20de%20lograr%20un%20empleo&#038;body=https:\/\/radiorevelacionfm.cl\/?p=37388' aria-hidden='false' data-av_icon='\ue805' data-av_iconfont='entypo-fontello' title='' data-avia-related-tooltip='Compartir por correo'><span class='avia_hidden_link_text'>Compartir por correo<\/span><\/a><\/li><\/ul><\/div><\/div>\n<div  style='height:50px' class='hr hr-invisible   avia-builder-el-8  el_after_av_social_share  el_before_av_comments_list '><span class='hr-inner ' ><span class='hr-inner-style'><\/span><\/span><\/div>\n<div  class='av-buildercomment  av-blog-meta-html-info-disabled av-blog-meta-tag-disabled  '><\/div>\n","protected":false},"excerpt":{"rendered":"","protected":false},"author":1,"featured_media":37389,"comment_status":"open","ping_status":"open","sticky":false,"template":"","format":"standard","meta":{"footnotes":""},"categories":[38],"tags":[],"class_list":["post-37388","post","type-post","status-publish","format-standard","has-post-thumbnail","hentry","category-regional"],"jetpack_featured_media_url":"https:\/\/radiorevelacionfm.cl\/wp-content\/uploads\/2023\/11\/Consejero-Abello-2023-11-15-1.jpeg","_links":{"self":[{"href":"https:\/\/radiorevelacionfm.cl\/index.php?rest_route=\/wp\/v2\/posts\/37388","targetHints":{"allow":["GET"]}}],"collection":[{"href":"https:\/\/radiorevelacionfm.cl\/index.php?rest_route=\/wp\/v2\/posts"}],"about":[{"href":"https:\/\/radiorevelacionfm.cl\/index.php?rest_route=\/wp\/v2\/types\/post"}],"author":[{"embeddable":true,"href":"https:\/\/radiorevelacionfm.cl\/index.php?rest_route=\/wp\/v2\/users\/1"}],"replies":[{"embeddable":true,"href":"https:\/\/radiorevelacionfm.cl\/index.php?rest_route=%2Fwp%2Fv2%2Fcomments&post=37388"}],"version-history":[{"count":1,"href":"https:\/\/radiorevelacionfm.cl\/index.php?rest_route=\/wp\/v2\/posts\/37388\/revisions"}],"predecessor-version":[{"id":37390,"href":"https:\/\/radiorevelacionfm.cl\/index.php?rest_route=\/wp\/v2\/posts\/37388\/revisions\/37390"}],"wp:featuredmedia":[{"embeddable":true,"href":"https:\/\/radiorevelacionfm.cl\/index.php?rest_route=\/wp\/v2\/media\/37389"}],"wp:attachment":[{"href":"https:\/\/radiorevelacionfm.cl\/index.php?rest_route=%2Fwp%2Fv2%2Fmedia&parent=37388"}],"wp:term":[{"taxonomy":"category","embeddable":true,"href":"https:\/\/radiorevelacionfm.cl\/index.php?rest_route=%2Fwp%2Fv2%2Fcategories&post=37388"},{"taxonomy":"post_tag","embeddable":true,"href":"https:\/\/radiorevelacionfm.cl\/index.php?rest_route=%2Fwp%2Fv2%2Ftags&post=37388"}],"curies":[{"name":"wp","href":"https:\/\/api.w.org\/{rel}","templated":true}]}}