{"id":37385,"date":"2023-11-26T21:31:25","date_gmt":"2023-11-27T00:31:25","guid":{"rendered":"https:\/\/radiorevelacionfm.cl\/?p=37385"},"modified":"2023-11-26T21:31:25","modified_gmt":"2023-11-27T00:31:25","slug":"tras-firma-de-convenio-150-personas-de-la-comuna-de-aysen-podran-trabajar-en-proyectos-fril","status":"publish","type":"post","link":"https:\/\/radiorevelacionfm.cl\/?p=37385","title":{"rendered":"Tras firma de convenio 150 personas de la comuna de Ays\u00e9n podr\u00e1n trabajar en proyectos FRIL"},"content":{"rendered":"<div class=\"flex_column av_one_full  flex_column_div av-zero-column-padding first  avia-builder-el-0  el_before_av_one_full  avia-builder-el-first  \" style='border-radius:0px; '><div  class='avia-image-container  av-styling-    avia-builder-el-1  avia-builder-el-no-sibling  avia-align-center '  itemprop=\"image\" itemscope=\"itemscope\" itemtype=\"https:\/\/schema.org\/ImageObject\"  ><div class='avia-image-container-inner'><div class='avia-image-overlay-wrap'><img decoding=\"async\" class='wp-image-37386 avia-img-lazy-loading-not-37386 avia_image' src=\"https:\/\/radiorevelacionfm.cl\/wp-content\/uploads\/2023\/11\/firma-convenio-fril-1-1_optimized.jpeg\" alt='' title='firma-convenio-fril-1-(1)_optimized' height=\"600\" width=\"996\"  itemprop=\"thumbnailUrl\" srcset=\"https:\/\/radiorevelacionfm.cl\/wp-content\/uploads\/2023\/11\/firma-convenio-fril-1-1_optimized.jpeg 996w, https:\/\/radiorevelacionfm.cl\/wp-content\/uploads\/2023\/11\/firma-convenio-fril-1-1_optimized-300x181.jpeg 300w, https:\/\/radiorevelacionfm.cl\/wp-content\/uploads\/2023\/11\/firma-convenio-fril-1-1_optimized-768x463.jpeg 768w, https:\/\/radiorevelacionfm.cl\/wp-content\/uploads\/2023\/11\/firma-convenio-fril-1-1_optimized-705x425.jpeg 705w, https:\/\/radiorevelacionfm.cl\/wp-content\/uploads\/2023\/11\/firma-convenio-fril-1-1_optimized-450x271.jpeg 450w, https:\/\/radiorevelacionfm.cl\/wp-content\/uploads\/2023\/11\/firma-convenio-fril-1-1_optimized-600x361.jpeg 600w\" sizes=\"(max-width: 996px) 100vw, 996px\" \/><\/div><\/div><\/div><\/div><div class=\"flex_column av_one_full  flex_column_div av-zero-column-padding first  avia-builder-el-2  el_after_av_one_full  el_before_av_one_full  column-top-margin\" style='border-radius:0px; '><section class=\"av_textblock_section \"  itemscope=\"itemscope\" itemtype=\"https:\/\/schema.org\/BlogPosting\" itemprop=\"blogPost\" ><div class='avia_textblock  '   itemprop=\"text\" ><p style=\"text-align: center;\"><strong><span style=\"font-size: 18pt;\">Tras firma de convenio 150 personas de la comuna de Ays\u00e9n podr\u00e1n trabajar en proyectos FRIL <\/span><\/strong><\/p>\n<div id=\"gtx-trans\" style=\"position: absolute; left: -50px; top: 4.31534px;\">\n<div class=\"gtx-trans-icon\"><\/div>\n<\/div>\n<\/div><\/section><\/div><div class=\"flex_column av_one_full  flex_column_div av-zero-column-padding first  avia-builder-el-4  el_after_av_one_full  el_before_av_hr  column-top-margin\" style='border-radius:0px; '><section class=\"av_textblock_section \"  itemscope=\"itemscope\" itemtype=\"https:\/\/schema.org\/BlogPosting\" itemprop=\"blogPost\" ><div class='avia_textblock  '   itemprop=\"text\" ><p style=\"text-align: justify;\"><em>Diversas iniciativas presentaron Alcaldes de otras comunas de la regi\u00f3n, quienes tambi\u00e9n firmaron los convenios para ejecutar prontamente las iniciativas presentadas al Gobierno Regional. <\/em><\/p>\n<p style=\"text-align: justify;\">Por una inversi\u00f3n que supera los 1.100 millones de pesos, la Gobernadora Andrea Mac\u00edas Palma y el Alcalde Julio Uribe Alvarado, firmaron el convenio que permite el traspaso de recursos a la Municipalidad de Ays\u00e9n, para ejecutar en los pr\u00f3ximos d\u00edas diversos proyectos FRIL de administraci\u00f3n directa.<\/p>\n<p style=\"text-align: justify;\">Las iniciativas que permiten recuperar espacios para la comunidad, tambi\u00e9n entregan una fuente de trabajo, en el caso de la comuna de Ays\u00e9n a un total de 150 personas. Para la Gobernadora Andrea Mac\u00edas, el poder distribuir en los 10 Municipios de la regi\u00f3n m\u00e1s de 9 mil millones de pesos, es un hito que los llena de alegr\u00eda.<\/p>\n<p style=\"text-align: justify;\">\u201cComo Gobierno Regional y su Concejo estamos muy contentos de este hito, esto es parte de un marco FRIL que supera los 9 mil millones de pesos, distribuidos en las 10 comunas de la regi\u00f3n, que es el resultado del trabajo conjunto y colaborativo entre los Municipios y el Gobierno Regional. Destacar tambi\u00e9n, todo el trabajo que hay detr\u00e1s para poder llegar con estas iniciativas, los equipos t\u00e9cnicos, tanto de los Municipios como del Gobierno Regional, para llegar con soluciones concretas, para responder a las demandas y requerimientos que surgen desde cada territorio\u201d.<\/p>\n<p style=\"text-align: justify;\">El Alcalde de la comuna de Ays\u00e9n, Julio Uribe, puso en valor el gran trabajo y dedicaci\u00f3n del equipo de SECPLAN de la Municipalidad, como as\u00ed tambi\u00e9n, \u201cagradecer la instancia a la Gobernadora, a todo su equipo t\u00e9cnico, que han permitido la aprobaci\u00f3n de estos proyectos muy demandados por nuestra comunidad, porque es una soluci\u00f3n de mano de obra para las personas que no pueden ser contratadas en alguna empresa y eso viene tambi\u00e9n a dinamizar la econom\u00eda local\u201d.<\/p>\n<p style=\"text-align: justify;\">El convenio firmado entre la Gobernadora Regional y el Alcalde de Ays\u00e9n, permitir\u00e1n llevar a cabo proyectos FRIL en Los Torreones, El Salto, Ma\u00f1ihuales, Chacabuco, Puerto Ays\u00e9n y las tres localidades de Islas Huichas.<\/p>\n<p style=\"text-align: justify;\">\u201cDonde falta infraestructura, donde estamos utilizando estos proyectos para dar luminosidad, para hacer m\u00e1s seguras nuestras v\u00edas, por lo tanto, es un tremendo beneficio que les llega a las localidades y tambi\u00e9n a Puerto Ays\u00e9n. As\u00ed es que, nada m\u00e1s que agradecer, las personas que entran a estos trabajos est\u00e1n ansiosos de partir y viene tambi\u00e9n en una fecha donde se necesita, viene fin de a\u00f1o y vamos a tener m\u00e1s de 150 personas trabajando en estos proyectos\u201d, a\u00f1adi\u00f3 el Alcalde Julio Uribe.<\/p>\n<p style=\"text-align: justify;\">Todas las iniciativas que pronto comenzar\u00e1n su ejecuci\u00f3n fueron levantas y formuladas desde la SECPLAN de la Municipalidad de Ays\u00e9n, liderada por Roc\u00edo B\u00f3rquez Jorquera junto a un gran equipo, como as\u00ed mismo ocurre en el Gobierno Regional, con quienes se trabaja mancomunadamente para obtener positivos resultados en bien de la comunidad.<\/p>\n<\/div><\/section><\/div><div  style='height:50px' class='hr hr-invisible   avia-builder-el-6  el_after_av_one_full  el_before_av_social_share '><span class='hr-inner ' ><span class='hr-inner-style'><\/span><\/span><\/div><\/p>\n<div  class='av-social-sharing-box  avia-builder-el-7  el_after_av_hr  el_before_av_hr  '><div class='av-share-box'><h5 class='av-share-link-description av-no-toc '>Compartir esta noticia<\/h5><ul class='av-share-box-list noLightbox'><li class='av-share-link av-social-link-facebook' ><a target=\"_blank\" aria-label=\"Compartir en Facebook\" href='https:\/\/www.facebook.com\/sharer.php?u=https:\/\/radiorevelacionfm.cl\/?p=37385&#038;t=Tras%20firma%20de%20convenio%20150%20personas%20de%20la%20comuna%20de%20Ays%C3%A9n%20podr%C3%A1n%20trabajar%20en%20proyectos%20FRIL' aria-hidden='false' data-av_icon='\ue8f3' data-av_iconfont='entypo-fontello' title='' data-avia-related-tooltip='Compartir en Facebook' rel=\"noopener\"><span class='avia_hidden_link_text'>Compartir en Facebook<\/span><\/a><\/li><li class='av-share-link av-social-link-twitter' ><a target=\"_blank\" aria-label=\"Compartir en Twitter\" href='https:\/\/twitter.com\/share?text=Tras%20firma%20de%20convenio%20150%20personas%20de%20la%20comuna%20de%20Ays%C3%A9n%20podr%C3%A1n%20trabajar%20en%20proyectos%20FRIL&#038;url=https:\/\/radiorevelacionfm.cl\/?p=37385' aria-hidden='false' data-av_icon='\ue8f1' data-av_iconfont='entypo-fontello' title='' data-avia-related-tooltip='Compartir en Twitter' rel=\"noopener\"><span class='avia_hidden_link_text'>Compartir en Twitter<\/span><\/a><\/li><li class='av-share-link av-social-link-whatsapp' ><a target=\"_blank\" aria-label=\"Compartir en Whatsapp\" href='https:\/\/api.whatsapp.com\/send?text=https:\/\/radiorevelacionfm.cl\/?p=37385' aria-hidden='false' data-av_icon='\uf232' data-av_iconfont='entypo-fontello' title='' data-avia-related-tooltip='Compartir en Whatsapp' rel=\"noopener\"><span class='avia_hidden_link_text'>Compartir en Whatsapp<\/span><\/a><\/li><li class='av-share-link av-social-link-linkedin' ><a target=\"_blank\" aria-label=\"Compartir en LinkedIn\" href='https:\/\/linkedin.com\/shareArticle?mini=true&#038;title=Tras%20firma%20de%20convenio%20150%20personas%20de%20la%20comuna%20de%20Ays%C3%A9n%20podr%C3%A1n%20trabajar%20en%20proyectos%20FRIL&#038;url=https:\/\/radiorevelacionfm.cl\/?p=37385' aria-hidden='false' data-av_icon='\ue8fc' data-av_iconfont='entypo-fontello' title='' data-avia-related-tooltip='Compartir en LinkedIn' rel=\"noopener\"><span class='avia_hidden_link_text'>Compartir en LinkedIn<\/span><\/a><\/li><li class='av-share-link av-social-link-mail' ><a  aria-label=\"Compartir por correo\" href='mailto:?subject=Tras%20firma%20de%20convenio%20150%20personas%20de%20la%20comuna%20de%20Ays%C3%A9n%20podr%C3%A1n%20trabajar%20en%20proyectos%20FRIL&#038;body=https:\/\/radiorevelacionfm.cl\/?p=37385' aria-hidden='false' data-av_icon='\ue805' data-av_iconfont='entypo-fontello' title='' data-avia-related-tooltip='Compartir por correo'><span class='avia_hidden_link_text'>Compartir por correo<\/span><\/a><\/li><\/ul><\/div><\/div>\n<div  style='height:50px' class='hr hr-invisible   avia-builder-el-8  el_after_av_social_share  el_before_av_comments_list '><span class='hr-inner ' ><span class='hr-inner-style'><\/span><\/span><\/div>\n<div  class='av-buildercomment  av-blog-meta-html-info-disabled av-blog-meta-tag-disabled  '><\/div>\n","protected":false},"excerpt":{"rendered":"","protected":false},"author":1,"featured_media":37386,"comment_status":"open","ping_status":"open","sticky":false,"template":"","format":"standard","meta":{"footnotes":""},"categories":[38],"tags":[],"class_list":["post-37385","post","type-post","status-publish","format-standard","has-post-thumbnail","hentry","category-regional"],"jetpack_featured_media_url":"https:\/\/radiorevelacionfm.cl\/wp-content\/uploads\/2023\/11\/firma-convenio-fril-1-1_optimized.jpeg","_links":{"self":[{"href":"https:\/\/radiorevelacionfm.cl\/index.php?rest_route=\/wp\/v2\/posts\/37385","targetHints":{"allow":["GET"]}}],"collection":[{"href":"https:\/\/radiorevelacionfm.cl\/index.php?rest_route=\/wp\/v2\/posts"}],"about":[{"href":"https:\/\/radiorevelacionfm.cl\/index.php?rest_route=\/wp\/v2\/types\/post"}],"author":[{"embeddable":true,"href":"https:\/\/radiorevelacionfm.cl\/index.php?rest_route=\/wp\/v2\/users\/1"}],"replies":[{"embeddable":true,"href":"https:\/\/radiorevelacionfm.cl\/index.php?rest_route=%2Fwp%2Fv2%2Fcomments&post=37385"}],"version-history":[{"count":1,"href":"https:\/\/radiorevelacionfm.cl\/index.php?rest_route=\/wp\/v2\/posts\/37385\/revisions"}],"predecessor-version":[{"id":37387,"href":"https:\/\/radiorevelacionfm.cl\/index.php?rest_route=\/wp\/v2\/posts\/37385\/revisions\/37387"}],"wp:featuredmedia":[{"embeddable":true,"href":"https:\/\/radiorevelacionfm.cl\/index.php?rest_route=\/wp\/v2\/media\/37386"}],"wp:attachment":[{"href":"https:\/\/radiorevelacionfm.cl\/index.php?rest_route=%2Fwp%2Fv2%2Fmedia&parent=37385"}],"wp:term":[{"taxonomy":"category","embeddable":true,"href":"https:\/\/radiorevelacionfm.cl\/index.php?rest_route=%2Fwp%2Fv2%2Fcategories&post=37385"},{"taxonomy":"post_tag","embeddable":true,"href":"https:\/\/radiorevelacionfm.cl\/index.php?rest_route=%2Fwp%2Fv2%2Ftags&post=37385"}],"curies":[{"name":"wp","href":"https:\/\/api.w.org\/{rel}","templated":true}]}}