{"id":3738,"date":"2021-05-03T15:38:38","date_gmt":"2021-05-03T18:38:38","guid":{"rendered":"https:\/\/radiorevelacionfm.cl\/?p=3738"},"modified":"2021-05-03T15:38:38","modified_gmt":"2021-05-03T18:38:38","slug":"colegio-kalem-de-puerto-aysen-suscribio-el-compromiso-bicentenario-con-la-calidad-educativa","status":"publish","type":"post","link":"https:\/\/radiorevelacionfm.cl\/?p=3738","title":{"rendered":"Colegio Kalem de Puerto Ays\u00e9n suscribi\u00f3 el Compromiso Bicentenario con la calidad educativa"},"content":{"rendered":"<div class=\"flex_column av_one_full  flex_column_div av-zero-column-padding first  avia-builder-el-0  el_before_av_one_full  avia-builder-el-first  \" style='border-radius:0px; '><div  class='avia-image-container  av-styling-    avia-builder-el-1  avia-builder-el-no-sibling  avia-align-center '  itemprop=\"image\" itemscope=\"itemscope\" itemtype=\"https:\/\/schema.org\/ImageObject\"  ><div class='avia-image-container-inner'><div class='avia-image-overlay-wrap'><img decoding=\"async\" class='wp-image-0 avia-img-lazy-loading-not-0 avia_image' src=\"https:\/\/radiorevelacionfm.cl\/wp-content\/uploads\/2021\/05\/image-24-1_optimized.png\" alt='' title=''   itemprop=\"thumbnailUrl\"  \/><\/div><\/div><\/div><\/div><div class=\"flex_column av_one_full  flex_column_div av-zero-column-padding first  avia-builder-el-2  el_after_av_one_full  el_before_av_one_full  column-top-margin\" style='border-radius:0px; '><section class=\"av_textblock_section \"  itemscope=\"itemscope\" itemtype=\"https:\/\/schema.org\/BlogPosting\" itemprop=\"blogPost\" ><div class='avia_textblock  '   itemprop=\"text\" ><p style=\"text-align: center;\"><strong><span style=\"font-size: 18pt;\">Colegio Kalem de Puerto Ays\u00e9n suscribi\u00f3 el Compromiso Bicentenario con la calidad educativa<\/span><\/strong><\/p>\n<div id=\"gtx-trans\" style=\"position: absolute; left: -50px; top: 4.31534px;\">\n<div class=\"gtx-trans-icon\"><\/div>\n<\/div>\n<\/div><\/section><\/div><div class=\"flex_column av_one_full  flex_column_div av-zero-column-padding first  avia-builder-el-4  el_after_av_one_full  el_before_av_hr  column-top-margin\" style='border-radius:0px; '><section class=\"av_textblock_section \"  itemscope=\"itemscope\" itemtype=\"https:\/\/schema.org\/BlogPosting\" itemprop=\"blogPost\" ><div class='avia_textblock  '   itemprop=\"text\" ><p class=\"v1MsoNormal\" style=\"text-align: justify;\"><span lang=\"ES\">Hasta el Colegio Kalem Bicentenario de Puerto Ays\u00e9n concurrieron el Gobernador de la Provincia de Ays\u00e9n Manuel Ort\u00edz Torres y el Seremi de Educaci\u00f3n Sergio Becerra Mera para acompa\u00f1ar a esa comunidad escolar en la firma del Compromiso Bicentenario, un desaf\u00edo para alcanzar la excelencia educativa.<\/span><\/p>\n<p class=\"v1MsoNormal\" style=\"text-align: justify;\">En una breve y significativa \u00a0ceremonia, representantes de los distintos estamentos del establecimiento educacional: Sostenedor, directivos, docentes, asistentes de la educaci\u00f3n, padres y apoderados y estudiantes suscribieron este compromiso \u00a0para trabajar en procura de buenos resultados acad\u00e9micos.<\/p>\n<p class=\"v1MsoNormal\" style=\"text-align: justify;\">La firma cuyo prop\u00f3sito es reforzar el compromiso de toda la comunidad escolar para alcanzar las metas educativas \u00abBicentenario\u00bb, representa la incorporaci\u00f3n oficial de este establecimiento, uno de los nuevos 120 liceos que a partir de este a\u00f1o se suman a la red de 320 colegios comprometidos a inicios de Gobierno, pudiendo llegar con esta exitosa pol\u00edtica educativa a m\u00e1s de 248 mil ni\u00f1os y j\u00f3venes en todo Chile. El Colegio Kalem de Puerto Ays\u00e9n y el Liceo Agr\u00edcola e Industrial de la Patagonia de Coyhaique son los dos planteles de la regi\u00f3n que se incorporaron a la Red de Liceos Bicentenarios tras participar en la convocatoria realizada en 2020.<\/p>\n<p class=\"v1MsoNormal\" style=\"text-align: justify;\"><span lang=\"ES\">En su intervenci\u00f3n, el seremi Sergio Becerra Mera destac\u00f3: \u00abEl programa Liceos Bicentenario ha logrado resultados reales en el corto plazo, y sin duda, es una de las pol\u00edticas educativas m\u00e1s exitosas en a\u00f1os.\u00a0<\/span>Como regi\u00f3n sentimos una gran satisfacci\u00f3n porque cuando iniciamos nuestro per\u00edodo de Gobierno en 2018 planteamos como desaf\u00edo sumar 3 nuevos planteles a la red y finalmente hemos duplicado esa meta, ya que se han sumado en el segundo mandato del Presidente Pi\u00f1era 6 nuevos Liceos Bicentenario, lo que adem\u00e1s es un alto porcentaje del total de liceos existentes en la regi\u00f3n. Los liceos Bicentenario\u00a0 destacan por el compromiso de sus equipos directivos y docentes en la entrega de una educaci\u00f3n y formaci\u00f3n de excelencia, raz\u00f3n por la cual son altamente valorados por las familias\u00bb.<\/p>\n<p class=\"v1MsoNormal\" style=\"text-align: justify;\">Por su parte, la directora del plantel, Marcela Jaramillo Mora expres\u00f3: \u00abNosotros como colegio estamos muy enfocados en el aprendizaje de nuestros estudiantes; queremos que ellos y sus familias tengan altas expectativas. Queremos que ellos puedan salir a estudiar y que sean un referente acad\u00e9mico y que tengan \u00e9xito en su vida\u00bb.<\/p>\n<p class=\"v1MsoNormal\" style=\"text-align: justify;\">La estudiante Ayleen Alvarez Henr\u00edquez manifest\u00f3 que \u00abEs positivo contar con el sello Bicentenario ya que con ello se apunta a la calidad de la educaci\u00f3n. Lo que destaco de mi colegio es la dedicaci\u00f3n y compromiso y disposici\u00f3n de nuestros profesores, quienes siempre est\u00e1n preocupados de que aprendamos y atentos a nuestras dudas e interrogantes\u00bb.<\/p>\n<p class=\"v1MsoNormal\" style=\"text-align: justify;\">El Gobernador de la provincia de Ays\u00e9n Manuel Ort\u00edz felicit\u00f3 al Colegio Kalem por incorporarse a la Red de Liceos Bicentenario. \u00abEsto es motivo de celebraci\u00f3n, ya que sumamos como provincia un nuevo Liceo Bicentenario. Por su trayectoria y trabajo, la comunidad del Colegio Kalem es merecedora de contar con el sello Bicentenario\u00bb.<\/p>\n<p class=\"v1MsoNormal\" style=\"text-align: justify;\">\u00a0<b>Compromiso Bicentenario:<\/b><\/p>\n<ul>\n<li>Como estudiantes nos comprometemos a ser protagonistas de nuestra educaci\u00f3n, aprovechando al m\u00e1ximo las oportunidades de aprendizaje, con esfuerzo y dedicaci\u00f3n.<\/li>\n<li class=\"v1MsoNormal\" style=\"text-align: justify;\">Los profesores nos comprometemos a entregar una educaci\u00f3n de calidad a todos los estudiantes, gui\u00e1ndolos y motiv\u00e1ndolos a aprender.<\/li>\n<li class=\"v1MsoNormal\" style=\"text-align: justify;\">Los asistentes de la educaci\u00f3n nos comprometemos a otorgar un ambiente propicio para el aprendizaje.<\/li>\n<li class=\"v1MsoNormal\" style=\"text-align: justify;\">El equipo directivo se compromete a acompa\u00f1ar al profesor, entregarle retroalimentaci\u00f3n y orientarlo en su docencia.<\/li>\n<li class=\"v1MsoNormal\" style=\"text-align: justify;\">Padres y apoderados nos comprometemos a apoyar a nuestros hijos fomentando el esfuerzo y dedicaci\u00f3n en sus deberes escolares e involucrarnos en el proyecto educativo del establecimiento.<\/li>\n<li class=\"v1MsoNormal\" style=\"text-align: justify;\">Como director me comprometo a ser un agente movilizador de cambio dentro de la comunidad educativa, teniendo como foco el logro de los aprendizajes.<\/li>\n<li class=\"v1MsoNormal\" style=\"text-align: justify;\">En el rol de sostenedor me comprometo a apoyar la implementaci\u00f3n del proyecto Bicentenario.<\/li>\n<li class=\"v1MsoNormal\" style=\"text-align: justify;\">Como Seremi de Educaci\u00f3n me comprometo a acompa\u00f1ar al establecimiento, contribuyendo a mejorar la educaci\u00f3n del pa\u00eds.<\/li>\n<li class=\"v1MsoNormal\" style=\"text-align: justify;\">Como Ministro de Educaci\u00f3n me comprometo a trabajar por un sistema educativo que se centre en la sala de clases, la convivencia escolar y la formaci\u00f3n integral de los estudiantes.<\/li>\n<\/ul>\n<\/div><\/section><\/div><div  style='height:50px' class='hr hr-invisible   avia-builder-el-6  el_after_av_one_full  el_before_av_social_share '><span class='hr-inner ' ><span class='hr-inner-style'><\/span><\/span><\/div><\/p>\n<div  class='av-social-sharing-box  avia-builder-el-7  el_after_av_hr  el_before_av_hr  '><div class='av-share-box'><h5 class='av-share-link-description av-no-toc '>Compartir esta noticia<\/h5><ul class='av-share-box-list noLightbox'><li class='av-share-link av-social-link-facebook' ><a target=\"_blank\" aria-label=\"Compartir en Facebook\" href='https:\/\/www.facebook.com\/sharer.php?u=https:\/\/radiorevelacionfm.cl\/?p=3738&#038;t=Colegio%20Kalem%20de%20Puerto%20Ays%C3%A9n%20suscribi%C3%B3%20el%20Compromiso%20Bicentenario%20con%20la%20calidad%20educativa' aria-hidden='false' data-av_icon='\ue8f3' data-av_iconfont='entypo-fontello' title='' data-avia-related-tooltip='Compartir en Facebook' rel=\"noopener\"><span class='avia_hidden_link_text'>Compartir en Facebook<\/span><\/a><\/li><li class='av-share-link av-social-link-twitter' ><a target=\"_blank\" aria-label=\"Compartir en Twitter\" href='https:\/\/twitter.com\/share?text=Colegio%20Kalem%20de%20Puerto%20Ays%C3%A9n%20suscribi%C3%B3%20el%20Compromiso%20Bicentenario%20con%20la%20calidad%20educativa&#038;url=https:\/\/radiorevelacionfm.cl\/?p=3738' aria-hidden='false' data-av_icon='\ue8f1' data-av_iconfont='entypo-fontello' title='' data-avia-related-tooltip='Compartir en Twitter' rel=\"noopener\"><span class='avia_hidden_link_text'>Compartir en Twitter<\/span><\/a><\/li><li class='av-share-link av-social-link-whatsapp' ><a target=\"_blank\" aria-label=\"Compartir en Whatsapp\" href='https:\/\/api.whatsapp.com\/send?text=https:\/\/radiorevelacionfm.cl\/?p=3738' aria-hidden='false' data-av_icon='\uf232' data-av_iconfont='entypo-fontello' title='' data-avia-related-tooltip='Compartir en Whatsapp' rel=\"noopener\"><span class='avia_hidden_link_text'>Compartir en Whatsapp<\/span><\/a><\/li><li class='av-share-link av-social-link-linkedin' ><a target=\"_blank\" aria-label=\"Compartir en LinkedIn\" href='https:\/\/linkedin.com\/shareArticle?mini=true&#038;title=Colegio%20Kalem%20de%20Puerto%20Ays%C3%A9n%20suscribi%C3%B3%20el%20Compromiso%20Bicentenario%20con%20la%20calidad%20educativa&#038;url=https:\/\/radiorevelacionfm.cl\/?p=3738' aria-hidden='false' data-av_icon='\ue8fc' data-av_iconfont='entypo-fontello' title='' data-avia-related-tooltip='Compartir en LinkedIn' rel=\"noopener\"><span class='avia_hidden_link_text'>Compartir en LinkedIn<\/span><\/a><\/li><li class='av-share-link av-social-link-mail' ><a  aria-label=\"Compartir por correo\" href='mailto:?subject=Colegio%20Kalem%20de%20Puerto%20Ays%C3%A9n%20suscribi%C3%B3%20el%20Compromiso%20Bicentenario%20con%20la%20calidad%20educativa&#038;body=https:\/\/radiorevelacionfm.cl\/?p=3738' aria-hidden='false' data-av_icon='\ue805' data-av_iconfont='entypo-fontello' title='' data-avia-related-tooltip='Compartir por correo'><span class='avia_hidden_link_text'>Compartir por correo<\/span><\/a><\/li><\/ul><\/div><\/div>\n<div  style='height:50px' class='hr hr-invisible   avia-builder-el-8  el_after_av_social_share  el_before_av_comments_list '><span class='hr-inner ' ><span class='hr-inner-style'><\/span><\/span><\/div>\n<div  class='av-buildercomment  av-blog-meta-html-info-disabled av-blog-meta-tag-disabled  '><\/div>\n","protected":false},"excerpt":{"rendered":"","protected":false},"author":1,"featured_media":0,"comment_status":"open","ping_status":"open","sticky":false,"template":"","format":"standard","meta":{"footnotes":""},"categories":[49],"tags":[],"class_list":["post-3738","post","type-post","status-publish","format-standard","hentry","category-educacion"],"jetpack_featured_media_url":"","_links":{"self":[{"href":"https:\/\/radiorevelacionfm.cl\/index.php?rest_route=\/wp\/v2\/posts\/3738","targetHints":{"allow":["GET"]}}],"collection":[{"href":"https:\/\/radiorevelacionfm.cl\/index.php?rest_route=\/wp\/v2\/posts"}],"about":[{"href":"https:\/\/radiorevelacionfm.cl\/index.php?rest_route=\/wp\/v2\/types\/post"}],"author":[{"embeddable":true,"href":"https:\/\/radiorevelacionfm.cl\/index.php?rest_route=\/wp\/v2\/users\/1"}],"replies":[{"embeddable":true,"href":"https:\/\/radiorevelacionfm.cl\/index.php?rest_route=%2Fwp%2Fv2%2Fcomments&post=3738"}],"version-history":[{"count":1,"href":"https:\/\/radiorevelacionfm.cl\/index.php?rest_route=\/wp\/v2\/posts\/3738\/revisions"}],"predecessor-version":[{"id":3740,"href":"https:\/\/radiorevelacionfm.cl\/index.php?rest_route=\/wp\/v2\/posts\/3738\/revisions\/3740"}],"wp:attachment":[{"href":"https:\/\/radiorevelacionfm.cl\/index.php?rest_route=%2Fwp%2Fv2%2Fmedia&parent=3738"}],"wp:term":[{"taxonomy":"category","embeddable":true,"href":"https:\/\/radiorevelacionfm.cl\/index.php?rest_route=%2Fwp%2Fv2%2Fcategories&post=3738"},{"taxonomy":"post_tag","embeddable":true,"href":"https:\/\/radiorevelacionfm.cl\/index.php?rest_route=%2Fwp%2Fv2%2Ftags&post=3738"}],"curies":[{"name":"wp","href":"https:\/\/api.w.org\/{rel}","templated":true}]}}