{"id":37379,"date":"2023-11-26T15:12:03","date_gmt":"2023-11-26T18:12:03","guid":{"rendered":"https:\/\/radiorevelacionfm.cl\/?p=37379"},"modified":"2023-11-26T15:12:03","modified_gmt":"2023-11-26T18:12:03","slug":"foji-cierra-exitoso-ciclo-de-conciertos-y-abre-postulaciones-para-integrar-orquesta-juvenil-2024","status":"publish","type":"post","link":"https:\/\/radiorevelacionfm.cl\/?p=37379","title":{"rendered":"FOJI cierra exitoso ciclo de conciertos y abre postulaciones para integrar orquesta juvenil 2024"},"content":{"rendered":"<div class=\"flex_column av_one_full  flex_column_div av-zero-column-padding first  avia-builder-el-0  el_before_av_one_full  avia-builder-el-first  \" style='border-radius:0px; '><div  class='avia-image-container  av-styling-    avia-builder-el-1  avia-builder-el-no-sibling  avia-align-center '  itemprop=\"image\" itemscope=\"itemscope\" itemtype=\"https:\/\/schema.org\/ImageObject\"  ><div class='avia-image-container-inner'><div class='avia-image-overlay-wrap'><img decoding=\"async\" class='wp-image-37380 avia-img-lazy-loading-not-37380 avia_image' src=\"https:\/\/radiorevelacionfm.cl\/wp-content\/uploads\/2023\/11\/concierto-nazareno-2-1-1.jpg\" alt='' title='concierto nazareno 2 (1) (1)' height=\"600\" width=\"900\"  itemprop=\"thumbnailUrl\" srcset=\"https:\/\/radiorevelacionfm.cl\/wp-content\/uploads\/2023\/11\/concierto-nazareno-2-1-1.jpg 900w, https:\/\/radiorevelacionfm.cl\/wp-content\/uploads\/2023\/11\/concierto-nazareno-2-1-1-300x200.jpg 300w, https:\/\/radiorevelacionfm.cl\/wp-content\/uploads\/2023\/11\/concierto-nazareno-2-1-1-768x512.jpg 768w, https:\/\/radiorevelacionfm.cl\/wp-content\/uploads\/2023\/11\/concierto-nazareno-2-1-1-705x470.jpg 705w, https:\/\/radiorevelacionfm.cl\/wp-content\/uploads\/2023\/11\/concierto-nazareno-2-1-1-450x300.jpg 450w, https:\/\/radiorevelacionfm.cl\/wp-content\/uploads\/2023\/11\/concierto-nazareno-2-1-1-600x400.jpg 600w\" sizes=\"(max-width: 900px) 100vw, 900px\" \/><\/div><\/div><\/div><\/div><div class=\"flex_column av_one_full  flex_column_div av-zero-column-padding first  avia-builder-el-2  el_after_av_one_full  el_before_av_one_full  column-top-margin\" style='border-radius:0px; '><section class=\"av_textblock_section \"  itemscope=\"itemscope\" itemtype=\"https:\/\/schema.org\/BlogPosting\" itemprop=\"blogPost\" ><div class='avia_textblock  '   itemprop=\"text\" ><p style=\"text-align: center;\"><strong><span style=\"font-size: 18pt;\">FOJI cierra exitoso ciclo de conciertos y abre postulaciones para integrar orquesta juvenil 2024<\/span><\/strong><\/p>\n<div id=\"gtx-trans\" style=\"position: absolute; left: -50px; top: 4.31534px;\">\n<div class=\"gtx-trans-icon\"><\/div>\n<\/div>\n<\/div><\/section><\/div><div class=\"flex_column av_one_full  flex_column_div av-zero-column-padding first  avia-builder-el-4  el_after_av_one_full  el_before_av_hr  column-top-margin\" style='border-radius:0px; '><section class=\"av_textblock_section \"  itemscope=\"itemscope\" itemtype=\"https:\/\/schema.org\/BlogPosting\" itemprop=\"blogPost\" ><div class='avia_textblock  '   itemprop=\"text\" ><p style=\"text-align: justify;\">Una positiva evaluaci\u00f3n se hizo tras los 3 conciertos que ofreci\u00f3 a la comunidad\u00a0la Orquesta Sinf\u00f3nica Juvenil Regional de Ays\u00e9n durante el mes de noviembre en Puerto Ays\u00e9n y Coyhaique y que estuvo bajo la direcci\u00f3n musical de\u00a0Valeska Herrera Barraza y \u00d3scar Urrutia Morales.<\/p>\n<p style=\"text-align: justify;\">J\u00e9ssica Vera Vallejos, Coordinadora de la Orquesta Sinf\u00f3nica Juvenil Regional de Ays\u00e9n coment\u00f3 su satisfacci\u00f3n tras el trabajo iniciado en el mes de mayo por parte de la Fundaci\u00f3n \u00abFueron jornadas intensas de mucho trabajo, de demostrar todo lo que los m\u00fasicos pod\u00edan hacer y felices de estas 3 jornadas porque tuvimos mucho p\u00fablico en la Casa de la Cultura en Puerto Ays\u00e9n y los dos en Coyhaique, as\u00ed que m\u00e1s que agradecidos de todo lo que lograron en este a\u00f1o. Agradecer a toda la comunidad que nos ha apoyado, a todas las instituciones que nos han acompa\u00f1ado y en especial a los pap\u00e1s y a los ni\u00f1os, yo creo que ese es el mayor logro de aqu\u00ed, el mayor esfuerzo y la mayor apoyo que tenemos en el a\u00f1o\u00bb.<\/p>\n<p style=\"text-align: justify;\">Los asistentes a los conciertos felicitaron el nivel de las presentaciones y la posibilidad que exista esta oferta cultural gratuita para Puerto Ays\u00e9n y Coyhaique. As\u00ed lo destac\u00f3 Rodolfo Fuentes \u00bb es valios\u00edsimo porque no siempre tenemos esta oportunidad y nos deleitaron con una presentaci\u00f3n maravillosa y es admirable todo el trabajo y esfuerzo que hay detr\u00e1s\u00bb en tanto \u00cdtalo Opazo ex integrante de la orquesta y actual instructor \u00a0coment\u00f3 \u00abes muy bonito, yo soy m\u00fasico de FOJI en la Araucan\u00eda y ahora hago clases en la regi\u00f3n y me llena de alegr\u00eda que la m\u00fasica llegue a un lugar inh\u00f3spito como lo es la regi\u00f3n de Ays\u00e9n\u00bb por \u00faltimo Camila Osorio coment\u00f3 \u00abme pareci\u00f3 espectacular, los ni\u00f1os tienen mucho talento y cada uno con sus instrumentos nos deleitaron con los temas que tocaron y es una oportunidad maravillosa para mostrarnos su talento\u00bb.<\/p>\n<p style=\"text-align: justify;\">A los conciertos de la catedral en Coyhaique y luego en el Santuario Jes\u00fas Nazareno estuvo presente el delegado regional Presidencial Rodrigo Araya quien coment\u00f3 \u00abHan sido conciertos conmovedores y al ver esta orquesta sinf\u00f3nica juvenil regional, que implica un esfuerzo inmenso donde se juntan al artistas de toda la regi\u00f3n desde el mes de abril para preparar estos conciertos de finalizaci\u00f3n del a\u00f1o y un reconocimiento a los directores tambi\u00e9n que participaron en este tremendo esfuerzo. Pero yo creo que vale la pena destacar que la m\u00fasica es un tema que une a las personas y\u00a0 tambi\u00e9n democratiza el acceso a tener instrumentos de primera calidad, a tener profesores que puedan ense\u00f1ar\u00bb.<\/p>\n<p style=\"text-align: justify;\">En el santuario Jes\u00fas Nazareno se dio paso a la \u00faltima presentaci\u00f3n bajo el nombre \u00abciclos de conciertos por la vida: La m\u00fasica un lugar de encuentro\u00bb que se enmarc\u00f3 en \u00abConciertos por la Memoria y Futuro\u00bb del Ministerio de las Culturas y Las Artes, conmemorando en esta ocasi\u00f3n los 50 a\u00f1os de la partida del maestro Jorge Pe\u00f1a Hen.\u00a0 El\u00a0Seremi de las culturas, las artes y el Patrimonio Felipe Quiroz afirm\u00f3 que \u00a0\u00abEn el cincuentenario del golpe de Estado este trabajo colaborativo se est\u00e1 desarrollando por todo el pa\u00eds y hoy d\u00eda nos congregamos en Coyhaique para poder relevar a trav\u00e9s de la m\u00fasica este pasado doloroso que hemos tenido como pa\u00eds. Adicionalmente, contentos porque ha sido un espacio de encuentro entre las familias, entre los m\u00fasicos y la comunidad\u00bb.<\/p>\n<p style=\"text-align: justify;\">Durante este mes la Fundaci\u00f3n de Orquesta Sinf\u00f3nica Juvenil Regional que cuenta con 40\u00a0integrantes de las localidades de Puerto Cisnes, Bah\u00eda Murta, Villa Ortega y Coyhaique abre\u00a0las postulaciones hasta el 26 de diciembre para ser parte de esta orquesta \u00a02024, por lo que la invitaci\u00f3n de parte de la Fundaci\u00f3n es a inscribirse y prepararse para las pruebas de selecci\u00f3n \u00abComenzamos con esta etapa muy importante para que los m\u00fasicos que sean seleccionados, los becarios contar\u00e1n con una\u00a0 subvenci\u00f3n mensual, acceso a los\u00a0instrumentos, entre otros m\u00e1s\u00bb finaliz\u00f3 J\u00e9ssica Vera invitando a consultar al correo electr\u00f3nico\u00a0<a href=\"mailto:osjr.aysen@foji.cl\">osjr.aysen@foji.cl<\/a>\u00a0donde deben indicar en el asunto:\u00a0Consulta Beca OSJR 2024.<\/p>\n<\/div><\/section><\/div><div  style='height:50px' class='hr hr-invisible   avia-builder-el-6  el_after_av_one_full  el_before_av_social_share '><span class='hr-inner ' ><span class='hr-inner-style'><\/span><\/span><\/div><\/p>\n<div  class='av-social-sharing-box  avia-builder-el-7  el_after_av_hr  el_before_av_hr  '><div class='av-share-box'><h5 class='av-share-link-description av-no-toc '>Compartir esta noticia<\/h5><ul class='av-share-box-list noLightbox'><li class='av-share-link av-social-link-facebook' ><a target=\"_blank\" aria-label=\"Compartir en Facebook\" href='https:\/\/www.facebook.com\/sharer.php?u=https:\/\/radiorevelacionfm.cl\/?p=37379&#038;t=FOJI%20cierra%20exitoso%20ciclo%20de%20conciertos%20y%20abre%20postulaciones%20para%20integrar%20orquesta%20juvenil%202024' aria-hidden='false' data-av_icon='\ue8f3' data-av_iconfont='entypo-fontello' title='' data-avia-related-tooltip='Compartir en Facebook' rel=\"noopener\"><span class='avia_hidden_link_text'>Compartir en Facebook<\/span><\/a><\/li><li class='av-share-link av-social-link-twitter' ><a target=\"_blank\" aria-label=\"Compartir en Twitter\" href='https:\/\/twitter.com\/share?text=FOJI%20cierra%20exitoso%20ciclo%20de%20conciertos%20y%20abre%20postulaciones%20para%20integrar%20orquesta%20juvenil%202024&#038;url=https:\/\/radiorevelacionfm.cl\/?p=37379' aria-hidden='false' data-av_icon='\ue8f1' data-av_iconfont='entypo-fontello' title='' data-avia-related-tooltip='Compartir en Twitter' rel=\"noopener\"><span class='avia_hidden_link_text'>Compartir en Twitter<\/span><\/a><\/li><li class='av-share-link av-social-link-whatsapp' ><a target=\"_blank\" aria-label=\"Compartir en Whatsapp\" href='https:\/\/api.whatsapp.com\/send?text=https:\/\/radiorevelacionfm.cl\/?p=37379' aria-hidden='false' data-av_icon='\uf232' data-av_iconfont='entypo-fontello' title='' data-avia-related-tooltip='Compartir en Whatsapp' rel=\"noopener\"><span class='avia_hidden_link_text'>Compartir en Whatsapp<\/span><\/a><\/li><li class='av-share-link av-social-link-linkedin' ><a target=\"_blank\" aria-label=\"Compartir en LinkedIn\" href='https:\/\/linkedin.com\/shareArticle?mini=true&#038;title=FOJI%20cierra%20exitoso%20ciclo%20de%20conciertos%20y%20abre%20postulaciones%20para%20integrar%20orquesta%20juvenil%202024&#038;url=https:\/\/radiorevelacionfm.cl\/?p=37379' aria-hidden='false' data-av_icon='\ue8fc' data-av_iconfont='entypo-fontello' title='' data-avia-related-tooltip='Compartir en LinkedIn' rel=\"noopener\"><span class='avia_hidden_link_text'>Compartir en LinkedIn<\/span><\/a><\/li><li class='av-share-link av-social-link-mail' ><a  aria-label=\"Compartir por correo\" href='mailto:?subject=FOJI%20cierra%20exitoso%20ciclo%20de%20conciertos%20y%20abre%20postulaciones%20para%20integrar%20orquesta%20juvenil%202024&#038;body=https:\/\/radiorevelacionfm.cl\/?p=37379' aria-hidden='false' data-av_icon='\ue805' data-av_iconfont='entypo-fontello' title='' data-avia-related-tooltip='Compartir por correo'><span class='avia_hidden_link_text'>Compartir por correo<\/span><\/a><\/li><\/ul><\/div><\/div>\n<div  style='height:50px' class='hr hr-invisible   avia-builder-el-8  el_after_av_social_share  el_before_av_comments_list '><span class='hr-inner ' ><span class='hr-inner-style'><\/span><\/span><\/div>\n<div  class='av-buildercomment  av-blog-meta-html-info-disabled av-blog-meta-tag-disabled  '><\/div>\n","protected":false},"excerpt":{"rendered":"","protected":false},"author":1,"featured_media":37380,"comment_status":"open","ping_status":"open","sticky":false,"template":"","format":"standard","meta":{"footnotes":""},"categories":[43],"tags":[],"class_list":["post-37379","post","type-post","status-publish","format-standard","has-post-thumbnail","hentry","category-musica"],"jetpack_featured_media_url":"https:\/\/radiorevelacionfm.cl\/wp-content\/uploads\/2023\/11\/concierto-nazareno-2-1-1.jpg","_links":{"self":[{"href":"https:\/\/radiorevelacionfm.cl\/index.php?rest_route=\/wp\/v2\/posts\/37379","targetHints":{"allow":["GET"]}}],"collection":[{"href":"https:\/\/radiorevelacionfm.cl\/index.php?rest_route=\/wp\/v2\/posts"}],"about":[{"href":"https:\/\/radiorevelacionfm.cl\/index.php?rest_route=\/wp\/v2\/types\/post"}],"author":[{"embeddable":true,"href":"https:\/\/radiorevelacionfm.cl\/index.php?rest_route=\/wp\/v2\/users\/1"}],"replies":[{"embeddable":true,"href":"https:\/\/radiorevelacionfm.cl\/index.php?rest_route=%2Fwp%2Fv2%2Fcomments&post=37379"}],"version-history":[{"count":1,"href":"https:\/\/radiorevelacionfm.cl\/index.php?rest_route=\/wp\/v2\/posts\/37379\/revisions"}],"predecessor-version":[{"id":37381,"href":"https:\/\/radiorevelacionfm.cl\/index.php?rest_route=\/wp\/v2\/posts\/37379\/revisions\/37381"}],"wp:featuredmedia":[{"embeddable":true,"href":"https:\/\/radiorevelacionfm.cl\/index.php?rest_route=\/wp\/v2\/media\/37380"}],"wp:attachment":[{"href":"https:\/\/radiorevelacionfm.cl\/index.php?rest_route=%2Fwp%2Fv2%2Fmedia&parent=37379"}],"wp:term":[{"taxonomy":"category","embeddable":true,"href":"https:\/\/radiorevelacionfm.cl\/index.php?rest_route=%2Fwp%2Fv2%2Fcategories&post=37379"},{"taxonomy":"post_tag","embeddable":true,"href":"https:\/\/radiorevelacionfm.cl\/index.php?rest_route=%2Fwp%2Fv2%2Ftags&post=37379"}],"curies":[{"name":"wp","href":"https:\/\/api.w.org\/{rel}","templated":true}]}}