{"id":37373,"date":"2023-11-27T09:38:06","date_gmt":"2023-11-27T12:38:06","guid":{"rendered":"https:\/\/radiorevelacionfm.cl\/?p=37373"},"modified":"2023-11-27T09:38:06","modified_gmt":"2023-11-27T12:38:06","slug":"escuelas-y-liceos-de-la-region-de-aysen-se-suman-a-la-reactivacion-educativa-a-traves-de-ferias-literarias-y-talleres","status":"publish","type":"post","link":"https:\/\/radiorevelacionfm.cl\/?p=37373","title":{"rendered":"Escuelas y Liceos de la Regi\u00f3n de Ays\u00e9n se suman a la Reactivaci\u00f3n Educativa a trav\u00e9s de Ferias Literarias y Talleres"},"content":{"rendered":"<div class=\"flex_column av_one_full  flex_column_div av-zero-column-padding first  avia-builder-el-0  el_before_av_one_full  avia-builder-el-first  \" style='border-radius:0px; '><div  class='avia-image-container  av-styling-    avia-builder-el-1  avia-builder-el-no-sibling  avia-align-center '  itemprop=\"image\" itemscope=\"itemscope\" itemtype=\"https:\/\/schema.org\/ImageObject\"  ><div class='avia-image-container-inner'><div class='avia-image-overlay-wrap'><img decoding=\"async\" class='wp-image-37374 avia-img-lazy-loading-not-37374 avia_image' src=\"https:\/\/radiorevelacionfm.cl\/wp-content\/uploads\/2023\/11\/Feria-Guadal-1.jpg\" alt='' title='Feria Guadal (1)' height=\"616\" width=\"1080\"  itemprop=\"thumbnailUrl\" srcset=\"https:\/\/radiorevelacionfm.cl\/wp-content\/uploads\/2023\/11\/Feria-Guadal-1.jpg 1080w, https:\/\/radiorevelacionfm.cl\/wp-content\/uploads\/2023\/11\/Feria-Guadal-1-300x171.jpg 300w, https:\/\/radiorevelacionfm.cl\/wp-content\/uploads\/2023\/11\/Feria-Guadal-1-1030x587.jpg 1030w, https:\/\/radiorevelacionfm.cl\/wp-content\/uploads\/2023\/11\/Feria-Guadal-1-768x438.jpg 768w, https:\/\/radiorevelacionfm.cl\/wp-content\/uploads\/2023\/11\/Feria-Guadal-1-705x402.jpg 705w, https:\/\/radiorevelacionfm.cl\/wp-content\/uploads\/2023\/11\/Feria-Guadal-1-450x257.jpg 450w, https:\/\/radiorevelacionfm.cl\/wp-content\/uploads\/2023\/11\/Feria-Guadal-1-600x342.jpg 600w\" sizes=\"(max-width: 1080px) 100vw, 1080px\" \/><\/div><\/div><\/div><\/div><div class=\"flex_column av_one_full  flex_column_div av-zero-column-padding first  avia-builder-el-2  el_after_av_one_full  el_before_av_one_full  column-top-margin\" style='border-radius:0px; '><section class=\"av_textblock_section \"  itemscope=\"itemscope\" itemtype=\"https:\/\/schema.org\/BlogPosting\" itemprop=\"blogPost\" ><div class='avia_textblock  '   itemprop=\"text\" ><p style=\"text-align: center;\"><span style=\"font-size: 18pt;\"><b>Escuelas y Liceos de la Regi\u00f3n de Ays\u00e9n se suman a la Reactivaci\u00f3n Educativa a trav\u00e9s de Ferias Literarias y Talleres<\/b><\/span><\/p>\n<div id=\"gtx-trans\" style=\"position: absolute; left: -50px; top: 4.31534px;\">\n<div class=\"gtx-trans-icon\"><\/div>\n<\/div>\n<\/div><\/section><\/div><div class=\"flex_column av_one_full  flex_column_div av-zero-column-padding first  avia-builder-el-4  el_after_av_one_full  el_before_av_hr  column-top-margin\" style='border-radius:0px; '><section class=\"av_textblock_section \"  itemscope=\"itemscope\" itemtype=\"https:\/\/schema.org\/BlogPosting\" itemprop=\"blogPost\" ><div class='avia_textblock  '   itemprop=\"text\" ><p class=\"v1MsoNormal\" style=\"text-align: justify;\">En el contexto de la Estrategia Nacional para el Fortalecimiento de la Lectura, Escritura y la Comunicaci\u00f3n Integral, como apoyo a ni\u00f1as, ni\u00f1os y estudiantes, por las brechas de aprendizaje de dichas habilidades y competencias, la que articula iniciativas para fomentar progresivamente la lectura, la escritura y la comunicaci\u00f3n integral en espacios educativos formales y no formales.<\/p>\n<p class=\"v1MsoNormal\" style=\"text-align: justify;\">El objetivo del plan es impulsar una respuesta integral y estrat\u00e9gica para la recuperaci\u00f3n del sistema educativo tras los efectos del cierre prolongado de los establecimientos debido a la pandemia por COVID-19.<\/p>\n<p class=\"v1MsoNormal\" style=\"text-align: justify;\">Dentro de las iniciativas que se implementan para fortalecer los procesos de escritura, lectura y comunicaci\u00f3n integral, se encuentran aquellas que buscan fomentar el inter\u00e9s y motivaci\u00f3n en ni\u00f1os, ni\u00f1as y adolescentes convocando a estudiantes, comunidades educativas, familias e instituciones de la sociedad civil, y que abarcan los diferentes niveles educativos.<\/p>\n<p class=\"v1MsoNormal\" style=\"text-align: justify;\">Las iniciativas se estructuran en: Ferias Literarias: actividades en provincias y localidades, de fomento de la lectura, tales como muestras de teatro, cuentacuentos, fanzine, mediaci\u00f3n de la lectura, entre otros.<\/p>\n<p class=\"v1MsoNormal\" style=\"text-align: justify;\">Los talleres y ferias literarias buscan generar y fortalecer espacios de lectura y creaci\u00f3n literaria, en que las y los estudiantes son protagonistas y cuyo eje articulador es la apropiaci\u00f3n progresiva de competencias lectoras, de escritura y de comunicaci\u00f3n. Otro aspecto de la estrategia es impulsar el goce por la lectura y escritura, para, promover as\u00ed, la lectura y creaci\u00f3n literaria de distintos tipos de textos, formatos y modalidades, desarrollando otras expresiones que derivan de las letras, ampliando el universo de lo tradicionalmente conocido.<\/p>\n<p class=\"v1MsoNormal\" style=\"text-align: justify;\">Las escuelas y liceos que se sumaron a estas actividades son: Escuela Litoral Austral y Liceo Ra\u00fal Broussain Campino de Puerto Ays\u00e9n, Escuela Jos\u00e9 Miguel Carrera de Lago Verde, Escuela V\u00edctor Domingo Silva de Coyhaique, Escuela Libertador Bernardo O&#8217;Higgins y Escuela Bertrand de la comuna de Chile Chico, Escuela Repollal y Liceo de Melinka de la comuna de las Guaitecas, Escuela Amanda Labarca Humberston, Escuela Hamburgo y Liceo Eusebio Ibar de la comuna de Cisnes.<\/p>\n<p class=\"v1MsoNormal\" style=\"text-align: justify;\">En este contexto se implement\u00f3 la iniciativa regional\u00a0<b>\u00ab<\/b>Talleres de Teatro por la Democracia y los Derechos Humanos\u00bb orientada a estudiantes desde NT1 a IV\u00b0 medio con apoyo de\u00a0 talleristas creando un grupo de teatro en sesiones de una hora cronol\u00f3gica y la puesta en escena de una representaci\u00f3n u obra de teatro bajo la tem\u00e1tica antes mencionada.<\/p>\n<p class=\"v1MsoNormal\" style=\"text-align: justify;\">Tras participar en la Feria Literaria de Puerto Guadal la Seremi de Educaci\u00f3n Isabel Garrido destac\u00f3: \u00abContentos de estar hoy en la Escuela Bernardo O\u00b4Higgins, establecimiento que tiene un proyecto educativo centrado en la vida comunitaria y entorno natural un espacio privilegiado de nuestra regi\u00f3n y que lo han sabido aprovechar como espacio educativo. Participamos adem\u00e1s de la Feria Literaria, actividad inserta en el plan de Reactivaci\u00f3n Educativa que impulsa el gobierno del Presidente Gabriel Boric con la que se busca involucrar a las familias y a toda la comunidad escolar de los colegios en esta tarea pa\u00eds que es recuperar los aprendizajes tras la pandemia del COVD 19;\u00a0 fomentando la lectura y la escritura que nos permiten abrir nuevos mundos. Asistimos a obras de teatro y expresiones art\u00edsticas preciosas, bailes, m\u00fasica, artesan\u00eda; en resumen, vemos a una comunidad viva y unida en esta tremenda tarea que es la Reactivaci\u00f3n Educativa\u00bb.<\/p>\n<p class=\"v1MsoNormal\" style=\"text-align: justify;\">Por su parte, la directora de la Escuela anfitriona Cecilia Rosas Picero manifest\u00f3 su satisfacci\u00f3n por la participaci\u00f3n alcanzada en la jornada. \u00abContamos con la participaci\u00f3n de artistas locales, artesanas de nuestra comunidad y todos los cursos de nuestra escuela se involucraron desde prek\u00ednder hasta octavo b\u00e1sico y a Escuela de Bertrand present\u00f3 obras de teatro. La jornada tuvo como sello el rescate identitario de nuestra localidad y\u00a0 regi\u00f3n a trav\u00e9s de los cantos y bailes. Destacamos adem\u00e1s la activa participaci\u00f3n de los apoderados y la presencia de la seremi de Educaci\u00f3n y como escuela nos sentimos muy apoyados por nuestra comunidad local. Estamos contentos con el resultado de esta actividad que entre otras cosas nos permiti\u00f3 apoyar a la vecina escuela de Puerto Bertrand\u00bb.<\/p>\n<p class=\"v1MsoNormal\" style=\"text-align: justify;\">En las ferias literarias participan colaborativamente las Bibliotecas Escolares CRA, con la coordinaci\u00f3n LEC, Lectura, Escritura y Comunicaci\u00f3n de cada comunidad escolar,\u00a0 a trav\u00e9s de cuentacuentos y todas las posibles expresiones art\u00edsticas que provoca cada cuento, poes\u00eda, novelas, historias locales y variadas manifestaciones musicales y pict\u00f3ricas.<\/p>\n<\/div><\/section><\/div><div  style='height:50px' class='hr hr-invisible   avia-builder-el-6  el_after_av_one_full  el_before_av_social_share '><span class='hr-inner ' ><span class='hr-inner-style'><\/span><\/span><\/div><\/p>\n<div  class='av-social-sharing-box  avia-builder-el-7  el_after_av_hr  el_before_av_hr  '><div class='av-share-box'><h5 class='av-share-link-description av-no-toc '>Compartir esta noticia<\/h5><ul class='av-share-box-list noLightbox'><li class='av-share-link av-social-link-facebook' ><a target=\"_blank\" aria-label=\"Compartir en Facebook\" href='https:\/\/www.facebook.com\/sharer.php?u=https:\/\/radiorevelacionfm.cl\/?p=37373&#038;t=Escuelas%20y%20Liceos%20de%20la%20Regi%C3%B3n%20de%20Ays%C3%A9n%20se%20suman%20a%20la%20Reactivaci%C3%B3n%20Educativa%20a%20trav%C3%A9s%20de%20Ferias%20Literarias%20y%20Talleres' aria-hidden='false' data-av_icon='\ue8f3' data-av_iconfont='entypo-fontello' title='' data-avia-related-tooltip='Compartir en Facebook' rel=\"noopener\"><span class='avia_hidden_link_text'>Compartir en Facebook<\/span><\/a><\/li><li class='av-share-link av-social-link-twitter' ><a target=\"_blank\" aria-label=\"Compartir en Twitter\" href='https:\/\/twitter.com\/share?text=Escuelas%20y%20Liceos%20de%20la%20Regi%C3%B3n%20de%20Ays%C3%A9n%20se%20suman%20a%20la%20Reactivaci%C3%B3n%20Educativa%20a%20trav%C3%A9s%20de%20Ferias%20Literarias%20y%20Talleres&#038;url=https:\/\/radiorevelacionfm.cl\/?p=37373' aria-hidden='false' data-av_icon='\ue8f1' data-av_iconfont='entypo-fontello' title='' data-avia-related-tooltip='Compartir en Twitter' rel=\"noopener\"><span class='avia_hidden_link_text'>Compartir en Twitter<\/span><\/a><\/li><li class='av-share-link av-social-link-whatsapp' ><a target=\"_blank\" aria-label=\"Compartir en Whatsapp\" href='https:\/\/api.whatsapp.com\/send?text=https:\/\/radiorevelacionfm.cl\/?p=37373' aria-hidden='false' data-av_icon='\uf232' data-av_iconfont='entypo-fontello' title='' data-avia-related-tooltip='Compartir en Whatsapp' rel=\"noopener\"><span class='avia_hidden_link_text'>Compartir en Whatsapp<\/span><\/a><\/li><li class='av-share-link av-social-link-linkedin' ><a target=\"_blank\" aria-label=\"Compartir en LinkedIn\" href='https:\/\/linkedin.com\/shareArticle?mini=true&#038;title=Escuelas%20y%20Liceos%20de%20la%20Regi%C3%B3n%20de%20Ays%C3%A9n%20se%20suman%20a%20la%20Reactivaci%C3%B3n%20Educativa%20a%20trav%C3%A9s%20de%20Ferias%20Literarias%20y%20Talleres&#038;url=https:\/\/radiorevelacionfm.cl\/?p=37373' aria-hidden='false' data-av_icon='\ue8fc' data-av_iconfont='entypo-fontello' title='' data-avia-related-tooltip='Compartir en LinkedIn' rel=\"noopener\"><span class='avia_hidden_link_text'>Compartir en LinkedIn<\/span><\/a><\/li><li class='av-share-link av-social-link-mail' ><a  aria-label=\"Compartir por correo\" href='mailto:?subject=Escuelas%20y%20Liceos%20de%20la%20Regi%C3%B3n%20de%20Ays%C3%A9n%20se%20suman%20a%20la%20Reactivaci%C3%B3n%20Educativa%20a%20trav%C3%A9s%20de%20Ferias%20Literarias%20y%20Talleres&#038;body=https:\/\/radiorevelacionfm.cl\/?p=37373' aria-hidden='false' data-av_icon='\ue805' data-av_iconfont='entypo-fontello' title='' data-avia-related-tooltip='Compartir por correo'><span class='avia_hidden_link_text'>Compartir por correo<\/span><\/a><\/li><\/ul><\/div><\/div>\n<div  style='height:50px' class='hr hr-invisible   avia-builder-el-8  el_after_av_social_share  el_before_av_comments_list '><span class='hr-inner ' ><span class='hr-inner-style'><\/span><\/span><\/div>\n<div  class='av-buildercomment  av-blog-meta-html-info-disabled av-blog-meta-tag-disabled  '><\/div>\n","protected":false},"excerpt":{"rendered":"","protected":false},"author":1,"featured_media":37374,"comment_status":"open","ping_status":"open","sticky":false,"template":"","format":"standard","meta":{"footnotes":""},"categories":[49],"tags":[],"class_list":["post-37373","post","type-post","status-publish","format-standard","has-post-thumbnail","hentry","category-educacion"],"jetpack_featured_media_url":"https:\/\/radiorevelacionfm.cl\/wp-content\/uploads\/2023\/11\/Feria-Guadal-1.jpg","_links":{"self":[{"href":"https:\/\/radiorevelacionfm.cl\/index.php?rest_route=\/wp\/v2\/posts\/37373","targetHints":{"allow":["GET"]}}],"collection":[{"href":"https:\/\/radiorevelacionfm.cl\/index.php?rest_route=\/wp\/v2\/posts"}],"about":[{"href":"https:\/\/radiorevelacionfm.cl\/index.php?rest_route=\/wp\/v2\/types\/post"}],"author":[{"embeddable":true,"href":"https:\/\/radiorevelacionfm.cl\/index.php?rest_route=\/wp\/v2\/users\/1"}],"replies":[{"embeddable":true,"href":"https:\/\/radiorevelacionfm.cl\/index.php?rest_route=%2Fwp%2Fv2%2Fcomments&post=37373"}],"version-history":[{"count":1,"href":"https:\/\/radiorevelacionfm.cl\/index.php?rest_route=\/wp\/v2\/posts\/37373\/revisions"}],"predecessor-version":[{"id":37375,"href":"https:\/\/radiorevelacionfm.cl\/index.php?rest_route=\/wp\/v2\/posts\/37373\/revisions\/37375"}],"wp:featuredmedia":[{"embeddable":true,"href":"https:\/\/radiorevelacionfm.cl\/index.php?rest_route=\/wp\/v2\/media\/37374"}],"wp:attachment":[{"href":"https:\/\/radiorevelacionfm.cl\/index.php?rest_route=%2Fwp%2Fv2%2Fmedia&parent=37373"}],"wp:term":[{"taxonomy":"category","embeddable":true,"href":"https:\/\/radiorevelacionfm.cl\/index.php?rest_route=%2Fwp%2Fv2%2Fcategories&post=37373"},{"taxonomy":"post_tag","embeddable":true,"href":"https:\/\/radiorevelacionfm.cl\/index.php?rest_route=%2Fwp%2Fv2%2Ftags&post=37373"}],"curies":[{"name":"wp","href":"https:\/\/api.w.org\/{rel}","templated":true}]}}