{"id":37367,"date":"2023-11-26T14:43:05","date_gmt":"2023-11-26T17:43:05","guid":{"rendered":"https:\/\/radiorevelacionfm.cl\/?p=37367"},"modified":"2023-11-26T14:43:05","modified_gmt":"2023-11-26T17:43:05","slug":"segundo-grupo-de-adultos-mayores-emprende-viaje-con-programa-vacaciones-tercera-edad","status":"publish","type":"post","link":"https:\/\/radiorevelacionfm.cl\/?p=37367","title":{"rendered":"Segundo grupo de adultos mayores emprende viaje con programa Vacaciones Tercera Edad"},"content":{"rendered":"<div class=\"flex_column av_one_full  flex_column_div av-zero-column-padding first  avia-builder-el-0  el_before_av_one_full  avia-builder-el-first  \" style='border-radius:0px; '><div  class='avia-image-container  av-styling-    avia-builder-el-1  avia-builder-el-no-sibling  avia-align-center '  itemprop=\"image\" itemscope=\"itemscope\" itemtype=\"https:\/\/schema.org\/ImageObject\"  ><div class='avia-image-container-inner'><div class='avia-image-overlay-wrap'><img decoding=\"async\" class='wp-image-37368 avia-img-lazy-loading-not-37368 avia_image' src=\"https:\/\/radiorevelacionfm.cl\/wp-content\/uploads\/2023\/11\/vte-03-1_optimized.jpg\" alt='' title='vte-03-(1)_optimized' height=\"600\" width=\"1066\"  itemprop=\"thumbnailUrl\" srcset=\"https:\/\/radiorevelacionfm.cl\/wp-content\/uploads\/2023\/11\/vte-03-1_optimized.jpg 1066w, https:\/\/radiorevelacionfm.cl\/wp-content\/uploads\/2023\/11\/vte-03-1_optimized-300x169.jpg 300w, https:\/\/radiorevelacionfm.cl\/wp-content\/uploads\/2023\/11\/vte-03-1_optimized-1030x580.jpg 1030w, https:\/\/radiorevelacionfm.cl\/wp-content\/uploads\/2023\/11\/vte-03-1_optimized-768x432.jpg 768w, https:\/\/radiorevelacionfm.cl\/wp-content\/uploads\/2023\/11\/vte-03-1_optimized-705x397.jpg 705w, https:\/\/radiorevelacionfm.cl\/wp-content\/uploads\/2023\/11\/vte-03-1_optimized-450x253.jpg 450w, https:\/\/radiorevelacionfm.cl\/wp-content\/uploads\/2023\/11\/vte-03-1_optimized-600x338.jpg 600w\" sizes=\"(max-width: 1066px) 100vw, 1066px\" \/><\/div><\/div><\/div><\/div><div class=\"flex_column av_one_full  flex_column_div av-zero-column-padding first  avia-builder-el-2  el_after_av_one_full  el_before_av_one_full  column-top-margin\" style='border-radius:0px; '><section class=\"av_textblock_section \"  itemscope=\"itemscope\" itemtype=\"https:\/\/schema.org\/BlogPosting\" itemprop=\"blogPost\" ><div class='avia_textblock  '   itemprop=\"text\" ><p style=\"text-align: center;\"><span style=\"font-size: 18pt;\"><strong>Segundo grupo de adultos mayores emprende viaje con programa Vacaciones Tercera Edad <\/strong><\/span><\/p>\n<div id=\"gtx-trans\" style=\"position: absolute; left: -50px; top: 4.31534px;\">\n<div class=\"gtx-trans-icon\"><\/div>\n<\/div>\n<\/div><\/section><\/div><div class=\"flex_column av_one_full  flex_column_div av-zero-column-padding first  avia-builder-el-4  el_after_av_one_full  el_before_av_hr  column-top-margin\" style='border-radius:0px; '><section class=\"av_textblock_section \"  itemscope=\"itemscope\" itemtype=\"https:\/\/schema.org\/BlogPosting\" itemprop=\"blogPost\" ><div class='avia_textblock  '   itemprop=\"text\" ><p style=\"text-align: justify;\">En una emotiva despedida realizada en la plaza de la capital regional, el Director Regional de Sernatur Ays\u00e9n, Claudio Montecinos, y el alcalde de la comuna de Coyhaique, Carlos Gatica, se reunieron para despedir al segundo grupo de adultos mayores que participan en el programa \u00abEscapadas, Vacaciones Tercera Edad\u00bb. Esta iniciativa, impulsada por el Servicio Nacional de Turismo (Sernatur), tiene como objetivo ofrecer experiencias enriquecedoras a los adultos mayores de la regi\u00f3n de Ays\u00e9n, promoviendo la recreaci\u00f3n y la salud mental.<\/p>\n<p style=\"text-align: justify;\">En esta ocasi\u00f3n, el grupo de 40 adultos mayores de las comunas de Coyhaique y Ays\u00e9n, emprendieron viaje rumbo a La Junta donde visitar\u00e1n tambi\u00e9n el parque urbano de Ma\u00f1ihuales, la Reserva Nacional Lago las Torres y la localidad de Puyuhuapi, tambi\u00e9n disfrutar\u00e1n de la visita a un centro termal, participar\u00e1n de olimpiadas para adultos mayores, actividades recreativas como karaoke y bingo y de un asado patag\u00f3n para elegir a la reina y el rey del viaje.<\/p>\n<p style=\"text-align: justify;\">Elisa Almonacid, integrante de la agrupaci\u00f3n de adultos mayores \u00abAlegr\u00eda de Vivir\u00bb de Coyhaique y pasajera de este grupo, expres\u00f3 su entusiasmo por formar parte de esta experiencia \u00fanica. \u00abEste es el segundo viaje que he hecho con Sernatur. Nosotras lo pasamos bien porque somos un grupo unido. Hemos conocido Puyuhuapi, Chait\u00e9n y ahora La Junta. Invito a otros adultos mayores a formar grupos y unirse, porque en grupo se pasa muy lindo, muy bien\u00bb.<\/p>\n<p style=\"text-align: justify;\">El alcalde de Coyhaique, Carlos Gatica, resalt\u00f3 la importancia de este tipo de programas para la recreaci\u00f3n y la salud mental de los adultos mayores. \u00abAgradecemos a Sernatur por poner a disposici\u00f3n el Programa de Vacaciones Tercera Edad. Estas iniciativas permiten que nuestros adultos mayores disfruten, conozcan y se acompa\u00f1en mutuamente. Les deseamos lo mejor en su viaje al norte de nuestra regi\u00f3n\u00bb.<\/p>\n<p style=\"text-align: justify;\">Claudio Montecinos, director regional de Sernatur, destac\u00f3 la relevancia de programas que buscan extender la estacionalidad y generar actividad econ\u00f3mica en los destinos de la regi\u00f3n. \u00abEstamos muy felices de retomar estos programas que permitir\u00e1n que trescientos adultos mayores de nuestra regi\u00f3n visiten nuestro destino Ays\u00e9n Patagonia\u00bb.<\/p>\n<p style=\"text-align: justify;\">Las autoridades hicieron un llamado a los adultos mayores de las distintas comunas de la regi\u00f3n de Ays\u00e9n, para que se informen a trav\u00e9s de las unidades de turismo de sus municipios de los cupos disponibles para disfrutar de las vacaciones dispuestas para ellos durante esta temporada.<\/p>\n<p style=\"text-align: justify;\">Para optar a los cupos sociales debe ser mayores de 60 a\u00f1os, presentar su C\u00e9dula de Identidad, tener un Registro Social de Hogares de hasta un 60% y aportar con un copago de $43.385. Todos los destinos son de 3 d\u00edas y 2 noches, con todo incluido. Para los interesados que no cuenten con el requisito del Registro Social, existen cupos con un copago de $75.916.-<\/p>\n<\/div><\/section><\/div><div  style='height:50px' class='hr hr-invisible   avia-builder-el-6  el_after_av_one_full  el_before_av_social_share '><span class='hr-inner ' ><span class='hr-inner-style'><\/span><\/span><\/div><\/p>\n<div  class='av-social-sharing-box  avia-builder-el-7  el_after_av_hr  el_before_av_hr  '><div class='av-share-box'><h5 class='av-share-link-description av-no-toc '>Compartir esta noticia<\/h5><ul class='av-share-box-list noLightbox'><li class='av-share-link av-social-link-facebook' ><a target=\"_blank\" aria-label=\"Compartir en Facebook\" href='https:\/\/www.facebook.com\/sharer.php?u=https:\/\/radiorevelacionfm.cl\/?p=37367&#038;t=Segundo%20grupo%20de%20adultos%20mayores%20emprende%20viaje%20con%20programa%20Vacaciones%20Tercera%20Edad' aria-hidden='false' data-av_icon='\ue8f3' data-av_iconfont='entypo-fontello' title='' data-avia-related-tooltip='Compartir en Facebook' rel=\"noopener\"><span class='avia_hidden_link_text'>Compartir en Facebook<\/span><\/a><\/li><li class='av-share-link av-social-link-twitter' ><a target=\"_blank\" aria-label=\"Compartir en Twitter\" href='https:\/\/twitter.com\/share?text=Segundo%20grupo%20de%20adultos%20mayores%20emprende%20viaje%20con%20programa%20Vacaciones%20Tercera%20Edad&#038;url=https:\/\/radiorevelacionfm.cl\/?p=37367' aria-hidden='false' data-av_icon='\ue8f1' data-av_iconfont='entypo-fontello' title='' data-avia-related-tooltip='Compartir en Twitter' rel=\"noopener\"><span class='avia_hidden_link_text'>Compartir en Twitter<\/span><\/a><\/li><li class='av-share-link av-social-link-whatsapp' ><a target=\"_blank\" aria-label=\"Compartir en Whatsapp\" href='https:\/\/api.whatsapp.com\/send?text=https:\/\/radiorevelacionfm.cl\/?p=37367' aria-hidden='false' data-av_icon='\uf232' data-av_iconfont='entypo-fontello' title='' data-avia-related-tooltip='Compartir en Whatsapp' rel=\"noopener\"><span class='avia_hidden_link_text'>Compartir en Whatsapp<\/span><\/a><\/li><li class='av-share-link av-social-link-linkedin' ><a target=\"_blank\" aria-label=\"Compartir en LinkedIn\" href='https:\/\/linkedin.com\/shareArticle?mini=true&#038;title=Segundo%20grupo%20de%20adultos%20mayores%20emprende%20viaje%20con%20programa%20Vacaciones%20Tercera%20Edad&#038;url=https:\/\/radiorevelacionfm.cl\/?p=37367' aria-hidden='false' data-av_icon='\ue8fc' data-av_iconfont='entypo-fontello' title='' data-avia-related-tooltip='Compartir en LinkedIn' rel=\"noopener\"><span class='avia_hidden_link_text'>Compartir en LinkedIn<\/span><\/a><\/li><li class='av-share-link av-social-link-mail' ><a  aria-label=\"Compartir por correo\" href='mailto:?subject=Segundo%20grupo%20de%20adultos%20mayores%20emprende%20viaje%20con%20programa%20Vacaciones%20Tercera%20Edad&#038;body=https:\/\/radiorevelacionfm.cl\/?p=37367' aria-hidden='false' data-av_icon='\ue805' data-av_iconfont='entypo-fontello' title='' data-avia-related-tooltip='Compartir por correo'><span class='avia_hidden_link_text'>Compartir por correo<\/span><\/a><\/li><\/ul><\/div><\/div>\n<div  style='height:50px' class='hr hr-invisible   avia-builder-el-8  el_after_av_social_share  el_before_av_comments_list '><span class='hr-inner ' ><span class='hr-inner-style'><\/span><\/span><\/div>\n<div  class='av-buildercomment  av-blog-meta-html-info-disabled av-blog-meta-tag-disabled  '><\/div>\n","protected":false},"excerpt":{"rendered":"","protected":false},"author":1,"featured_media":37368,"comment_status":"open","ping_status":"open","sticky":false,"template":"","format":"standard","meta":{"footnotes":""},"categories":[38],"tags":[],"class_list":["post-37367","post","type-post","status-publish","format-standard","has-post-thumbnail","hentry","category-regional"],"jetpack_featured_media_url":"https:\/\/radiorevelacionfm.cl\/wp-content\/uploads\/2023\/11\/vte-03-1_optimized.jpg","_links":{"self":[{"href":"https:\/\/radiorevelacionfm.cl\/index.php?rest_route=\/wp\/v2\/posts\/37367","targetHints":{"allow":["GET"]}}],"collection":[{"href":"https:\/\/radiorevelacionfm.cl\/index.php?rest_route=\/wp\/v2\/posts"}],"about":[{"href":"https:\/\/radiorevelacionfm.cl\/index.php?rest_route=\/wp\/v2\/types\/post"}],"author":[{"embeddable":true,"href":"https:\/\/radiorevelacionfm.cl\/index.php?rest_route=\/wp\/v2\/users\/1"}],"replies":[{"embeddable":true,"href":"https:\/\/radiorevelacionfm.cl\/index.php?rest_route=%2Fwp%2Fv2%2Fcomments&post=37367"}],"version-history":[{"count":1,"href":"https:\/\/radiorevelacionfm.cl\/index.php?rest_route=\/wp\/v2\/posts\/37367\/revisions"}],"predecessor-version":[{"id":37369,"href":"https:\/\/radiorevelacionfm.cl\/index.php?rest_route=\/wp\/v2\/posts\/37367\/revisions\/37369"}],"wp:featuredmedia":[{"embeddable":true,"href":"https:\/\/radiorevelacionfm.cl\/index.php?rest_route=\/wp\/v2\/media\/37368"}],"wp:attachment":[{"href":"https:\/\/radiorevelacionfm.cl\/index.php?rest_route=%2Fwp%2Fv2%2Fmedia&parent=37367"}],"wp:term":[{"taxonomy":"category","embeddable":true,"href":"https:\/\/radiorevelacionfm.cl\/index.php?rest_route=%2Fwp%2Fv2%2Fcategories&post=37367"},{"taxonomy":"post_tag","embeddable":true,"href":"https:\/\/radiorevelacionfm.cl\/index.php?rest_route=%2Fwp%2Fv2%2Ftags&post=37367"}],"curies":[{"name":"wp","href":"https:\/\/api.w.org\/{rel}","templated":true}]}}