{"id":37360,"date":"2023-11-25T14:57:32","date_gmt":"2023-11-25T17:57:32","guid":{"rendered":"https:\/\/radiorevelacionfm.cl\/?p=37360"},"modified":"2023-11-25T14:57:32","modified_gmt":"2023-11-25T17:57:32","slug":"del-27-al-29-de-noviembre-plazo-de-excusas-para-vocales-de-mesa-del-plebiscito","status":"publish","type":"post","link":"https:\/\/radiorevelacionfm.cl\/?p=37360","title":{"rendered":"Del 27 al 29 de noviembre: plazo de excusas para vocales de mesa del Plebiscito"},"content":{"rendered":"<div class=\"flex_column av_one_full  flex_column_div av-zero-column-padding first  avia-builder-el-0  el_before_av_one_full  avia-builder-el-first  \" style='border-radius:0px; '><div  class='avia-image-container  av-styling-    avia-builder-el-1  avia-builder-el-no-sibling  avia-align-center '  itemprop=\"image\" itemscope=\"itemscope\" itemtype=\"https:\/\/schema.org\/ImageObject\"  ><div class='avia-image-container-inner'><div class='avia-image-overlay-wrap'><img decoding=\"async\" class='wp-image-37361 avia-img-lazy-loading-not-37361 avia_image' src=\"https:\/\/radiorevelacionfm.cl\/wp-content\/uploads\/2023\/11\/SERVEL-2023-1-1.jpg\" alt='' title='SERVEL 2023 (1) (1)' height=\"600\" width=\"902\"  itemprop=\"thumbnailUrl\" srcset=\"https:\/\/radiorevelacionfm.cl\/wp-content\/uploads\/2023\/11\/SERVEL-2023-1-1.jpg 902w, https:\/\/radiorevelacionfm.cl\/wp-content\/uploads\/2023\/11\/SERVEL-2023-1-1-300x200.jpg 300w, https:\/\/radiorevelacionfm.cl\/wp-content\/uploads\/2023\/11\/SERVEL-2023-1-1-768x511.jpg 768w, https:\/\/radiorevelacionfm.cl\/wp-content\/uploads\/2023\/11\/SERVEL-2023-1-1-705x469.jpg 705w, https:\/\/radiorevelacionfm.cl\/wp-content\/uploads\/2023\/11\/SERVEL-2023-1-1-450x299.jpg 450w, https:\/\/radiorevelacionfm.cl\/wp-content\/uploads\/2023\/11\/SERVEL-2023-1-1-600x399.jpg 600w\" sizes=\"(max-width: 902px) 100vw, 902px\" \/><\/div><\/div><\/div><\/div><div class=\"flex_column av_one_full  flex_column_div av-zero-column-padding first  avia-builder-el-2  el_after_av_one_full  el_before_av_one_full  column-top-margin\" style='border-radius:0px; '><section class=\"av_textblock_section \"  itemscope=\"itemscope\" itemtype=\"https:\/\/schema.org\/BlogPosting\" itemprop=\"blogPost\" ><div class='avia_textblock  '   itemprop=\"text\" ><p style=\"text-align: center;\"><strong><span style=\"font-size: 18pt;\">Del 27 al 29 de noviembre: plazo de excusas para vocales de mesa del Plebiscito<\/span><\/strong><\/p>\n<div id=\"gtx-trans\" style=\"position: absolute; left: -50px; top: 4.31534px;\">\n<div class=\"gtx-trans-icon\"><\/div>\n<\/div>\n<\/div><\/section><\/div><div class=\"flex_column av_one_full  flex_column_div av-zero-column-padding first  avia-builder-el-4  el_after_av_one_full  el_before_av_hr  column-top-margin\" style='border-radius:0px; '><section class=\"av_textblock_section \"  itemscope=\"itemscope\" itemtype=\"https:\/\/schema.org\/BlogPosting\" itemprop=\"blogPost\" ><div class='avia_textblock  '   itemprop=\"text\" ><p style=\"text-align: justify;\">Este s\u00e1bado 25 de noviembre, el Presidente del Consejo Directivo del Servicio Electoral, Andr\u00e9s Tagle, junto a las Consejeras Pamela Figueroa y Mar\u00eda Cristina Escudero; los Consejeros David Huina y Alfredo Joignant; y el Director Nacional, Ra\u00fal Garc\u00eda, comunicaron a la ciudadan\u00eda que ya se encuentra disponible\u00a0<a href=\"https:\/\/consulta.servel.cl\/\" target=\"_blank\" rel=\"noreferrer noopener\">en el sitio web de Servel<\/a>\u00a0la informaci\u00f3n sobre las mesas y locales de votaci\u00f3n para el Plebiscito Constitucional del pr\u00f3ximo 17 de diciembre.<\/p>\n<p style=\"text-align: justify;\">Asimismo, se inform\u00f3 que hoy se publicaron las n\u00f3minas de\u00a0<a href=\"https:\/\/www.servel.cl\/vocales-2023\/\" target=\"_blank\" rel=\"noreferrer noopener\">vocales de mesa<\/a>\u00a0designados por las Juntas Electorales, quienes tendr\u00e1n plazo desde el\u00a0<strong>lunes 27 al mi\u00e9rcoles 29 de noviembre<\/strong>\u00a0(ambos d\u00edas inclusive) para presentar sus excusas ante la\u00a0<a href=\"https:\/\/www.servel.cl\/contacto\/juntas-electorales\/\" target=\"_blank\" rel=\"noreferrer noopener\">Junta Electoral<\/a>\u00a0que corresponda, si por alguna de las causales contempladas por la ley no pueden ejercer esa labor.<\/p>\n<p style=\"text-align: justify;\">Entre los motivos de excusa para vocales de mesa se encuentran:<\/p>\n<p style=\"text-align: justify;\">-Estar ausente del pa\u00eds o radicado a una distancia de m\u00e1s de 300 kil\u00f3metros.<\/p>\n<p style=\"text-align: justify;\">-Tener m\u00e1s de 70 a\u00f1os de edad.<\/p>\n<p style=\"text-align: justify;\">-Estar f\u00edsica o mentalmente imposibilitado de ejercer la funci\u00f3n<\/p>\n<p style=\"text-align: justify;\">-Cumplir labores en establecimientos hospitalarios el d\u00eda del Plebiscito<\/p>\n<p style=\"text-align: justify;\">-Embarazadas.<\/p>\n<p style=\"text-align: justify;\">-Ser padre o madre de un hijo o hija menor de dos a\u00f1os. Si ninguno de ellos tuviera el cuidado personal, quien lo tenga podr\u00e1 excusarse acredit\u00e1ndolo debidamente.<\/p>\n<p style=\"text-align: justify;\">-Ser cuidadora o cuidador de adultos mayores o personas con necesidades especiales, con dependencia o discapacidades, y quienes se desempe\u00f1en en los establecimientos de larga estad\u00eda para adultos mayores (Eleam).<\/p>\n<p style=\"text-align: justify;\">El\u00a0<strong>s\u00e1bado 2 de diciembre<\/strong>\u00a0se dar\u00e1 a conocer la n\u00f3mina de vocales reemplazantes para mesas receptoras de sufragios, quienes no tienen periodo de excusas.<\/p>\n<p style=\"text-align: justify;\">Cabe recordar que las multas para quienes no cumplan con su labor pueden ir desde las\u00a0<strong>2 a 8 UTM ($128.000 a $511.000 aproximadamente).<\/strong><\/p>\n<p style=\"text-align: justify;\"><strong>Es importante se\u00f1alar que un vocal puede ejercer su rol en una mesa distinta a donde vota, pero siempre en su mismo local.\u00a0\u00a0<\/strong><\/p>\n<p style=\"text-align: justify;\"><strong>Cambios en mesas y locales de votaci\u00f3n\u00a0\u00a0<\/strong><\/p>\n<p style=\"text-align: justify;\">El Consejo Directivo de Servel hizo un llamado a todas y todos los electores a revisar su mesa y local de votaci\u00f3n\u00a0<a href=\"https:\/\/consulta.servel.cl\/\" target=\"_blank\" rel=\"noreferrer noopener\"><strong>en el sitio web de Servel<\/strong><\/a>\u00a0o llamando gratuitamente al 600 6000 166.<\/p>\n<p style=\"text-align: justify;\">\u201cEs importante revisar los datos electorales en el sitio web. En \u00e9l, cada persona encontrar\u00e1 si fue designada como vocal o miembro de colegio escrutador por su Junta Electoral y tambi\u00e9n su mesa y local de votaci\u00f3n, que pueden haber cambiado desde el \u00faltimo proceso\u201d, se\u00f1al\u00f3 Andr\u00e9s Tagle.<\/p>\n<p style=\"text-align: justify;\">Cifras de este Plebiscito<\/p>\n<p style=\"text-align: justify;\">Para este proceso electoral se ha dispuesto un total de 39.737 mesas receptoras de sufragios y 3.237 locales de votaci\u00f3n, considerando tanto Chile como el exterior. Los vocales de mesa, por su parte, alcanzan los 197.991.<\/p>\n<figure class=\"wp-block-table\" style=\"text-align: justify;\">\n<table>\n<tbody>\n<tr>\n<td><\/td>\n<td><strong>Chile<\/strong><\/td>\n<td><strong>Exterior<\/strong><\/td>\n<td><strong>Total<\/strong><\/td>\n<\/tr>\n<tr>\n<td>Electores<\/td>\n<td>15.278.800<\/td>\n<td>127.552<\/td>\n<td>15.406.352<\/td>\n<\/tr>\n<tr>\n<td>Mesas<\/td>\n<td>39.390<\/td>\n<td>347<\/td>\n<td>39.737<\/td>\n<\/tr>\n<tr>\n<td>Locales de Votaci\u00f3n<\/td>\n<td>3.118<\/td>\n<td>119<\/td>\n<td>3.237<\/td>\n<\/tr>\n<tr>\n<td>Vocales<\/td>\n<td>196.950<\/td>\n<td>1.041<\/td>\n<td>197.991<\/td>\n<\/tr>\n<\/tbody>\n<\/table>\n<\/figure>\n<p style=\"text-align: justify;\">\u201cHemos realizado un gran esfuerzo con ge\u00f3grafos, cart\u00f3grafos, y nuestras direcciones regionales, descentralizando el proceso para subsanar los problemas de georreferenciaci\u00f3n de la elecci\u00f3n anterior\u201d, destac\u00f3 Andr\u00e9s Tagle.<\/p>\n<p style=\"text-align: justify;\">Agreg\u00f3 que \u201csigue habiendo casos, principalmente rurales que no son geolocalizables, dado la ambig\u00fcedad o poca especificaci\u00f3n en el domicilio registrado. Tambi\u00e9n hay otros donde en una misma comuna hay barrios, sectores o localidades que tienen el mismo nombre lo que nos dificulta la asignaci\u00f3n, pero sin duda, como hemos dicho y reiteramos, esta norma ha beneficiado a la gran mayor\u00eda del electorado que ha sido asignado a un local cercano a su domicilio, aunque no necesariamente al m\u00e1s cercano\u201d.<\/p>\n<p style=\"text-align: justify;\">Las autoridades de Servel recordaron que hay casos de personas que no han actualizado su domicilio electoral y est\u00e1n asignados seg\u00fan su domicilio registrado en el Servel, que no corresponde al real, por lo tanto \u201ces imposible asignarlos correctamente sin conocer su domicilio real\u201d.<\/p>\n<p style=\"text-align: justify;\"><strong>Voto obligatorio en Chile\u00a0<\/strong><\/p>\n<p style=\"text-align: justify;\">Las autoridades de Servel presentes recordaron que en este Plebiscito, as\u00ed como en las elecciones que le sigan, el voto es de car\u00e1cter obligatorio para quienes tienen domicilio electoral en Chile.<\/p>\n<p style=\"text-align: justify;\">Quienes no sufraguen ser\u00e1n denunciados a los Juzgados de Polic\u00eda Local y arriesgan multas que van desde\u00a0<strong>0,5 a 3 UTM, esto es de cerca de 32 mil a 192 mil pesos.<\/strong><\/p>\n<p style=\"text-align: justify;\">Para los chilenos en el exterior, el voto es voluntario, y tanto en Chile como en el exterior en este proceso se seguir\u00e1 utilizando el l\u00e1piz pasta azul para votar.<\/p>\n<\/div><\/section><\/div><div  style='height:50px' class='hr hr-invisible   avia-builder-el-6  el_after_av_one_full  el_before_av_social_share '><span class='hr-inner ' ><span class='hr-inner-style'><\/span><\/span><\/div><\/p>\n<div  class='av-social-sharing-box  avia-builder-el-7  el_after_av_hr  el_before_av_hr  '><div class='av-share-box'><h5 class='av-share-link-description av-no-toc '>Compartir esta noticia<\/h5><ul class='av-share-box-list noLightbox'><li class='av-share-link av-social-link-facebook' ><a target=\"_blank\" aria-label=\"Compartir en Facebook\" href='https:\/\/www.facebook.com\/sharer.php?u=https:\/\/radiorevelacionfm.cl\/?p=37360&#038;t=Del%2027%20al%2029%20de%20noviembre%3A%20plazo%20de%20excusas%20para%20vocales%20de%20mesa%20del%20Plebiscito' aria-hidden='false' data-av_icon='\ue8f3' data-av_iconfont='entypo-fontello' title='' data-avia-related-tooltip='Compartir en Facebook' rel=\"noopener\"><span class='avia_hidden_link_text'>Compartir en Facebook<\/span><\/a><\/li><li class='av-share-link av-social-link-twitter' ><a target=\"_blank\" aria-label=\"Compartir en Twitter\" href='https:\/\/twitter.com\/share?text=Del%2027%20al%2029%20de%20noviembre%3A%20plazo%20de%20excusas%20para%20vocales%20de%20mesa%20del%20Plebiscito&#038;url=https:\/\/radiorevelacionfm.cl\/?p=37360' aria-hidden='false' data-av_icon='\ue8f1' data-av_iconfont='entypo-fontello' title='' data-avia-related-tooltip='Compartir en Twitter' rel=\"noopener\"><span class='avia_hidden_link_text'>Compartir en Twitter<\/span><\/a><\/li><li class='av-share-link av-social-link-whatsapp' ><a target=\"_blank\" aria-label=\"Compartir en Whatsapp\" href='https:\/\/api.whatsapp.com\/send?text=https:\/\/radiorevelacionfm.cl\/?p=37360' aria-hidden='false' data-av_icon='\uf232' data-av_iconfont='entypo-fontello' title='' data-avia-related-tooltip='Compartir en Whatsapp' rel=\"noopener\"><span class='avia_hidden_link_text'>Compartir en Whatsapp<\/span><\/a><\/li><li class='av-share-link av-social-link-linkedin' ><a target=\"_blank\" aria-label=\"Compartir en LinkedIn\" href='https:\/\/linkedin.com\/shareArticle?mini=true&#038;title=Del%2027%20al%2029%20de%20noviembre%3A%20plazo%20de%20excusas%20para%20vocales%20de%20mesa%20del%20Plebiscito&#038;url=https:\/\/radiorevelacionfm.cl\/?p=37360' aria-hidden='false' data-av_icon='\ue8fc' data-av_iconfont='entypo-fontello' title='' data-avia-related-tooltip='Compartir en LinkedIn' rel=\"noopener\"><span class='avia_hidden_link_text'>Compartir en LinkedIn<\/span><\/a><\/li><li class='av-share-link av-social-link-mail' ><a  aria-label=\"Compartir por correo\" href='mailto:?subject=Del%2027%20al%2029%20de%20noviembre%3A%20plazo%20de%20excusas%20para%20vocales%20de%20mesa%20del%20Plebiscito&#038;body=https:\/\/radiorevelacionfm.cl\/?p=37360' aria-hidden='false' data-av_icon='\ue805' data-av_iconfont='entypo-fontello' title='' data-avia-related-tooltip='Compartir por correo'><span class='avia_hidden_link_text'>Compartir por correo<\/span><\/a><\/li><\/ul><\/div><\/div>\n<div  style='height:50px' class='hr hr-invisible   avia-builder-el-8  el_after_av_social_share  el_before_av_comments_list '><span class='hr-inner ' ><span class='hr-inner-style'><\/span><\/span><\/div>\n<div  class='av-buildercomment  av-blog-meta-html-info-disabled av-blog-meta-tag-disabled  '><\/div>\n","protected":false},"excerpt":{"rendered":"","protected":false},"author":1,"featured_media":37361,"comment_status":"open","ping_status":"open","sticky":false,"template":"","format":"standard","meta":{"footnotes":""},"categories":[61],"tags":[],"class_list":["post-37360","post","type-post","status-publish","format-standard","has-post-thumbnail","hentry","category-nacional"],"jetpack_featured_media_url":"https:\/\/radiorevelacionfm.cl\/wp-content\/uploads\/2023\/11\/SERVEL-2023-1-1.jpg","_links":{"self":[{"href":"https:\/\/radiorevelacionfm.cl\/index.php?rest_route=\/wp\/v2\/posts\/37360","targetHints":{"allow":["GET"]}}],"collection":[{"href":"https:\/\/radiorevelacionfm.cl\/index.php?rest_route=\/wp\/v2\/posts"}],"about":[{"href":"https:\/\/radiorevelacionfm.cl\/index.php?rest_route=\/wp\/v2\/types\/post"}],"author":[{"embeddable":true,"href":"https:\/\/radiorevelacionfm.cl\/index.php?rest_route=\/wp\/v2\/users\/1"}],"replies":[{"embeddable":true,"href":"https:\/\/radiorevelacionfm.cl\/index.php?rest_route=%2Fwp%2Fv2%2Fcomments&post=37360"}],"version-history":[{"count":1,"href":"https:\/\/radiorevelacionfm.cl\/index.php?rest_route=\/wp\/v2\/posts\/37360\/revisions"}],"predecessor-version":[{"id":37362,"href":"https:\/\/radiorevelacionfm.cl\/index.php?rest_route=\/wp\/v2\/posts\/37360\/revisions\/37362"}],"wp:featuredmedia":[{"embeddable":true,"href":"https:\/\/radiorevelacionfm.cl\/index.php?rest_route=\/wp\/v2\/media\/37361"}],"wp:attachment":[{"href":"https:\/\/radiorevelacionfm.cl\/index.php?rest_route=%2Fwp%2Fv2%2Fmedia&parent=37360"}],"wp:term":[{"taxonomy":"category","embeddable":true,"href":"https:\/\/radiorevelacionfm.cl\/index.php?rest_route=%2Fwp%2Fv2%2Fcategories&post=37360"},{"taxonomy":"post_tag","embeddable":true,"href":"https:\/\/radiorevelacionfm.cl\/index.php?rest_route=%2Fwp%2Fv2%2Ftags&post=37360"}],"curies":[{"name":"wp","href":"https:\/\/api.w.org\/{rel}","templated":true}]}}