{"id":37353,"date":"2023-11-25T11:56:42","date_gmt":"2023-11-25T14:56:42","guid":{"rendered":"https:\/\/radiorevelacionfm.cl\/?p=37353"},"modified":"2023-11-25T11:56:42","modified_gmt":"2023-11-25T14:56:42","slug":"proyecto-de-escuela-almirante-simpson-es-reconocido-por-elige-educar-dentro-de-los-diez-ganadores-del-pais","status":"publish","type":"post","link":"https:\/\/radiorevelacionfm.cl\/?p=37353","title":{"rendered":"Proyecto de escuela Almirante Simpson es reconocido por Elige Educar dentro de los diez ganadores del pa\u00eds"},"content":{"rendered":"<div class=\"flex_column av_one_full  flex_column_div av-zero-column-padding first  avia-builder-el-0  el_before_av_one_full  avia-builder-el-first  \" style='border-radius:0px; '><div  class='avia-image-container  av-styling-    avia-builder-el-1  avia-builder-el-no-sibling  avia-align-center '  itemprop=\"image\" itemscope=\"itemscope\" itemtype=\"https:\/\/schema.org\/ImageObject\"  ><div class='avia-image-container-inner'><div class='avia-image-overlay-wrap'><img decoding=\"async\" class='wp-image-37354 avia-img-lazy-loading-not-37354 avia_image' src=\"https:\/\/radiorevelacionfm.cl\/wp-content\/uploads\/2023\/11\/336568544_612876367406176_3126771088123043157_n-1-1.jpg\" alt='' title='336568544_612876367406176_3126771088123043157_n (1) (1)' height=\"640\" width=\"816\"  itemprop=\"thumbnailUrl\" srcset=\"https:\/\/radiorevelacionfm.cl\/wp-content\/uploads\/2023\/11\/336568544_612876367406176_3126771088123043157_n-1-1.jpg 816w, https:\/\/radiorevelacionfm.cl\/wp-content\/uploads\/2023\/11\/336568544_612876367406176_3126771088123043157_n-1-1-300x235.jpg 300w, https:\/\/radiorevelacionfm.cl\/wp-content\/uploads\/2023\/11\/336568544_612876367406176_3126771088123043157_n-1-1-768x602.jpg 768w, https:\/\/radiorevelacionfm.cl\/wp-content\/uploads\/2023\/11\/336568544_612876367406176_3126771088123043157_n-1-1-705x553.jpg 705w, https:\/\/radiorevelacionfm.cl\/wp-content\/uploads\/2023\/11\/336568544_612876367406176_3126771088123043157_n-1-1-450x353.jpg 450w, https:\/\/radiorevelacionfm.cl\/wp-content\/uploads\/2023\/11\/336568544_612876367406176_3126771088123043157_n-1-1-600x471.jpg 600w\" sizes=\"(max-width: 816px) 100vw, 816px\" \/><\/div><\/div><\/div><\/div><div class=\"flex_column av_one_full  flex_column_div av-zero-column-padding first  avia-builder-el-2  el_after_av_one_full  el_before_av_one_full  column-top-margin\" style='border-radius:0px; '><section class=\"av_textblock_section \"  itemscope=\"itemscope\" itemtype=\"https:\/\/schema.org\/BlogPosting\" itemprop=\"blogPost\" ><div class='avia_textblock  '   itemprop=\"text\" ><p style=\"text-align: center;\"><span style=\"font-size: 18pt;\"><strong>Proyecto de escuela Almirante Simpson es reconocido por Elige Educar dentro de los diez ganadores del pa\u00eds <\/strong><\/span><\/p>\n<div id=\"gtx-trans\" style=\"position: absolute; left: -50px; top: 4.31534px;\">\n<div class=\"gtx-trans-icon\"><\/div>\n<\/div>\n<\/div><\/section><\/div><div class=\"flex_column av_one_full  flex_column_div av-zero-column-padding first  avia-builder-el-4  el_after_av_one_full  el_before_av_hr  column-top-margin\" style='border-radius:0px; '><section class=\"av_textblock_section \"  itemscope=\"itemscope\" itemtype=\"https:\/\/schema.org\/BlogPosting\" itemprop=\"blogPost\" ><div class='avia_textblock  '   itemprop=\"text\" ><p style=\"text-align: justify;\"><em>Profesor aysenino, que en 2022 obtuvo dicho reconocimiento a cargo de iniciativa en escuela Litoral Austral, este a\u00f1o es seleccionado como parte del jurado nacional. <\/em><\/p>\n<p style=\"text-align: justify;\">Feliz se encuentra la comunidad educativa Almirante Simpson, en Puerto Chacabuco, luego de que este jueves la Fundaci\u00f3n Elige Educar anunciara los diez proyectos seleccionados como los mejores del pa\u00eds en los \u00e1mbitos experiencia digital y experiencia creativa.<\/p>\n<p style=\"text-align: justify;\">Es as\u00ed que, de un total de 175 iniciativas postuladas a lo largo de Chile, la escuela municipal asentada en la localidad puerto, se hizo con uno de los diez cupos convirti\u00e9ndose en el proyecto m\u00e1s austral del pa\u00eds y el \u00fanico de la regi\u00f3n en obtener este reconocimiento en su versi\u00f3n 2023, que busca apoyar y visibilizar proyectos innovadores en todos los niveles educacionales en territorio nacional. Permitiendo as\u00ed se conviertan en inspiraci\u00f3n a otras comunidades educativas en pos de destacar el impacto transformador que tienen hoy docentes y educadores de todo Chile.<\/p>\n<p style=\"text-align: justify;\">La propuesta denominada \u201cCiencia y cocina en mi escuela\u201d, en la categor\u00eda experiencia creativa -liderada por la profesora, Cecilia Navarrete-, apunta a estudiantes de 8 y 9 a\u00f1os, quienes tienen la posibilidad de fusionar la diversi\u00f3n de los procesos qu\u00edmicos de la cocina con los aprendizajes propios de otras asignaturas, como matem\u00e1ticas, lenguaje, tecnolog\u00eda y habilidades de orientaci\u00f3n.<\/p>\n<p style=\"text-align: justify;\">Al respecto, \u201cestamos muy contentos y orgullosos, con muchas ganas de seguir trabajando, de hacer innovaci\u00f3n dentro del aula, y de trabajar este proyecto que es muy entretenido, muy novedoso, que en lo que llevamos a los ni\u00f1os les ha gustado mucho, as\u00ed que es un impulso para terminar el a\u00f1o y comenzar el siguiente con mucha m\u00e1s energ\u00eda\u201d, expres\u00f3 la docente a cargo, Cecilia Navarrete, agregando que \u201cadem\u00e1s, aborda desde un lado l\u00fadico el \u00e1mbito socio emocional, que qued\u00f3 tan de lado durante la pandemia y que hoy es necesario trabajar. Entonces, viene a responder a todas esas necesidades y con la proyecci\u00f3n de trascender durante el tiempo y entregarles herramientas a nuestros estudiantes para su vida diaria\u201d.<\/p>\n<p style=\"text-align: justify;\">Por su parte, el director del establecimiento, Alejandro Gallardo, manifest\u00f3 su alegr\u00eda con la obtenci\u00f3n de este importante logro, que viene a potenciar el sello cient\u00edfico tecnol\u00f3gico de la escuela. \u201cEstamos felices por este reconocimiento. Destaco que el proyecto busca promover el aprendizaje y el desarrollo de la ciencia de manera transversal y articulado con distintos ramos. Felicitar a la docente a cargo, y a quienes la acompa\u00f1aron en este desaf\u00edo, profesora Romina Vidal y nuestras asistentes de la educaci\u00f3n Karina Navia, Margarita P\u00e9rez y Carolina Lagos y, por supuesto, a todos nuestros estudiantes\u201d.<\/p>\n<p style=\"text-align: justify;\">En representaci\u00f3n de los alumnos que forman parte de la iniciativa, Agustina Galarce, de tercer a\u00f1o, se mostr\u00f3 satisfecha con este reconocimiento, indicando que \u201ctrabajamos juntas con la t\u00eda Cecilia, en nuestras clases hemos hecho recetas, hemos trabajado con los textos instructivos, a m\u00ed y nuestros compa\u00f1eros nos encanta ciencias, especialmente cocinar porque aprendemos, a la vez que, las clases son muy entretenidas\u201d.<\/p>\n<p style=\"text-align: justify;\"><strong>DOCENTE AYSENINO ES PARTE DEL JURADO <\/strong><\/p>\n<p style=\"text-align: justify;\">Es que esta cuarta edici\u00f3n de Elige Innovar, adem\u00e1s de premiar la creatividad de la escuela Almirante Simpson, escogi\u00f3 como uno de los jurados en la categor\u00eda experiencia digital, al profesor de la escuela Litoral Austral, Marcel Barrientos.<\/p>\n<p style=\"text-align: justify;\">Barrientos Opazo, que de la mano del proyecto \u201cPatagones directo a las estrellas\u201d fuese reconocido en 2022 por la Fundaci\u00f3n como una de las diez mejores iniciativas del pa\u00eds en el \u00e1rea Innovaci\u00f3n, hoy es parte fundamental de este proceso que, implica, posterior a la selecci\u00f3n de las mejores iniciativas, el apoyo a las comunidades educativas mediante un ciclo de mentor\u00edas que permita afinar detalles de cara a la ejecuci\u00f3n de estas grandes ideas.<\/p>\n<p style=\"text-align: justify;\">\u201cEn este caso hubo una evoluci\u00f3n en mi participaci\u00f3n, ya no como concursante, sino que en base a mi experiencia, sobre todo con la participaci\u00f3n con Elige Innovar el a\u00f1o pasado. El que haya sido invitado a ser parte del jurado nacional es un elemento super importante en mi carrera y en la percepci\u00f3n de lo que estoy haciendo\u201d, explic\u00f3 el profesor con amplio bagaje y experiencia referente a iniciativas del \u00e1mbito de la ciencia y tecnolog\u00eda.<\/p>\n<p style=\"text-align: justify;\">\u201cTodas estas experiencias las tomo como de crecimiento, especialmente compartir con un jurado compuesto por gente que uno encuentra <em>power,<\/em> y eso te indica que todos tenemos un granito de arena que aportar. Hay gente que realmente lleva a\u00f1os trabajando en el \u00e1rea de innovaci\u00f3n y educaci\u00f3n, y es interesante compartir con ellos, en pos de un mismo objetivo que no es otro que mejorar y favorecer el aprendizaje de nuestros estudiantes y fortalecerlo\u201d, a\u00f1adi\u00f3.<\/p>\n<p style=\"text-align: justify;\">Respecto a los criterios de evaluaci\u00f3n utilizados para la elecci\u00f3n de los proyectos en el \u00e1mbito experiencia digital del cual forma parte, se\u00f1al\u00f3 que \u201cse considera especialmente que la tecnolog\u00eda, tanto digital como f\u00edsica, sea parte fundamental del proyecto, que no sea un accesorio que est\u00e9 s\u00f3lo por cumplir y que, por supuesto, vaya de la mano con el aprendizaje y con la l\u00ednea curricular de los establecimientos, para que estas tecnolog\u00edas puedan ser utilizadas dentro de la escuela, y tenga un impacto positivo respecto al descubrimiento e inter\u00e9s por parte de los estudiantes\u201d.<\/p>\n<p style=\"text-align: justify;\">De esta manera, con la participaci\u00f3n de representantes de dos establecimientos educacionales municipalizados ayseninos -uno como ganador, y otro como jurado-, contin\u00faa el ciclo de Elige Innovar, el que se cerrar\u00e1 iniciando 2024, luego de que todos los recintos educativos seleccionados hayan recibido un ciclo de mentor\u00edas y apoyo monetario. De esta manera, durante enero del pr\u00f3ximo a\u00f1o se realizar\u00e1 una instancia en donde cada proyecto compartir\u00e1 sus logros, avances y aprendizajes con las comunidades educativas del pa\u00eds.\u00a0 Los detalles de las propuestas ganadoras se encuentran disponibles en\u00a0<a href=\"http:\/\/www.eligeinnovar.cl\/\">www.eligeinnovar.cl<\/a>.<\/p>\n<\/div><\/section><\/div><div  style='height:50px' class='hr hr-invisible   avia-builder-el-6  el_after_av_one_full  el_before_av_social_share '><span class='hr-inner ' ><span class='hr-inner-style'><\/span><\/span><\/div><\/p>\n<div  class='av-social-sharing-box  avia-builder-el-7  el_after_av_hr  el_before_av_hr  '><div class='av-share-box'><h5 class='av-share-link-description av-no-toc '>Compartir esta noticia<\/h5><ul class='av-share-box-list noLightbox'><li class='av-share-link av-social-link-facebook' ><a target=\"_blank\" aria-label=\"Compartir en Facebook\" href='https:\/\/www.facebook.com\/sharer.php?u=https:\/\/radiorevelacionfm.cl\/?p=37353&#038;t=Proyecto%20de%20escuela%20Almirante%20Simpson%20es%20reconocido%20por%20Elige%20Educar%20dentro%20de%20los%20diez%20ganadores%20del%20pa%C3%ADs' aria-hidden='false' data-av_icon='\ue8f3' data-av_iconfont='entypo-fontello' title='' data-avia-related-tooltip='Compartir en Facebook' rel=\"noopener\"><span class='avia_hidden_link_text'>Compartir en Facebook<\/span><\/a><\/li><li class='av-share-link av-social-link-twitter' ><a target=\"_blank\" aria-label=\"Compartir en Twitter\" href='https:\/\/twitter.com\/share?text=Proyecto%20de%20escuela%20Almirante%20Simpson%20es%20reconocido%20por%20Elige%20Educar%20dentro%20de%20los%20diez%20ganadores%20del%20pa%C3%ADs&#038;url=https:\/\/radiorevelacionfm.cl\/?p=37353' aria-hidden='false' data-av_icon='\ue8f1' data-av_iconfont='entypo-fontello' title='' data-avia-related-tooltip='Compartir en Twitter' rel=\"noopener\"><span class='avia_hidden_link_text'>Compartir en Twitter<\/span><\/a><\/li><li class='av-share-link av-social-link-whatsapp' ><a target=\"_blank\" aria-label=\"Compartir en Whatsapp\" href='https:\/\/api.whatsapp.com\/send?text=https:\/\/radiorevelacionfm.cl\/?p=37353' aria-hidden='false' data-av_icon='\uf232' data-av_iconfont='entypo-fontello' title='' data-avia-related-tooltip='Compartir en Whatsapp' rel=\"noopener\"><span class='avia_hidden_link_text'>Compartir en Whatsapp<\/span><\/a><\/li><li class='av-share-link av-social-link-linkedin' ><a target=\"_blank\" aria-label=\"Compartir en LinkedIn\" href='https:\/\/linkedin.com\/shareArticle?mini=true&#038;title=Proyecto%20de%20escuela%20Almirante%20Simpson%20es%20reconocido%20por%20Elige%20Educar%20dentro%20de%20los%20diez%20ganadores%20del%20pa%C3%ADs&#038;url=https:\/\/radiorevelacionfm.cl\/?p=37353' aria-hidden='false' data-av_icon='\ue8fc' data-av_iconfont='entypo-fontello' title='' data-avia-related-tooltip='Compartir en LinkedIn' rel=\"noopener\"><span class='avia_hidden_link_text'>Compartir en LinkedIn<\/span><\/a><\/li><li class='av-share-link av-social-link-mail' ><a  aria-label=\"Compartir por correo\" href='mailto:?subject=Proyecto%20de%20escuela%20Almirante%20Simpson%20es%20reconocido%20por%20Elige%20Educar%20dentro%20de%20los%20diez%20ganadores%20del%20pa%C3%ADs&#038;body=https:\/\/radiorevelacionfm.cl\/?p=37353' aria-hidden='false' data-av_icon='\ue805' data-av_iconfont='entypo-fontello' title='' data-avia-related-tooltip='Compartir por correo'><span class='avia_hidden_link_text'>Compartir por correo<\/span><\/a><\/li><\/ul><\/div><\/div>\n<div  style='height:50px' class='hr hr-invisible   avia-builder-el-8  el_after_av_social_share  el_before_av_comments_list '><span class='hr-inner ' ><span class='hr-inner-style'><\/span><\/span><\/div>\n<div  class='av-buildercomment  av-blog-meta-html-info-disabled av-blog-meta-tag-disabled  '><\/div>\n","protected":false},"excerpt":{"rendered":"","protected":false},"author":1,"featured_media":37354,"comment_status":"open","ping_status":"open","sticky":false,"template":"","format":"standard","meta":{"footnotes":""},"categories":[38],"tags":[],"class_list":["post-37353","post","type-post","status-publish","format-standard","has-post-thumbnail","hentry","category-regional"],"jetpack_featured_media_url":"https:\/\/radiorevelacionfm.cl\/wp-content\/uploads\/2023\/11\/336568544_612876367406176_3126771088123043157_n-1-1.jpg","_links":{"self":[{"href":"https:\/\/radiorevelacionfm.cl\/index.php?rest_route=\/wp\/v2\/posts\/37353","targetHints":{"allow":["GET"]}}],"collection":[{"href":"https:\/\/radiorevelacionfm.cl\/index.php?rest_route=\/wp\/v2\/posts"}],"about":[{"href":"https:\/\/radiorevelacionfm.cl\/index.php?rest_route=\/wp\/v2\/types\/post"}],"author":[{"embeddable":true,"href":"https:\/\/radiorevelacionfm.cl\/index.php?rest_route=\/wp\/v2\/users\/1"}],"replies":[{"embeddable":true,"href":"https:\/\/radiorevelacionfm.cl\/index.php?rest_route=%2Fwp%2Fv2%2Fcomments&post=37353"}],"version-history":[{"count":1,"href":"https:\/\/radiorevelacionfm.cl\/index.php?rest_route=\/wp\/v2\/posts\/37353\/revisions"}],"predecessor-version":[{"id":37355,"href":"https:\/\/radiorevelacionfm.cl\/index.php?rest_route=\/wp\/v2\/posts\/37353\/revisions\/37355"}],"wp:featuredmedia":[{"embeddable":true,"href":"https:\/\/radiorevelacionfm.cl\/index.php?rest_route=\/wp\/v2\/media\/37354"}],"wp:attachment":[{"href":"https:\/\/radiorevelacionfm.cl\/index.php?rest_route=%2Fwp%2Fv2%2Fmedia&parent=37353"}],"wp:term":[{"taxonomy":"category","embeddable":true,"href":"https:\/\/radiorevelacionfm.cl\/index.php?rest_route=%2Fwp%2Fv2%2Fcategories&post=37353"},{"taxonomy":"post_tag","embeddable":true,"href":"https:\/\/radiorevelacionfm.cl\/index.php?rest_route=%2Fwp%2Fv2%2Ftags&post=37353"}],"curies":[{"name":"wp","href":"https:\/\/api.w.org\/{rel}","templated":true}]}}