{"id":37350,"date":"2023-11-25T12:23:39","date_gmt":"2023-11-25T15:23:39","guid":{"rendered":"https:\/\/radiorevelacionfm.cl\/?p=37350"},"modified":"2023-11-25T12:27:39","modified_gmt":"2023-11-25T15:27:39","slug":"por-primera-vez-junaeb-anuncia-apertura-temprana-del-portal-de-postulacion-y-renovacion-para-sus-programas-de-becas-y-residencias-periodo-2024","status":"publish","type":"post","link":"https:\/\/radiorevelacionfm.cl\/?p=37350","title":{"rendered":"Por primera vez Junaeb anuncia apertura temprana del Portal de Postulaci\u00f3n y Renovaci\u00f3n para sus programas de becas y residencias periodo 2024"},"content":{"rendered":"<div class=\"flex_column av_one_full  flex_column_div av-zero-column-padding first  avia-builder-el-0  el_before_av_one_full  avia-builder-el-first  \" style='border-radius:0px; '><div  class='avia-image-container  av-styling-    avia-builder-el-1  avia-builder-el-no-sibling  avia-align-center '  itemprop=\"image\" itemscope=\"itemscope\" itemtype=\"https:\/\/schema.org\/ImageObject\"  ><div class='avia-image-container-inner'><div class='avia-image-overlay-wrap'><img decoding=\"async\" class='wp-image-37351 avia-img-lazy-loading-not-37351 avia_image' src=\"https:\/\/radiorevelacionfm.cl\/wp-content\/uploads\/2023\/11\/junaeb-becas-1_optimized-1.jpeg\" alt='' title='junaeb-becas-(1)_optimized (1)' height=\"600\" width=\"898\"  itemprop=\"thumbnailUrl\" srcset=\"https:\/\/radiorevelacionfm.cl\/wp-content\/uploads\/2023\/11\/junaeb-becas-1_optimized-1.jpeg 898w, https:\/\/radiorevelacionfm.cl\/wp-content\/uploads\/2023\/11\/junaeb-becas-1_optimized-1-300x200.jpeg 300w, https:\/\/radiorevelacionfm.cl\/wp-content\/uploads\/2023\/11\/junaeb-becas-1_optimized-1-768x513.jpeg 768w, https:\/\/radiorevelacionfm.cl\/wp-content\/uploads\/2023\/11\/junaeb-becas-1_optimized-1-705x471.jpeg 705w, https:\/\/radiorevelacionfm.cl\/wp-content\/uploads\/2023\/11\/junaeb-becas-1_optimized-1-450x301.jpeg 450w, https:\/\/radiorevelacionfm.cl\/wp-content\/uploads\/2023\/11\/junaeb-becas-1_optimized-1-600x401.jpeg 600w\" sizes=\"(max-width: 898px) 100vw, 898px\" \/><\/div><\/div><\/div><\/div>\n<div class=\"flex_column av_one_full  flex_column_div av-zero-column-padding first  avia-builder-el-2  el_after_av_one_full  el_before_av_one_full  column-top-margin\" style='border-radius:0px; '><section class=\"av_textblock_section \"  itemscope=\"itemscope\" itemtype=\"https:\/\/schema.org\/BlogPosting\" itemprop=\"blogPost\" ><div class='avia_textblock  '   itemprop=\"text\" ><p style=\"text-align: center;\"><span style=\"font-size: 18pt;\"><b>Por primera vez Junaeb anuncia apertura temprana del Portal de Postulaci\u00f3n y Renovaci\u00f3n \u00a0para sus programas de becas y residencias periodo 2024<\/b><\/span><\/p>\n<div id=\"gtx-trans\" style=\"position: absolute; left: -50px; top: 4.31534px;\">\n<div class=\"gtx-trans-icon\"><\/div>\n<\/div>\n<\/div><\/section><\/div>\n<div class=\"flex_column av_one_full  flex_column_div av-zero-column-padding first  avia-builder-el-4  el_after_av_one_full  el_before_av_hr  column-top-margin\" style='border-radius:0px; '><section class=\"av_textblock_section \"  itemscope=\"itemscope\" itemtype=\"https:\/\/schema.org\/BlogPosting\" itemprop=\"blogPost\" ><div class='avia_textblock  '   itemprop=\"text\" ><p class=\"v1MsoNormal\" style=\"text-align: justify;\" align=\"center\"><i>Desde el 20 de Noviembre y hasta el 19 de enero 2024 los estudiantes podr\u00e1n realizar el tr\u00e1mite de manera completamente online en el sitio web <\/i><a href=\"http:\/\/www.junaeb.cl\/\" target=\"_blank\" rel=\"noopener noreferrer\"><i>www.junaeb.cl<\/i><\/a><i>, donde tambi\u00e9n se encuentran todos los requisitos para cada beca en particular.<\/i><\/p>\n<p class=\"v1MsoNormal\" style=\"text-align: justify;\">Con el objetivo de apoyar a las y los estudiantes de educaci\u00f3n b\u00e1sica, media y superior durante su proceso formativo y asegurar su permanencia en el sistema educacional, Junaeb realiz\u00f3 un llamado a renovar y\/o postular a las diferentes becas y programas de residencias con las que cuenta en su oferta program\u00e1tica.<\/p>\n<p class=\"v1MsoNormal\" style=\"text-align: justify;\">Ante la apertura del proceso 2024, el director regional de Junaeb, Manuel Vivar Aguila, coment\u00f3 que<span style=\"color: #000000;\">\u00a0<\/span><span style=\"color: #000000;\">\u00absomos conscientes del impacto que tienen las becas de mantenci\u00f3n para los estudiantes para su permanencia en el sistema escolar y proyecci\u00f3n en el sistema universitario, y particulamente en nuestra regi\u00f3n, considerando que nuestras caracter\u00edsticas de aislamiento condicionan a los estudiantes y sus familias para continuar su trayectoria educacional. En este sentido, estamos cumpliendo el desaf\u00edo de habilitar el sistema de postulaci\u00f3n de forma oportuna, de manera que los estudiantes con antelaci\u00f3n y calma puedan revisar, analizar y completar su proceso de postulaci\u00f3n\u00bb<\/span>,\u00a0concluy\u00f3 el director regional.<\/p>\n<p style=\"text-align: justify;\">Respecto a los requisitos, cada una de las becas tienen cupos limitados, donde Junaeb elabora una priorizaci\u00f3n para cada programa e identifica a las y los estudiantes que cumplen los requisitos, como, por ejemplo, ser alumno regular y tener registro social de hogares con un determinado nivel de calificaci\u00f3n socioecon\u00f3mica, seg\u00fan la beca que corresponda. En este contexto, el director regional complement\u00f3:\u00a0\u00abParticularmente para las becas de educaci\u00f3n superior, es importante que en esta etapa los estudiantes junto a sus familias comprendan bien los requisitos y las implicancias de postular y acceder a una determinada beca, lo que debe ser un insumo importante a tener en cuenta en la decisi\u00f3n final de estudiar una determinada carrera y el lugar donde\u00a0 cursarla\u00bb.\u00a0Todos los requisitos y excepciones por cada beca se pueden revisar en\u00a0<a href=\"http:\/\/www.junaeb.cl\/\">www.junaeb.cl<\/a><\/p>\n<p style=\"text-align: justify;\">En cuanto al proceso de postulaci\u00f3n, es importante que los estudiantes revisen y se aseguren de recibir su comprobante de renovaci\u00f3n o postulaci\u00f3n, para tener el respaldo respectivo, y para que de esa forma tambi\u00e9n, se informen sobre si deben presentar documentos complementarios para concluir su solicitud de becas.<\/p>\n<p class=\"v1MsoNormal\" style=\"text-align: justify;\">Para postular o renovar las becas, los estudiantes deben ingresar al sitio\u00a0<a href=\"http:\/\/www.junaeb.cl\/\" target=\"_blank\" rel=\"noopener noreferrer\">www.junaeb.cl<\/a><span class=\"v1gmail-MsoHyperlink\">\u00a0o directamente en\u00a0<a href=\"http:\/\/portalbecas.junaeb.cl\/\" target=\"_blank\" rel=\"noopener noreferrer\">portalbecas.junaeb.cl<\/a>\u00a0<\/span>donde deber\u00e1n crear un usuario con un correo electr\u00f3nico actualizado y de uso personal. Esto es fundamental, ya que por esa v\u00eda Junaeb enviar\u00e1 la informaci\u00f3n necesaria de avances, asignaci\u00f3n o rechazo del beneficio.<\/p>\n<\/div><\/section><\/div><div  style='height:50px' class='hr hr-invisible   avia-builder-el-6  el_after_av_one_full  el_before_av_social_share '><span class='hr-inner ' ><span class='hr-inner-style'><\/span><\/span><\/div><\/p>\n<div  class='av-social-sharing-box  avia-builder-el-7  el_after_av_hr  el_before_av_hr  '><div class='av-share-box'><h5 class='av-share-link-description av-no-toc '>Compartir esta noticia<\/h5><ul class='av-share-box-list noLightbox'><li class='av-share-link av-social-link-facebook' ><a target=\"_blank\" aria-label=\"Compartir en Facebook\" href='https:\/\/www.facebook.com\/sharer.php?u=https:\/\/radiorevelacionfm.cl\/?p=37350&#038;t=Por%20primera%20vez%20Junaeb%20anuncia%20apertura%20temprana%20del%20Portal%20de%20Postulaci%C3%B3n%20y%20Renovaci%C3%B3n%20para%20sus%20programas%20de%20becas%20y%20residencias%20periodo%202024' aria-hidden='false' data-av_icon='\ue8f3' data-av_iconfont='entypo-fontello' title='' data-avia-related-tooltip='Compartir en Facebook' rel=\"noopener\"><span class='avia_hidden_link_text'>Compartir en Facebook<\/span><\/a><\/li><li class='av-share-link av-social-link-twitter' ><a target=\"_blank\" aria-label=\"Compartir en Twitter\" href='https:\/\/twitter.com\/share?text=Por%20primera%20vez%20Junaeb%20anuncia%20apertura%20temprana%20del%20Portal%20de%20Postulaci%C3%B3n%20y%20Renovaci%C3%B3n%20para%20sus%20programas%20de%20becas%20y%20residencias%20periodo%202024&#038;url=https:\/\/radiorevelacionfm.cl\/?p=37350' aria-hidden='false' data-av_icon='\ue8f1' data-av_iconfont='entypo-fontello' title='' data-avia-related-tooltip='Compartir en Twitter' rel=\"noopener\"><span class='avia_hidden_link_text'>Compartir en Twitter<\/span><\/a><\/li><li class='av-share-link av-social-link-whatsapp' ><a target=\"_blank\" aria-label=\"Compartir en Whatsapp\" href='https:\/\/api.whatsapp.com\/send?text=https:\/\/radiorevelacionfm.cl\/?p=37350' aria-hidden='false' data-av_icon='\uf232' data-av_iconfont='entypo-fontello' title='' data-avia-related-tooltip='Compartir en Whatsapp' rel=\"noopener\"><span class='avia_hidden_link_text'>Compartir en Whatsapp<\/span><\/a><\/li><li class='av-share-link av-social-link-linkedin' ><a target=\"_blank\" aria-label=\"Compartir en LinkedIn\" href='https:\/\/linkedin.com\/shareArticle?mini=true&#038;title=Por%20primera%20vez%20Junaeb%20anuncia%20apertura%20temprana%20del%20Portal%20de%20Postulaci%C3%B3n%20y%20Renovaci%C3%B3n%20para%20sus%20programas%20de%20becas%20y%20residencias%20periodo%202024&#038;url=https:\/\/radiorevelacionfm.cl\/?p=37350' aria-hidden='false' data-av_icon='\ue8fc' data-av_iconfont='entypo-fontello' title='' data-avia-related-tooltip='Compartir en LinkedIn' rel=\"noopener\"><span class='avia_hidden_link_text'>Compartir en LinkedIn<\/span><\/a><\/li><li class='av-share-link av-social-link-mail' ><a  aria-label=\"Compartir por correo\" href='mailto:?subject=Por%20primera%20vez%20Junaeb%20anuncia%20apertura%20temprana%20del%20Portal%20de%20Postulaci%C3%B3n%20y%20Renovaci%C3%B3n%20para%20sus%20programas%20de%20becas%20y%20residencias%20periodo%202024&#038;body=https:\/\/radiorevelacionfm.cl\/?p=37350' aria-hidden='false' data-av_icon='\ue805' data-av_iconfont='entypo-fontello' title='' data-avia-related-tooltip='Compartir por correo'><span class='avia_hidden_link_text'>Compartir por correo<\/span><\/a><\/li><\/ul><\/div><\/div>\n<div  style='height:50px' class='hr hr-invisible   avia-builder-el-8  el_after_av_social_share  el_before_av_comments_list '><span class='hr-inner ' ><span class='hr-inner-style'><\/span><\/span><\/div>\n<div  class='av-buildercomment  av-blog-meta-html-info-disabled av-blog-meta-tag-disabled  '><\/div>\n","protected":false},"excerpt":{"rendered":"","protected":false},"author":1,"featured_media":37351,"comment_status":"open","ping_status":"open","sticky":false,"template":"","format":"standard","meta":{"footnotes":""},"categories":[49],"tags":[],"class_list":["post-37350","post","type-post","status-publish","format-standard","has-post-thumbnail","hentry","category-educacion"],"jetpack_featured_media_url":"https:\/\/radiorevelacionfm.cl\/wp-content\/uploads\/2023\/11\/junaeb-becas-1_optimized-1.jpeg","_links":{"self":[{"href":"https:\/\/radiorevelacionfm.cl\/index.php?rest_route=\/wp\/v2\/posts\/37350","targetHints":{"allow":["GET"]}}],"collection":[{"href":"https:\/\/radiorevelacionfm.cl\/index.php?rest_route=\/wp\/v2\/posts"}],"about":[{"href":"https:\/\/radiorevelacionfm.cl\/index.php?rest_route=\/wp\/v2\/types\/post"}],"author":[{"embeddable":true,"href":"https:\/\/radiorevelacionfm.cl\/index.php?rest_route=\/wp\/v2\/users\/1"}],"replies":[{"embeddable":true,"href":"https:\/\/radiorevelacionfm.cl\/index.php?rest_route=%2Fwp%2Fv2%2Fcomments&post=37350"}],"version-history":[{"count":2,"href":"https:\/\/radiorevelacionfm.cl\/index.php?rest_route=\/wp\/v2\/posts\/37350\/revisions"}],"predecessor-version":[{"id":37356,"href":"https:\/\/radiorevelacionfm.cl\/index.php?rest_route=\/wp\/v2\/posts\/37350\/revisions\/37356"}],"wp:featuredmedia":[{"embeddable":true,"href":"https:\/\/radiorevelacionfm.cl\/index.php?rest_route=\/wp\/v2\/media\/37351"}],"wp:attachment":[{"href":"https:\/\/radiorevelacionfm.cl\/index.php?rest_route=%2Fwp%2Fv2%2Fmedia&parent=37350"}],"wp:term":[{"taxonomy":"category","embeddable":true,"href":"https:\/\/radiorevelacionfm.cl\/index.php?rest_route=%2Fwp%2Fv2%2Fcategories&post=37350"},{"taxonomy":"post_tag","embeddable":true,"href":"https:\/\/radiorevelacionfm.cl\/index.php?rest_route=%2Fwp%2Fv2%2Ftags&post=37350"}],"curies":[{"name":"wp","href":"https:\/\/api.w.org\/{rel}","templated":true}]}}