{"id":3735,"date":"2021-05-03T11:21:50","date_gmt":"2021-05-03T14:21:50","guid":{"rendered":"https:\/\/radiorevelacionfm.cl\/?p=3735"},"modified":"2021-05-03T11:21:50","modified_gmt":"2021-05-03T14:21:50","slug":"por-falta-de-mantencion-en-sistemas-fotovoltaicos-familias-rurales-se-estan-quedando-a-oscuras-en-la-provincia-capitan-prat","status":"publish","type":"post","link":"https:\/\/radiorevelacionfm.cl\/?p=3735","title":{"rendered":"Por falta de mantenci\u00f3n en Sistemas Fotovoltaicos familias rurales se est\u00e1n quedando a oscuras en la Provincia Capit\u00e1n Prat"},"content":{"rendered":"<div class=\"flex_column av_one_full  flex_column_div av-zero-column-padding first  avia-builder-el-0  el_before_av_one_full  avia-builder-el-first  \" style='border-radius:0px; '><div  class='avia-image-container  av-styling-    avia-builder-el-1  avia-builder-el-no-sibling  avia-align-center '  itemprop=\"image\" itemscope=\"itemscope\" itemtype=\"https:\/\/schema.org\/ImageObject\"  ><div class='avia-image-container-inner'><div class='avia-image-overlay-wrap'><img decoding=\"async\" class='wp-image-0 avia-img-lazy-loading-not-0 avia_image' src=\"https:\/\/radiorevelacionfm.cl\/wp-content\/uploads\/2021\/05\/panel-solar-c_optimized.prat_.jpg\" alt='' title=''   itemprop=\"thumbnailUrl\"  \/><\/div><\/div><\/div><\/div><div class=\"flex_column av_one_full  flex_column_div av-zero-column-padding first  avia-builder-el-2  el_after_av_one_full  el_before_av_one_full  column-top-margin\" style='border-radius:0px; '><section class=\"av_textblock_section \"  itemscope=\"itemscope\" itemtype=\"https:\/\/schema.org\/BlogPosting\" itemprop=\"blogPost\" ><div class='avia_textblock  '   itemprop=\"text\" ><p style=\"text-align: center;\"><strong><span style=\"font-size: 18pt;\">Por falta de mantenci\u00f3n en Sistemas Fotovoltaicos familias rurales se est\u00e1n quedando a oscuras en la Provincia Capit\u00e1n Prat<\/span><\/strong><\/p>\n<div id=\"gtx-trans\" style=\"position: absolute; left: -50px; top: 4.31534px;\">\n<div class=\"gtx-trans-icon\"><\/div>\n<\/div>\n<\/div><\/section><\/div><div class=\"flex_column av_one_full  flex_column_div av-zero-column-padding first  avia-builder-el-4  el_after_av_one_full  el_before_av_hr  column-top-margin\" style='border-radius:0px; '><section class=\"av_textblock_section \"  itemscope=\"itemscope\" itemtype=\"https:\/\/schema.org\/BlogPosting\" itemprop=\"blogPost\" ><div class='avia_textblock  '   itemprop=\"text\" ><p style=\"text-align: justify;\">El concejal de Cochrane, Miguel Aravena Torres, manifest\u00f3 su preocupaci\u00f3n por la situaci\u00f3n que viven decenas de familias en la Provincia Capit\u00e1n Prat, las que el a\u00f1o 2009, fueron beneficiarias de un proyecto in\u00e9dito en la regi\u00f3n, instal\u00e1ndose 90 soluciones fotovoltaicas, orientadas a proveer de energ\u00eda el\u00e9ctrica a viviendas del sector rural, con un alto grado de aislamiento, a las cuales por su lejan\u00eda no s\u00e9 puede llegar con el sistema de extensi\u00f3n de red y que hoy se est\u00e1n quedando a oscuras por falta de mantenci\u00f3n.<\/p>\n<p style=\"text-align: justify;\">Record\u00f3 Aravena, que en este primer proyecto se invirtieron alrededor de 300 millones de pesos del Fondo Nacional de Desarrollo Regional, FDNR, pero trascurridos casi 12 a\u00f1os no ha existido a la fecha la mantenci\u00f3n de los sistemas, los que se han ido deteriorando por el paso del tiempo, siendo m\u00e1s notorio y preocupante el natural desgaste del banco de bater\u00edas, pensados a lo mucho en una vida \u00fatil de no m\u00e1s de 10 a\u00f1os.<\/p>\n<p style=\"text-align: justify;\">Esta necesidad, que conoce muy de cerca el Concejal, quien \u00a0estuvo en las g\u00e9nesis del primer proyecto provincial,\u00a0 qued\u00f3 en evidencia al visitar a estas familias de sectores rurales, quienes manifestaron su malestar por el poco compromiso de las autoridades, para lograr un proyecto que permita la mantenci\u00f3n de estos\u00a0 sistemas, siendo lo m\u00e1s urgente el recambio de las bater\u00edas, indic\u00f3.<\/p>\n<p style=\"text-align: justify;\">Adem\u00e1s se verific\u00f3 en terreno, anomal\u00edas en un segundo proyecto financiado tambi\u00e9n con recursos del FNDR, donde en algunos casos las soluciones nunca funcionaron, pese a contar con tecnolog\u00eda m\u00e1s avanzada que en el primer proyecto.<\/p>\n<p style=\"text-align: justify;\">\u201cEs impresentable que las autoridades lleven m\u00e1s de 3 a\u00f1os elaborando un catastro y diagn\u00f3stico para resolver esta situaci\u00f3n, esto sin duda ha llevado a \u00a0desmejorar \u00a0la calidad de vida de estas familias, que lograron el beneficio con la esperanza de contar con las condiciones m\u00ednimas que les permitieran aportar al desarrollo de sus comunas desde el mundo rural\u201d. Enfatiz\u00f3.<\/p>\n<p style=\"text-align: justify;\">Finalmente, el Concejal Aravena, record\u00f3 \u00a0un anuncio hecho por autoridades locales y regionales, en torno a levantar \u00a0una iniciativa en esta materia, en\u00a0 el Plan de Zonas de Rezago de la Provincia de los Glaciares, aprobado por el Gobierno Regional en abril 2020, que contemplar\u00eda la reposici\u00f3n de los sistemas fotovoltaicos, con un presupuesto estimado de 1.497 millones de pesos y que se abordar\u00eda este a\u00f1o, por tanto: \u201cse hace necesario y urgente que las autoridades cumplan con lo informado, con lo comprometido\u00a0 ante comunidad, y as\u00ed devolver la esperanza a tantas familias que viven en condiciones de aislamiento y rezago en el extremo sur de nuestra regi\u00f3n.<\/p>\n<\/div><\/section><\/div><div  style='height:50px' class='hr hr-invisible   avia-builder-el-6  el_after_av_one_full  el_before_av_social_share '><span class='hr-inner ' ><span class='hr-inner-style'><\/span><\/span><\/div><\/p>\n<div  class='av-social-sharing-box  avia-builder-el-7  el_after_av_hr  el_before_av_hr  '><div class='av-share-box'><h5 class='av-share-link-description av-no-toc '>Compartir esta noticia<\/h5><ul class='av-share-box-list noLightbox'><li class='av-share-link av-social-link-facebook' ><a target=\"_blank\" aria-label=\"Compartir en Facebook\" href='https:\/\/www.facebook.com\/sharer.php?u=https:\/\/radiorevelacionfm.cl\/?p=3735&#038;t=Por%20falta%20de%20mantenci%C3%B3n%20en%20Sistemas%20Fotovoltaicos%20familias%20rurales%20se%20est%C3%A1n%20quedando%20a%20oscuras%20en%20la%20Provincia%20Capit%C3%A1n%20Prat' aria-hidden='false' data-av_icon='\ue8f3' data-av_iconfont='entypo-fontello' title='' data-avia-related-tooltip='Compartir en Facebook' rel=\"noopener\"><span class='avia_hidden_link_text'>Compartir en Facebook<\/span><\/a><\/li><li class='av-share-link av-social-link-twitter' ><a target=\"_blank\" aria-label=\"Compartir en Twitter\" href='https:\/\/twitter.com\/share?text=Por%20falta%20de%20mantenci%C3%B3n%20en%20Sistemas%20Fotovoltaicos%20familias%20rurales%20se%20est%C3%A1n%20quedando%20a%20oscuras%20en%20la%20Provincia%20Capit%C3%A1n%20Prat&#038;url=https:\/\/radiorevelacionfm.cl\/?p=3735' aria-hidden='false' data-av_icon='\ue8f1' data-av_iconfont='entypo-fontello' title='' data-avia-related-tooltip='Compartir en Twitter' rel=\"noopener\"><span class='avia_hidden_link_text'>Compartir en Twitter<\/span><\/a><\/li><li class='av-share-link av-social-link-whatsapp' ><a target=\"_blank\" aria-label=\"Compartir en Whatsapp\" href='https:\/\/api.whatsapp.com\/send?text=https:\/\/radiorevelacionfm.cl\/?p=3735' aria-hidden='false' data-av_icon='\uf232' data-av_iconfont='entypo-fontello' title='' data-avia-related-tooltip='Compartir en Whatsapp' rel=\"noopener\"><span class='avia_hidden_link_text'>Compartir en Whatsapp<\/span><\/a><\/li><li class='av-share-link av-social-link-linkedin' ><a target=\"_blank\" aria-label=\"Compartir en LinkedIn\" href='https:\/\/linkedin.com\/shareArticle?mini=true&#038;title=Por%20falta%20de%20mantenci%C3%B3n%20en%20Sistemas%20Fotovoltaicos%20familias%20rurales%20se%20est%C3%A1n%20quedando%20a%20oscuras%20en%20la%20Provincia%20Capit%C3%A1n%20Prat&#038;url=https:\/\/radiorevelacionfm.cl\/?p=3735' aria-hidden='false' data-av_icon='\ue8fc' data-av_iconfont='entypo-fontello' title='' data-avia-related-tooltip='Compartir en LinkedIn' rel=\"noopener\"><span class='avia_hidden_link_text'>Compartir en LinkedIn<\/span><\/a><\/li><li class='av-share-link av-social-link-mail' ><a  aria-label=\"Compartir por correo\" href='mailto:?subject=Por%20falta%20de%20mantenci%C3%B3n%20en%20Sistemas%20Fotovoltaicos%20familias%20rurales%20se%20est%C3%A1n%20quedando%20a%20oscuras%20en%20la%20Provincia%20Capit%C3%A1n%20Prat&#038;body=https:\/\/radiorevelacionfm.cl\/?p=3735' aria-hidden='false' data-av_icon='\ue805' data-av_iconfont='entypo-fontello' title='' data-avia-related-tooltip='Compartir por correo'><span class='avia_hidden_link_text'>Compartir por correo<\/span><\/a><\/li><\/ul><\/div><\/div>\n<div  style='height:50px' class='hr hr-invisible   avia-builder-el-8  el_after_av_social_share  el_before_av_comments_list '><span class='hr-inner ' ><span class='hr-inner-style'><\/span><\/span><\/div>\n<div  class='av-buildercomment  av-blog-meta-html-info-disabled av-blog-meta-tag-disabled  '><\/div>\n","protected":false},"excerpt":{"rendered":"","protected":false},"author":1,"featured_media":0,"comment_status":"open","ping_status":"open","sticky":false,"template":"","format":"standard","meta":{"footnotes":""},"categories":[38],"tags":[],"class_list":["post-3735","post","type-post","status-publish","format-standard","hentry","category-regional"],"jetpack_featured_media_url":"","_links":{"self":[{"href":"https:\/\/radiorevelacionfm.cl\/index.php?rest_route=\/wp\/v2\/posts\/3735","targetHints":{"allow":["GET"]}}],"collection":[{"href":"https:\/\/radiorevelacionfm.cl\/index.php?rest_route=\/wp\/v2\/posts"}],"about":[{"href":"https:\/\/radiorevelacionfm.cl\/index.php?rest_route=\/wp\/v2\/types\/post"}],"author":[{"embeddable":true,"href":"https:\/\/radiorevelacionfm.cl\/index.php?rest_route=\/wp\/v2\/users\/1"}],"replies":[{"embeddable":true,"href":"https:\/\/radiorevelacionfm.cl\/index.php?rest_route=%2Fwp%2Fv2%2Fcomments&post=3735"}],"version-history":[{"count":1,"href":"https:\/\/radiorevelacionfm.cl\/index.php?rest_route=\/wp\/v2\/posts\/3735\/revisions"}],"predecessor-version":[{"id":3737,"href":"https:\/\/radiorevelacionfm.cl\/index.php?rest_route=\/wp\/v2\/posts\/3735\/revisions\/3737"}],"wp:attachment":[{"href":"https:\/\/radiorevelacionfm.cl\/index.php?rest_route=%2Fwp%2Fv2%2Fmedia&parent=3735"}],"wp:term":[{"taxonomy":"category","embeddable":true,"href":"https:\/\/radiorevelacionfm.cl\/index.php?rest_route=%2Fwp%2Fv2%2Fcategories&post=3735"},{"taxonomy":"post_tag","embeddable":true,"href":"https:\/\/radiorevelacionfm.cl\/index.php?rest_route=%2Fwp%2Fv2%2Ftags&post=3735"}],"curies":[{"name":"wp","href":"https:\/\/api.w.org\/{rel}","templated":true}]}}