{"id":37347,"date":"2023-11-24T19:23:09","date_gmt":"2023-11-24T22:23:09","guid":{"rendered":"https:\/\/radiorevelacionfm.cl\/?p=37347"},"modified":"2023-11-24T19:23:09","modified_gmt":"2023-11-24T22:23:09","slug":"zapatos-morados-un-recuerdo-por-las-que-ya-no-estan","status":"publish","type":"post","link":"https:\/\/radiorevelacionfm.cl\/?p=37347","title":{"rendered":"\u201cZapatos Morados\u201d un recuerdo por las que ya no est\u00e1n"},"content":{"rendered":"<div class=\"flex_column av_one_full  flex_column_div av-zero-column-padding first  avia-builder-el-0  el_before_av_one_full  avia-builder-el-first  \" style='border-radius:0px; '><div  class='avia-image-container  av-styling-    avia-builder-el-1  avia-builder-el-no-sibling  avia-align-center '  itemprop=\"image\" itemscope=\"itemscope\" itemtype=\"https:\/\/schema.org\/ImageObject\"  ><div class='avia-image-container-inner'><div class='avia-image-overlay-wrap'><img decoding=\"async\" class='wp-image-37348 avia-img-lazy-loading-not-37348 avia_image' src=\"https:\/\/radiorevelacionfm.cl\/wp-content\/uploads\/2023\/11\/zapatos-morados-3-1_optimized-1.jpg\" alt='' title='zapatos-morados-3-(1)_optimized (1)' height=\"600\" width=\"800\"  itemprop=\"thumbnailUrl\" srcset=\"https:\/\/radiorevelacionfm.cl\/wp-content\/uploads\/2023\/11\/zapatos-morados-3-1_optimized-1.jpg 800w, https:\/\/radiorevelacionfm.cl\/wp-content\/uploads\/2023\/11\/zapatos-morados-3-1_optimized-1-300x225.jpg 300w, https:\/\/radiorevelacionfm.cl\/wp-content\/uploads\/2023\/11\/zapatos-morados-3-1_optimized-1-768x576.jpg 768w, https:\/\/radiorevelacionfm.cl\/wp-content\/uploads\/2023\/11\/zapatos-morados-3-1_optimized-1-705x529.jpg 705w, https:\/\/radiorevelacionfm.cl\/wp-content\/uploads\/2023\/11\/zapatos-morados-3-1_optimized-1-450x338.jpg 450w, https:\/\/radiorevelacionfm.cl\/wp-content\/uploads\/2023\/11\/zapatos-morados-3-1_optimized-1-600x450.jpg 600w\" sizes=\"(max-width: 800px) 100vw, 800px\" \/><\/div><\/div><\/div><\/div><div class=\"flex_column av_one_full  flex_column_div av-zero-column-padding first  avia-builder-el-2  el_after_av_one_full  el_before_av_one_full  column-top-margin\" style='border-radius:0px; '><section class=\"av_textblock_section \"  itemscope=\"itemscope\" itemtype=\"https:\/\/schema.org\/BlogPosting\" itemprop=\"blogPost\" ><div class='avia_textblock  '   itemprop=\"text\" ><p style=\"text-align: center;\"><strong><span style=\"font-size: 18pt;\">\u201cZapatos Morados\u201d un recuerdo por las que ya no est\u00e1n<\/span><\/strong><\/p>\n<div id=\"gtx-trans\" style=\"position: absolute; left: -50px; top: 4.31534px;\">\n<div class=\"gtx-trans-icon\"><\/div>\n<\/div>\n<\/div><\/section><\/div><div class=\"flex_column av_one_full  flex_column_div av-zero-column-padding first  avia-builder-el-4  el_after_av_one_full  el_before_av_hr  column-top-margin\" style='border-radius:0px; '><section class=\"av_textblock_section \"  itemscope=\"itemscope\" itemtype=\"https:\/\/schema.org\/BlogPosting\" itemprop=\"blogPost\" ><div class='avia_textblock  '   itemprop=\"text\" ><p style=\"text-align: justify;\">El pasado jueves 23 de noviembre en dependencias de la Biblioteca p\u00fablica de Puerto Ays\u00e9n, se realiz\u00f3 el encuentro \u201cZapatos Morados\u201d, una instancia en la que se invit\u00f3 al p\u00fablico infantil y juvenil de la ciudad para reciclar calzado viejo para aportar a la causa simb\u00f3lica para la sensibilizaci\u00f3n sobre los femicidios.<\/p>\n<p style=\"text-align: justify;\">La actividad se realiz\u00f3 en el marco de la proximidad del 25 de noviembre o el D\u00eda Internacional para la Eliminaci\u00f3n de la Violencia Contra la Mujer, es por esto que el Programa de prevenci\u00f3n en VCM, en conjunto al Instituto Nacional de Derechos Humanos y la Mesa Intersectorial en VCM; decidieron preparar este y otros eventos con el fin de sensibilizar y concientizar sobre este problema latente.<\/p>\n<p style=\"text-align: justify;\">La ocasi\u00f3n tuvo la presencia de la Seremi de la Mujer y la Equidad de G\u00e9nero de Ays\u00e9n, Andrea M\u00e9ndez Valenzuela, que felicit\u00f3 a las organizadoras, esta es una de las primeras actividades que tenemos a nivel regional en torno a la conmemoraci\u00f3n del 25 de noviembre. Vemos harto cari\u00f1o y convicci\u00f3n por parte de las personas que prepararon esta instancia y eso como gobierno nos da orgullo, porque justamente es el horizonte que queremos tratar de la gesti\u00f3n p\u00fablica, que est\u00e9 al servicio de atender diligentemente una problem\u00e1tica tan grave como la violencia contra las mujeres\u201d.<\/p>\n<p style=\"text-align: justify;\">Adem\u00e1s de la figura hecha con los zapatos morados, tambi\u00e9n se instalaron varios puestos de distintas organizaciones afines, como la oficina Local de la Ni\u00f1ez, Prodemu o la corporaci\u00f3n Opci\u00f3n.<\/p>\n<p style=\"text-align: justify;\">El Jefe Regional del Instituto Nacional de DDHH, Joaqu\u00edn Bizama, igualmente se encontraba en el lugar e hizo un llamado a toda la comunidad, \u201cla actividad se desarroll\u00f3 excelentemente, estamos felices de que hayan podido venir estudiantes y se hayan podido informar respecto d\u00f3nde poder acudir en caso de verse objeto de agravio, en este sentido queremos resaltar que estamos tratando de erradicar todo tipo de violencia, esto es un tema transversal, pero las mujeres particularmente son objeto de distintos tipos de abusos\u201d.<\/p>\n<p style=\"text-align: justify;\">\u201cZapatos Morados\u201d fue la segunda de las tres actividades conmemorativas en torno al 25N. La primera fue el proyecto radial \u201cSin Mochila\u201d en Panor\u00e1mica Informativa, mientras que el s\u00e1bado 25 se realizar\u00e1 el \u201cSomos el coraz\u00f3n de las que ya no est\u00e1n\u201d, en el que se realizar\u00e1 un acto teatral y musical, igualmente a realizar en la Plaza del Reloj.<\/p>\n<\/div><\/section><\/div><div  style='height:50px' class='hr hr-invisible   avia-builder-el-6  el_after_av_one_full  el_before_av_social_share '><span class='hr-inner ' ><span class='hr-inner-style'><\/span><\/span><\/div><\/p>\n<div  class='av-social-sharing-box  avia-builder-el-7  el_after_av_hr  el_before_av_hr  '><div class='av-share-box'><h5 class='av-share-link-description av-no-toc '>Compartir esta noticia<\/h5><ul class='av-share-box-list noLightbox'><li class='av-share-link av-social-link-facebook' ><a target=\"_blank\" aria-label=\"Compartir en Facebook\" href='https:\/\/www.facebook.com\/sharer.php?u=https:\/\/radiorevelacionfm.cl\/?p=37347&#038;t=%E2%80%9CZapatos%20Morados%E2%80%9D%20un%20recuerdo%20por%20las%20que%20ya%20no%20est%C3%A1n' aria-hidden='false' data-av_icon='\ue8f3' data-av_iconfont='entypo-fontello' title='' data-avia-related-tooltip='Compartir en Facebook' rel=\"noopener\"><span class='avia_hidden_link_text'>Compartir en Facebook<\/span><\/a><\/li><li class='av-share-link av-social-link-twitter' ><a target=\"_blank\" aria-label=\"Compartir en Twitter\" href='https:\/\/twitter.com\/share?text=%E2%80%9CZapatos%20Morados%E2%80%9D%20un%20recuerdo%20por%20las%20que%20ya%20no%20est%C3%A1n&#038;url=https:\/\/radiorevelacionfm.cl\/?p=37347' aria-hidden='false' data-av_icon='\ue8f1' data-av_iconfont='entypo-fontello' title='' data-avia-related-tooltip='Compartir en Twitter' rel=\"noopener\"><span class='avia_hidden_link_text'>Compartir en Twitter<\/span><\/a><\/li><li class='av-share-link av-social-link-whatsapp' ><a target=\"_blank\" aria-label=\"Compartir en Whatsapp\" href='https:\/\/api.whatsapp.com\/send?text=https:\/\/radiorevelacionfm.cl\/?p=37347' aria-hidden='false' data-av_icon='\uf232' data-av_iconfont='entypo-fontello' title='' data-avia-related-tooltip='Compartir en Whatsapp' rel=\"noopener\"><span class='avia_hidden_link_text'>Compartir en Whatsapp<\/span><\/a><\/li><li class='av-share-link av-social-link-linkedin' ><a target=\"_blank\" aria-label=\"Compartir en LinkedIn\" href='https:\/\/linkedin.com\/shareArticle?mini=true&#038;title=%E2%80%9CZapatos%20Morados%E2%80%9D%20un%20recuerdo%20por%20las%20que%20ya%20no%20est%C3%A1n&#038;url=https:\/\/radiorevelacionfm.cl\/?p=37347' aria-hidden='false' data-av_icon='\ue8fc' data-av_iconfont='entypo-fontello' title='' data-avia-related-tooltip='Compartir en LinkedIn' rel=\"noopener\"><span class='avia_hidden_link_text'>Compartir en LinkedIn<\/span><\/a><\/li><li class='av-share-link av-social-link-mail' ><a  aria-label=\"Compartir por correo\" href='mailto:?subject=%E2%80%9CZapatos%20Morados%E2%80%9D%20un%20recuerdo%20por%20las%20que%20ya%20no%20est%C3%A1n&#038;body=https:\/\/radiorevelacionfm.cl\/?p=37347' aria-hidden='false' data-av_icon='\ue805' data-av_iconfont='entypo-fontello' title='' data-avia-related-tooltip='Compartir por correo'><span class='avia_hidden_link_text'>Compartir por correo<\/span><\/a><\/li><\/ul><\/div><\/div>\n<div  style='height:50px' class='hr hr-invisible   avia-builder-el-8  el_after_av_social_share  el_before_av_comments_list '><span class='hr-inner ' ><span class='hr-inner-style'><\/span><\/span><\/div>\n<div  class='av-buildercomment  av-blog-meta-html-info-disabled av-blog-meta-tag-disabled  '><\/div>\n","protected":false},"excerpt":{"rendered":"","protected":false},"author":1,"featured_media":37348,"comment_status":"open","ping_status":"open","sticky":false,"template":"","format":"standard","meta":{"footnotes":""},"categories":[38],"tags":[],"class_list":["post-37347","post","type-post","status-publish","format-standard","has-post-thumbnail","hentry","category-regional"],"jetpack_featured_media_url":"https:\/\/radiorevelacionfm.cl\/wp-content\/uploads\/2023\/11\/zapatos-morados-3-1_optimized-1.jpg","_links":{"self":[{"href":"https:\/\/radiorevelacionfm.cl\/index.php?rest_route=\/wp\/v2\/posts\/37347","targetHints":{"allow":["GET"]}}],"collection":[{"href":"https:\/\/radiorevelacionfm.cl\/index.php?rest_route=\/wp\/v2\/posts"}],"about":[{"href":"https:\/\/radiorevelacionfm.cl\/index.php?rest_route=\/wp\/v2\/types\/post"}],"author":[{"embeddable":true,"href":"https:\/\/radiorevelacionfm.cl\/index.php?rest_route=\/wp\/v2\/users\/1"}],"replies":[{"embeddable":true,"href":"https:\/\/radiorevelacionfm.cl\/index.php?rest_route=%2Fwp%2Fv2%2Fcomments&post=37347"}],"version-history":[{"count":1,"href":"https:\/\/radiorevelacionfm.cl\/index.php?rest_route=\/wp\/v2\/posts\/37347\/revisions"}],"predecessor-version":[{"id":37349,"href":"https:\/\/radiorevelacionfm.cl\/index.php?rest_route=\/wp\/v2\/posts\/37347\/revisions\/37349"}],"wp:featuredmedia":[{"embeddable":true,"href":"https:\/\/radiorevelacionfm.cl\/index.php?rest_route=\/wp\/v2\/media\/37348"}],"wp:attachment":[{"href":"https:\/\/radiorevelacionfm.cl\/index.php?rest_route=%2Fwp%2Fv2%2Fmedia&parent=37347"}],"wp:term":[{"taxonomy":"category","embeddable":true,"href":"https:\/\/radiorevelacionfm.cl\/index.php?rest_route=%2Fwp%2Fv2%2Fcategories&post=37347"},{"taxonomy":"post_tag","embeddable":true,"href":"https:\/\/radiorevelacionfm.cl\/index.php?rest_route=%2Fwp%2Fv2%2Ftags&post=37347"}],"curies":[{"name":"wp","href":"https:\/\/api.w.org\/{rel}","templated":true}]}}